{"id":8953,"date":"2018-08-14T13:44:56","date_gmt":"2018-08-14T11:44:56","guid":{"rendered":"http:\/\/www.ladislavjakl.cz\/?p=8953"},"modified":"2018-08-14T13:44:56","modified_gmt":"2018-08-14T11:44:56","slug":"klaus-odlozil-ruzove-triko-a-vytahl-jakla-s-darebnou-migraci-na-snezku-vysplhal-se-synem","status":"publish","type":"post","link":"https:\/\/www.ladislavjakl.cz\/?p=8953","title":{"rendered":"Klaus odlo\u017eil r\u016f\u017eov\u00e9 triko a vyt\u00e1hl Jakla s darebnou migrac\u00ed. Na Sn\u011b\u017eku vy\u0161plhal se synem"},"content":{"rendered":"<p>Chce zvednout prapor proti darebn\u00e9 masov\u00e9 migraci, chv\u00e1lil exprezident V\u00e1clav Klaus dle iDnes.cz p\u0159i v\u00fdstupu na Sn\u011b\u017eku sv\u00e9ho n\u011bkdej\u0161\u00edho hradn\u00edho mu\u017ee Ladislava Jakla, kter\u00fd se chyst\u00e1 kandidovat do Sen\u00e1tu za SPD. Exprezidenta p\u0159i pouti doprovodil jeho syn V\u00e1clav Klaus mlad\u0161\u00ed, toho \u010dasu poslanec za ODS. Na rozd\u00edl od lo\u0148ska se musel Klaus p\u0159iobl\u00e9ci. Navzdory trop\u016fm p\u0159edchoz\u00edch dn\u00ed bylo nyn\u00ed 10 stup\u0148\u016f a de\u0161tivo. Ani na r\u016f\u017eov\u00fd lo\u0148sk\u00fd outfit nedo\u0161lo, exprezident volil m\u00e9n\u011b v\u00fdrazn\u00e9 barvy.<\/p>\n<p><!--more--><\/p>\n<p>Stovky lid\u00ed dnes zam\u00ed\u0159ily na nejvy\u0161\u0161\u00ed horu \u010cesk\u00e9 republiky Sn\u011b\u017eku, kde se uskute\u010dnila tradi\u010dn\u00ed Svatovav\u0159ineck\u00e1 pou\u0165.&nbsp;<strong>Po vln\u011b veder v uplynul\u00fdch dnech, kdy i v Krkono\u0161\u00edch teploty vysoko p\u0159esahovaly 20 stup\u0148\u016f Celsia, poutn\u00edci stoupali na Sn\u011b\u017eku v mnohem chladn\u011bj\u0161\u00edm po\u010das\u00ed.<\/strong><\/p>\n<h2>Klaus: Je\u0161t\u011b jsem to u\u0161el<\/h2>\n<p>Na vrcholu Sn\u011b\u017eky bylo v poledne zata\u017eeno, kolem deseti stup\u0148\u016f.<strong>&nbsp;Vystoupal tam tak\u00e9 b\u00fdval\u00fd prezident&nbsp;<a class=\"celebrity celebwiki\" href=\"http:\/\/celebwiki.blesk.cz\/osobnost\/1721\/vaclav-klaus\/\" target=\"_blank\" rel=\"noopener\">V\u00e1clav Klaus<\/a>, tradi\u010dn\u00ed \u00fa\u010dastn\u00edk t\u00e9to pouti.<\/strong>&nbsp;Na Sn\u011b\u017eku vyrazil z Lu\u010dn\u00ed boudy, u\u0161el tak zhruba \u010dty\u0159i kilometry v\u010detn\u011b z\u00e1v\u011bre\u010dn\u00e9ho ostr\u00e9ho stoup\u00e1n\u00ed na vrchol.<\/p>\n<p><strong>\u201eJe\u0161t\u011b jsem to u\u0161el, tak\u017ee jsem docela spokojen\u00fd,\u201c<\/strong>&nbsp;\u0159ekl pak \u010cTK Klaus. Podle n\u011bj se chladn\u011bj\u0161\u00ed po\u010das\u00ed odrazilo v ni\u017e\u0161\u00ed \u00fa\u010dasti. \u201eBylo t\u0159i m\u011bs\u00edce neuv\u011b\u0159iteln\u00e9 vedro a najednou lid\u00e9 zjistili, \u017ee m\u00e1 b\u00fdt \u0161patn\u011b. Poutn\u00edk\u016f je dnes tady daleko m\u00e9n\u011b,\u201c podotkl. Klause ve v\u00fdstupu podpo\u0159il a do turistick\u00e9ho se obl\u00e9kl i jeho syn&nbsp;<a class=\"celebrity celebwiki\" href=\"http:\/\/celebwiki.blesk.cz\/osobnost\/2365\/vaclav-klaus\/\" target=\"_blank\" rel=\"noopener\">V\u00e1clav Klaus mlad\u0161\u00ed<\/a>.<\/p>\n<h2>Podpo\u0159il Jakla v boji o Sen\u00e1t<\/h2>\n<p>Podporu Klaus star\u0161\u00ed p\u0159ed podzimn\u00edmi volbami do Sen\u00e1tu<strong>&nbsp;vyj\u00e1d\u0159il sv\u00e9mu n\u011bkdej\u0161\u00edmu poradci a b\u00fdval\u00e9mu \u0159editeli politick\u00e9ho odboru Klausovy hradn\u00ed kancel\u00e1\u0159e Ladislavu Jaklovi<\/strong>. Ten se do voleb rozhodl j\u00edt s podporou SPD. Klaus to ch\u00e1pe.<\/p>\n<p><strong>\u201eLadislav Jakl m\u00e1 m\u00e9 sympatie, proto\u017ee chce zvednout prapor tohoto t\u00e9matu, tedy darebnosti a nebezpe\u010dnosti masov\u00e9 migrace,\u201c<\/strong>&nbsp;\u0159ekl exprezident podle iDnes.cz.<\/p>\n<h2>Draho\u0161e a spol. by Klaus nevolil<\/h2>\n<p>Proti Jaklovi se postav\u00ed na Praze 2 mj. ne\u00fasp\u011b\u0161n\u00fd prezidentsk\u00fd kandid\u00e1t Marek&nbsp;<a class=\"celebrity celebwiki\" href=\"http:\/\/celebwiki.blesk.cz\/osobnost\/5017\/marek-hilser\/\" target=\"_blank\" rel=\"noopener\">Hil\u0161er<\/a>. Do volebn\u00edho boje p\u0159itom jdou i dal\u0161\u00ed mu\u017ei, kte\u0159\u00ed se pokusili p\u0159esv\u011bd\u010dit vol\u010die, \u017ee pr\u00e1v\u011b oni maj\u00ed b\u00fdt novou hlavou st\u00e1tu &#8211;&nbsp;<a class=\"celebrity celebwiki\" href=\"http:\/\/celebwiki.blesk.cz\/osobnost\/5020\/jiri-drahos-fyzikalni-chemik\/\" target=\"_blank\" rel=\"noopener\">Ji\u0159\u00ed Draho\u0161<\/a>,&nbsp;<a class=\"celebrity celebwiki\" href=\"http:\/\/celebwiki.blesk.cz\/osobnost\/5378\/pavel-fischer\/\" target=\"_blank\" rel=\"noopener\">Pavel Fischer<\/a>,&nbsp;<a class=\"celebrity celebwiki\" href=\"http:\/\/celebwiki.blesk.cz\/osobnost\/5349\/petr-hannig\/\" target=\"_blank\" rel=\"noopener\">Petr Hannig<\/a>&nbsp;\u010di&nbsp;<a class=\"celebrity celebwiki\" href=\"http:\/\/celebwiki.blesk.cz\/osobnost\/5351\/jiri-hynek\/\" target=\"_blank\" rel=\"noopener\">Ji\u0159\u00ed Hynek<\/a>.<\/p>\n<p><strong>\u201eJsou to lid\u00e9, kte\u0159\u00ed se cht\u011bj\u00ed anga\u017eovat v politice. Nevy\u0161la jim prezidentsk\u00e1 kandidatura, tak to zkou\u0161ej\u00ed o patro n\u00ed\u017e,\u201c&nbsp;<\/strong>\u0159ekl k nim Klaus. Podle n\u011bj maj\u00ed tito kandid\u00e1ti ur\u010ditou v\u00fdhodu v tom, \u017ee se pro b\u011b\u017en\u00e9 vol\u010die stali zn\u00e1mn\u011bj\u0161\u00edmi. \u201eNikdo z nich nepat\u0159\u00ed do okruhu lid\u00ed, kter\u00e9 j\u00e1 bych cht\u011bl volit,\u201c m\u00e1 v\u0161ak Klaus jasno.<\/p>\n<h2>Poutn\u00edky stihl lij\u00e1k<\/h2>\n<p>Poutn\u00edci na Sn\u011b\u017eku vy\u0161li r\u00e1no z Pece pod Sn\u011b\u017ekou, \u0160pindlerova Ml\u00fdna \u010di z Polska a kolem 11:00 se hlavn\u00ed proudy potkaly u Slezsk\u00e9ho domu.<strong>&nbsp;\u201ePo\u010das\u00ed nebylo nic moc, \u0159et\u011bzov\u00e1 cesta na Sn\u011b\u017ece byla docela kluzk\u00e1, zastihly n\u00e1s dva vydatn\u00e9 de\u0161t\u011b.<\/strong>&nbsp;Ale i tak to byl z\u00e1\u017eitek,\u201c \u0159ekl \u010cTK jeden z poutn\u00edk\u016f.<\/p>\n<div id=\"player_2400826_videoInArt-ad-overlay\" class=\"ad-overlayer-in\">\n<p>Tradi\u010dn\u00ed poutn\u00ed m\u0161i na vrcholu Sn\u011b\u017eky slou\u017eili kr\u00e1lov\u00e9hradeck\u00fd biskup Jan Vok\u00e1l a biskup z polsk\u00e9 Legnice Zbigniew Kiernikowski. Pro n\u00e1v\u0161t\u011bvn\u00edky je tak\u00e9 p\u0159ipraven\u00fd odpoledn\u00ed kulturn\u00ed program v Peci pod Sn\u011b\u017ekou.<\/p>\n<p><strong>Pou\u0165 na Sn\u011b\u017eku se kon\u00e1 tradi\u010dn\u011b na sv\u00e1tek svat\u00e9ho Vav\u0159ince, kter\u00fd je patronem nejen kucha\u0159\u016f, cukr\u00e1\u0159\u016f, pivovarn\u00edk\u016f \u010di hostinsk\u00fdch, ale i nejvy\u0161\u0161\u00edch \u010desk\u00fdch hor.<\/strong>Jm\u00e9no svat\u00e9ho Vav\u0159ince nese kaple, kter\u00e1 stoj\u00ed na vrcholu Sn\u011b\u017eky. Svat\u00fd Vav\u0159inec se narodil ve t\u0159et\u00edm stolet\u00ed ve \u0160pan\u011blsku a byl up\u00e1len na \u017eelezn\u00e9m ro\u0161tu proto, \u017ee po poprav\u011b pape\u017ee Sixta II. c\u00edsa\u0159em Valeri\u00e1nem rozd\u011blil c\u00edrkevn\u00ed poklady mezi prost\u00fd lid.<\/p>\n<p><a href=\"http:\/\/www.blesk.cz\/clanek\/zpravy-politika\/558689\/klaus-odlozil-ruzove-triko-a-vytahl-jakla-s-darebnou-migraci-na-snezku-vysplhal-se-synem.html\">Zdroj<\/a><\/p>\n<\/div>\n","protected":false},"excerpt":{"rendered":"<p>Chce zvednout prapor proti darebn\u00e9 masov\u00e9 migraci, chv\u00e1lil exprezident V\u00e1clav Klaus dle iDnes.cz p\u0159i v\u00fdstupu na Sn\u011b\u017eku sv\u00e9ho n\u011bkdej\u0161\u00edho hradn\u00edho mu\u017ee Ladislava Jakla, kter\u00fd se chyst\u00e1 kandidovat do Sen\u00e1tu za SPD. Exprezidenta p\u0159i pouti doprovodil jeho syn V\u00e1clav Klaus mlad\u0161\u00ed, toho \u010dasu poslanec za ODS. Na rozd\u00edl od lo\u0148ska se musel Klaus p\u0159iobl\u00e9ci. Navzdory trop\u016fm [&hellip;]<\/p>\n","protected":false},"author":1,"featured_media":0,"comment_status":"open","ping_status":"open","sticky":false,"template":"","format":"standard","meta":{"ngg_post_thumbnail":0,"footnotes":""},"categories":[11],"tags":[],"class_list":["post-8953","post","type-post","status-publish","format-standard","hentry","category-ozvena"],"_links":{"self":[{"href":"https:\/\/www.ladislavjakl.cz\/index.php?rest_route=\/wp\/v2\/posts\/8953","targetHints":{"allow":["GET"]}}],"collection":[{"href":"https:\/\/www.ladislavjakl.cz\/index.php?rest_route=\/wp\/v2\/posts"}],"about":[{"href":"https:\/\/www.ladislavjakl.cz\/index.php?rest_route=\/wp\/v2\/types\/post"}],"author":[{"embeddable":true,"href":"https:\/\/www.ladislavjakl.cz\/index.php?rest_route=\/wp\/v2\/users\/1"}],"replies":[{"embeddable":true,"href":"https:\/\/www.ladislavjakl.cz\/index.php?rest_route=%2Fwp%2Fv2%2Fcomments&post=8953"}],"version-history":[{"count":1,"href":"https:\/\/www.ladislavjakl.cz\/index.php?rest_route=\/wp\/v2\/posts\/8953\/revisions"}],"predecessor-version":[{"id":8954,"href":"https:\/\/www.ladislavjakl.cz\/index.php?rest_route=\/wp\/v2\/posts\/8953\/revisions\/8954"}],"wp:attachment":[{"href":"https:\/\/www.ladislavjakl.cz\/index.php?rest_route=%2Fwp%2Fv2%2Fmedia&parent=8953"}],"wp:term":[{"taxonomy":"category","embeddable":true,"href":"https:\/\/www.ladislavjakl.cz\/index.php?rest_route=%2Fwp%2Fv2%2Fcategories&post=8953"},{"taxonomy":"post_tag","embeddable":true,"href":"https:\/\/www.ladislavjakl.cz\/index.php?rest_route=%2Fwp%2Fv2%2Ftags&post=8953"}],"curies":[{"name":"wp","href":"https:\/\/api.w.org\/{rel}","templated":true}]}}