{"id":8955,"date":"2018-08-14T13:46:20","date_gmt":"2018-08-14T11:46:20","guid":{"rendered":"http:\/\/www.ladislavjakl.cz\/?p=8955"},"modified":"2018-08-14T13:46:40","modified_gmt":"2018-08-14T11:46:40","slug":"jakl-obri-rizena-migrace-znici-cr-kriticky-ohrozuje-jeji-existenci","status":"publish","type":"post","link":"https:\/\/www.ladislavjakl.cz\/?p=8955","title":{"rendered":"JAKL: OB\u0158\u00cd \u0158\u00cdZEN\u00c1 MIGRACE ZNI\u010c\u00cd \u010cR, KRITICKY OHRO\u017dUJE JEJ\u00cd EXISTENCI"},"content":{"rendered":"<p>I kdy\u017e zpr\u00e1vy z politiky ji\u017e m\u00e1lokoho bav\u00ed \u010d\u00edst pro jejich stereotypn\u00ed obsah &#8211; kdo v\u00edc podv\u00e1d\u00ed v honb\u011b za vysoko\u0161kolsk\u00fdmi tituly \u010di kdo v\u00edc upl\u00e1c\u00ed p\u0159i z\u00edsk\u00e1v\u00e1n\u00ed dotac\u00ed &#8211; nastal politick\u00fd Velk\u00fd t\u0159esk. Jako supernova&nbsp; se objevila osobnost kandiduj\u00edc\u00ed do Sen\u00e1tu, kter\u00e1 hovo\u0159\u00ed o opravdov\u00fdch a v\u00e1\u017en\u00fdch politick\u00fdch probl\u00e9mech na\u0161\u00ed zem\u011b, osobnost, kter\u00e1 je z\u00e1rukou, \u017ee bude za sv\u00fdmi slovy st\u00e1t, proto\u017ee si za nimi stoj\u00ed po cel\u00fdch 25 let.<\/p>\n<p><!--more--><\/p>\n<p>Ano, hovo\u0159\u00edm o osobn\u00edm tajemn\u00edkovi prezidenta V\u00e1clava Klause a vedouc\u00edm jeho Politick\u00e9ho odboru jak na Hrad\u011b tak nyn\u00ed v jeho Institutu, o Ladislavu Jaklovi. A je p\u0159\u00edzna\u010dn\u00e9, \u017ee tento odv\u00e1\u017en\u00fd politik kandiduje za stranu podobn\u011b odv\u00e1\u017en\u00e9ho v\u016fdce Tomia Okamury, kter\u00fd jako jedin\u00fd na\u0161el v lo\u0148sk\u00fdch volb\u00e1ch odvahu jasn\u011b \u0159\u00edci, \u017ee ud\u011bl\u00e1 v\u0161e pro to, aby jeho strana&nbsp;<em>Svobody a p\u0159\u00edm\u00e9 demokracie<\/em>&nbsp;prosadila vyps\u00e1n\u00ed referenda o vystoupen\u00ed \u010cR z neomarxistick\u00e9 EU.&nbsp;<\/p>\n<p>Pokud se poda\u0159\u00ed Ladislavu Jaklovi st\u00e1t se sen\u00e1torem, je to z\u00e1rukou, \u017ee se z t\u00e9to sp\u00edc\u00ed parlamentn\u00ed komory bude oz\u00fdvat pravda o politick\u00e9 situaci na\u0161\u00ed zem\u011b, a nikoliv jen deklarace o boji proti korupci toho \u010di onoho politika a podobn\u00e9 nepodstatn\u00e9 nesmysly, kter\u00e9 pat\u0159\u00ed, jsou-li v\u016fbec pravdiv\u00e9, p\u0159ed soud a nikoliv do politick\u00e9 diskuse.&nbsp;<strong>Politick\u00fd boj se m\u00e1 v\u00e9st tak, jako tomu bylo v devades\u00e1t\u00fdch letech<\/strong>&nbsp;&#8211;&nbsp;<strong>na z\u00e1klad\u011b politick\u00fdch idej\u00ed a argument\u016f.<\/strong>&nbsp;A toto z politiky zmizelo. Sta\u010d\u00ed kdy\u017e p\u00e1ni Kalousci ozna\u010d\u00ed protivn\u00edka za fa\u0161istu \u010di nedej Bo\u017ee za populistu, a a\u0165 je sebelep\u0161\u00ed, maj\u00ed vyhr\u00e1no i kdy\u017e sami nejsou&nbsp; schopni nab\u00eddnout v\u016fbec nic. Ve\u0159ejnost se vrhne po jimi ozna\u010den\u00e9 ko\u0159isti a oni mohou 4 roky sp\u00e1t \u010di h\u00e1dat se v parlament\u011b o nepodstatn\u00fdch v\u011bcech. To rozhodn\u011b nen\u00ed p\u0159\u00edstup workoholika Jakla.<\/p>\n<h1 class=\"c_A c_B\">Jakl je z\u00e1rukou, \u017ee vnese do na\u0161\u00ed nepolitick\u00e9 politiky politiku<\/h1>\n<p class=\"c_A c_B\">Ka\u017ed\u00fd, kdo sledoval od p\u0159evratu jeho postoje a n\u00e1zory, v\u00ed, \u017ee Jakl je z\u00e1rukou toho,&nbsp;&nbsp;\u017ee za t\u00edm, co \u0159\u00edk\u00e1, tak\u00e9 p\u016fjde, proto\u017ee je to \u010dlov\u011bk, kter\u00fd nikdy ned\u011blal \u00fastupky. St\u00e1l v\u017edy po boku V\u00e1clava Klause a nebylo to v\u017edy lehk\u00e9. \u00dadob\u00ed kolem podp\u00e1sov\u00e9ho Sarajevsk\u00e9ho atent\u00e1tu&nbsp; prov\u011b\u0159ilo nejen \u010destnost a nezlomnost V\u00e1clava Klause, ale i Jakla. Tehdy sta\u010dilo ozna\u010dit n\u011bkoho za Klausova zast\u00e1nce a vyhazov z pr\u00e1ce \u010di jin\u00fd podraz byl hotov\u00fd. To \u017ee Jakl nep\u0159e\u0161el do pravdol\u00e1skovn\u00edho t\u00e1bora, ale neochv\u011bjn\u011b bojoval za sv\u00e9 a Klausovy n\u00e1zory proti tehdej\u0161\u00ed vl\u00e1dnouc\u00ed hradn\u00ed sme\u010dce, je dokladem jeho \u010destnosti, v\u011brnosti a toho, \u017ee za sv\u00fdmi n\u00e1zory stoj\u00ed. \u017de je to prost\u011b<strong>&nbsp;homo politicus, kter\u00fd&nbsp; vnese politiku i do na\u0161\u00ed nepolitick\u00e9 politiky.<\/strong><\/p>\n<p class=\"c_A c_B\">V sou\u010dasn\u00e9 nebezpe\u010dn\u00e9 zahrani\u010dn\u011b politick\u00e9 rovin\u011b je nav\u00edc velmi d\u016fle\u017eit\u00e9, \u017ee Jakl m\u00e1 skv\u011bl\u00fd p\u0159ehled o v\u0161em, co se kolem n\u00e1s d\u011bje, proto\u017ee je v ka\u017edodenn\u00edm styku s V\u00e1clavem Klausem, kter\u00fd v sou\u010dasn\u00e9 dob\u011b je v\u00edc na zvan\u00fdch zahrani\u010dn\u00edch p\u0159edn\u00e1\u0161k\u00e1ch ne\u017e doma a m\u00e1 proto naprosto jasn\u00fd a nezkreslen\u00fd p\u0159ehled o evropsk\u00fdch i sv\u011btov\u00fdch politic\u00edch i o n\u00e1lad\u00e1ch ob\u010dan\u016f v ciz\u00edch st\u00e1tech. Nehled\u011b na to, \u017ee na v\u011bt\u0161inu cest jezd\u00ed pan Jakl s n\u00edm. Pokud tedy \u0159\u00edk\u00e1 Jakl, \u017ee&nbsp;<strong>bude bojovat proti bruselsk\u00e9 centralizaci i za cenu vystoupen\u00ed z EU a \u017ee bude proti jak\u00fdmkoliv \u00fastupk\u016fm ve v\u011bci \u0159\u00edzen\u00e9 masov\u00e9 migrace<\/strong>, pak to nen\u00ed pouze l\u00edbiv\u00e9 heslo ve volb\u00e1ch, jak za\u010d\u00ednaj\u00ed ps\u00e1t na\u0161i europeisti\u010dt\u00ed novin\u00e1\u0159i, ale lety hl\u00e1san\u00fd n\u00e1zor, o n\u011bm\u017e je p\u0159esv\u011bd\u010den. P\u0159i listov\u00e1n\u00ed na\u0161\u00ed revue jsem nalezla stejn\u00e9 n\u00e1zory v jeho \u010dl\u00e1nc\u00edch ji\u017e v roce 2013 a d\u0159\u00edv.<\/p>\n<p class=\"c_A c_B\">Stejn\u011b jako jeho \u0161\u00e9f V\u00e1clav Klaus, i on varuje ji\u017e l\u00e9ta, \u017ee masov\u011b \u0159\u00edzen\u00e9 st\u011bhov\u00e1n\u00ed africk\u00fdch muslimsk\u00fdch n\u00e1rod\u016f do Evropy zni\u010d\u00ed na\u0161\u00ed zem a jej\u00ed tis\u00edciletou k\u0159es\u0165anskou kulturu. A bude velk\u00fdm \u0161t\u011bst\u00edm pro na\u0161i zem, pokud se tento \u010dlov\u011bk dostane do prvn\u00ed parlamentn\u00ed komory a bude bojovat proti nebezpe\u010dn\u00e9 megalomansk\u00e9 multikulturn\u00ed politice n\u011bmeck\u00e9 kancl\u00e9\u0159ky Merkelov\u00e9 a bruselsk\u00fdch p\u0159edstavitel\u016f EU.<\/p>\n<p><a href=\"http:\/\/www.fragmenty.cz\/index.php\/politika-cr\/item\/2322-jakl-obri-rizena-migrace-znici-cr-kriticky-ohrozuje-jeji-existenci\">Zdroj<\/a><\/p>\n","protected":false},"excerpt":{"rendered":"<p>I kdy\u017e zpr\u00e1vy z politiky ji\u017e m\u00e1lokoho bav\u00ed \u010d\u00edst pro jejich stereotypn\u00ed obsah &#8211; kdo v\u00edc podv\u00e1d\u00ed v honb\u011b za vysoko\u0161kolsk\u00fdmi tituly \u010di kdo v\u00edc upl\u00e1c\u00ed p\u0159i z\u00edsk\u00e1v\u00e1n\u00ed dotac\u00ed &#8211; nastal politick\u00fd Velk\u00fd t\u0159esk. Jako supernova&nbsp; se objevila osobnost kandiduj\u00edc\u00ed do Sen\u00e1tu, kter\u00e1 hovo\u0159\u00ed o opravdov\u00fdch a v\u00e1\u017en\u00fdch politick\u00fdch probl\u00e9mech na\u0161\u00ed zem\u011b, osobnost, kter\u00e1 je [&hellip;]<\/p>\n","protected":false},"author":1,"featured_media":0,"comment_status":"open","ping_status":"open","sticky":false,"template":"","format":"standard","meta":{"ngg_post_thumbnail":0,"footnotes":""},"categories":[11],"tags":[],"class_list":["post-8955","post","type-post","status-publish","format-standard","hentry","category-ozvena"],"_links":{"self":[{"href":"https:\/\/www.ladislavjakl.cz\/index.php?rest_route=\/wp\/v2\/posts\/8955","targetHints":{"allow":["GET"]}}],"collection":[{"href":"https:\/\/www.ladislavjakl.cz\/index.php?rest_route=\/wp\/v2\/posts"}],"about":[{"href":"https:\/\/www.ladislavjakl.cz\/index.php?rest_route=\/wp\/v2\/types\/post"}],"author":[{"embeddable":true,"href":"https:\/\/www.ladislavjakl.cz\/index.php?rest_route=\/wp\/v2\/users\/1"}],"replies":[{"embeddable":true,"href":"https:\/\/www.ladislavjakl.cz\/index.php?rest_route=%2Fwp%2Fv2%2Fcomments&post=8955"}],"version-history":[{"count":2,"href":"https:\/\/www.ladislavjakl.cz\/index.php?rest_route=\/wp\/v2\/posts\/8955\/revisions"}],"predecessor-version":[{"id":8957,"href":"https:\/\/www.ladislavjakl.cz\/index.php?rest_route=\/wp\/v2\/posts\/8955\/revisions\/8957"}],"wp:attachment":[{"href":"https:\/\/www.ladislavjakl.cz\/index.php?rest_route=%2Fwp%2Fv2%2Fmedia&parent=8955"}],"wp:term":[{"taxonomy":"category","embeddable":true,"href":"https:\/\/www.ladislavjakl.cz\/index.php?rest_route=%2Fwp%2Fv2%2Fcategories&post=8955"},{"taxonomy":"post_tag","embeddable":true,"href":"https:\/\/www.ladislavjakl.cz\/index.php?rest_route=%2Fwp%2Fv2%2Ftags&post=8955"}],"curies":[{"name":"wp","href":"https:\/\/api.w.org\/{rel}","templated":true}]}}