{"id":8964,"date":"2018-08-14T13:52:36","date_gmt":"2018-08-14T11:52:36","guid":{"rendered":"http:\/\/www.ladislavjakl.cz\/?p=8964"},"modified":"2018-08-14T13:52:36","modified_gmt":"2018-08-14T11:52:36","slug":"kdo-neni-ladislav-jakl","status":"publish","type":"post","link":"https:\/\/www.ladislavjakl.cz\/?p=8964","title":{"rendered":"Kdo nen\u00ed Ladislav Jakl"},"content":{"rendered":"<ol>\n<li><strong> \u010clov\u011bk bez n\u00e1zoru<\/strong><\/li>\n<\/ol>\n<p>Naopak. Se sv\u00fdmi n\u00e1zory dlouh\u00e1 l\u00e9ta chod\u00ed umanut\u011b na ve\u0159ejnost, p\u00ed\u0161e, mluv\u00ed, beseduje, p\u0159edn\u00e1\u0161\u00ed. Ka\u017ed\u00fd si m\u016f\u017ee naj\u00edt jeho tis\u00edc \u010dl\u00e1nk\u016f, stovky rozhovor\u016f, projev\u016f, ve\u0159ejn\u00fdch vystoupen\u00ed, publikac\u00ed. V\u0161echny jsou o tomt\u00e9\u017e: \u017ee svobodu \u010dlov\u011bka nelze omezovat ani pod tou nejl\u00edbiv\u011bj\u0161\u00ed z\u00e1minkou.<\/p>\n<p><!--more--><\/p>\n<ol start=\"2\">\n<li><strong> Abstinent<\/strong><\/li>\n<\/ol>\n<p>To ur\u010dit\u011b nen\u00ed. Jeho kon\u00ed\u010dkem je pivo a pivovarnictv\u00ed. Zaj\u00edm\u00e1 se o nejnov\u011bj\u0161\u00ed \u010di exotick\u00e9 pivn\u00ed styly, o pivu p\u00ed\u0161e a p\u0159edn\u00e1\u0161\u00ed, po\u0159\u00e1d\u00e1 degustace, nav\u0161t\u011bvuje pivovary a pivovarsk\u00e9 akce u n\u00e1s i ve sv\u011bt\u011b. Sna\u017e\u00ed se zv\u00fd\u0161it spole\u010denskou presti\u017e piva a o to, aby nejkvalitn\u011bj\u0161\u00ed piva po\u017e\u00edvala stejnou v\u00e1\u017enost, jako jin\u00e9 \u0161pi\u010dkov\u00e9 n\u00e1poje.<\/p>\n<ol start=\"3\">\n<li><strong> Sportovec<\/strong><\/li>\n<\/ol>\n<p>To zrovna. I kdy\u017e v ml\u00e1d\u00ed hr\u00e1l basketbal a \u0161achy, v dosp\u011blosti se sportu vyh\u00fdb\u00e1 a je autorem teze, \u017ee dosp\u011bl\u00fd chlap sm\u00ed b\u00fdt vid\u011bn zpocen\u00fd pouze v soukrom\u00ed. Velmi r\u00e1d ale chod\u00ed, p\u0159edev\u0161\u00edm po Praze. Ujde klidn\u011b i mnoho kilometr\u016f po t\u011bch nejzapadlej\u0161\u00edch ulic\u00edch.<\/p>\n<ol start=\"4\">\n<li><strong> Rasista<\/strong><\/li>\n<\/ol>\n<p>Naprosto ne. Adoptoval cik\u00e1nsk\u00e9 batole, ze kter\u00e9ho je dnes dosp\u011bl\u00fd mu\u017e, hr\u00e1l v cik\u00e1nsk\u00e9 kapele, d\u011blal vedouc\u00edho na t\u00e1bo\u0159e pro cik\u00e1nskou ml\u00e1de\u017e. Nen\u00ed ale slep\u00fd k probl\u00e9m\u016fm, kter\u00e9 koncentrace cik\u00e1nsk\u00e9ho etnika na n\u011bkter\u00fdch m\u00edstech p\u016fsob\u00ed.<\/p>\n<ol start=\"5\">\n<li><strong> Ohebn\u00fd charakter<\/strong><\/li>\n<\/ol>\n<p>Ani n\u00e1hodou. Dr\u017e\u00ed si sv\u00e9 n\u00e1zory, ale t\u0159eba i ten sv\u016fj sv\u00e9r\u00e1zn\u00fd \u017eivotn\u00ed styl \u010di vzhled v\u010detn\u011b dlouh\u00fdch vlas\u016f, a to bez ohledu na spole\u010densk\u00e9 \u010di profesn\u00ed konvence. Z\u016fstal a z\u016fstane v\u017edy sv\u016fj, nov\u00fdm kousk\u016fm ho nikdo nenau\u010d\u00ed a ke zm\u011bn\u011b nikdo nep\u0159inut\u00ed.<\/p>\n<ol start=\"6\">\n<li><strong> Modernista a pokrok\u00e1\u0159<\/strong><\/li>\n<\/ol>\n<p>Kdepak. S ned\u016fv\u011brou a nelibost\u00ed vn\u00edm\u00e1 ty r\u016fzn\u00e9 novodob\u00e9 m\u00f3resy a p\u0159ed v\u0161emi bezhlav\u00fdmi experimenty a m\u00f3dn\u00edmi vlnami tvrd\u011b h\u00e1j\u00ed to, co se osv\u011bd\u010dilo.<\/p>\n<ol start=\"7\">\n<li><strong> Praktick\u00fd a \u0161ikovn\u00fd kutil<\/strong><\/li>\n<\/ol>\n<p>Co\u017ee? Od d\u011btstv\u00ed v\u017edy rad\u011bji le\u017eel v&nbsp;knih\u00e1ch, ne\u017e aby si hr\u00e1l se stavebnicemi. Proto vrchol jeho technick\u00fdch schopnost\u00ed je tak leda vym\u011bnit \u017e\u00e1rovku, \u0159emeslnick\u00fdm n\u00e1\u010din\u00edm by si nejsp\u00ed\u0161e ubl\u00ed\u017eil.<\/p>\n<ol start=\"8\">\n<li><strong> Um\u011bleck\u00fd antitalent<\/strong><\/li>\n<\/ol>\n<p>Sp\u00ed\u0161 naopak. Od d\u011btstv\u00ed zp\u00edval ve sboru, hr\u00e1l na housle, dodnes hraje rockovou muziku, p\u00ed\u0161e hudbu i texty p\u00edsn\u00ed. Hudba pro n\u011bj nen\u00ed jen kon\u00ed\u010dkem, ale sp\u00ed\u0161e zp\u016fsobem vn\u00edm\u00e1n\u00ed sv\u011bta a tak\u00e9 jazyk, kter\u00fdm lze sd\u011blovat i ty nejtajn\u011bj\u0161\u00ed pocity.<\/p>\n<ol start=\"10\">\n<li><strong> Kosmopolita<\/strong><\/li>\n<\/ol>\n<p>Tomu nev\u011b\u0159te. Nav\u0161t\u00edvil mnoho zem\u00ed sv\u011bta, ale c\u00edt\u00ed se \u010desk\u00fdm vlastencem, po \u010cesku r\u00e1d a \u010dasto cestuje, m\u00edsto dovolen\u00fdch u mo\u0159e rad\u011bji podnik\u00e1 v\u00fdlety po v\u0161ech kr\u00e1s\u00e1ch na\u0161\u00ed zem\u011b.<\/p>\n<ol start=\"11\">\n<li><strong> Chlap\u00e1ck\u00fd maso\u017erout<\/strong><\/li>\n<\/ol>\n<p>J\u00ed sp\u00ed\u0161 jako \u017eensk\u00e1. R\u00e1d si ob\u010das d\u00e1 p\u011bkn\u00fd kus masa, ale kdy\u017e p\u0159ed n\u011bj postav\u00edte lavor zeleniny, spase ho b\u011bhem chvilky.<\/p>\n<ol start=\"11\">\n<li><strong> Hrabivec<\/strong><\/li>\n<\/ol>\n<p>To mu fakt nen\u00ed vlastn\u00ed. Nevlastn\u00ed ani byt, ani d\u016fm, ani chatu, ani chalupu, ani pozemky ani pod\u00edly ve firm\u00e1ch. Profit ho nikdy nezaj\u00edmal, neusiloval o n\u011bj a nejcenn\u011bj\u0161\u00edm jeho majetkem je 22 let star\u00e1 kytara a 14 let star\u00e1 \u0161koda octavia.<\/p>\n<ol start=\"11\">\n<li><strong> Nezadan\u00fd<\/strong><\/li>\n<\/ol>\n<p>Mil\u00e9 d\u00e1my, zapome\u0148te. Miluje svou partnerku Radku, se kterou \u017eije 14 let, a \u017e\u00e1dn\u00e1 zm\u011bna ho nel\u00e1k\u00e1.<\/p>\n<ol start=\"12\">\n<li><strong> Uzav\u0159en\u00fd \u010dlov\u011bk<\/strong><\/li>\n<\/ol>\n<p>On??? Skoro denn\u011b je mezi lidmi, p\u0159\u00e1teli, kamar\u00e1dy, je \u010dlenem n\u011bkolika part a organiz\u00e1tor mnoha setk\u00e1n\u00ed. U\u017e 30 let chod\u00ed ka\u017ed\u00fd \u010dtvrtek do jedn\u00e9 hospody v doln\u00ed \u010d\u00e1sti Vinohrad, kde vede nejstar\u0161\u00ed stoln\u00ed spole\u010dnost s evidovanou \u00fa\u010dast\u00ed na sv\u011bt\u011b, registrovanou i v Guinnessov\u011b knize rekord\u016f.<\/p>\n<ol start=\"13\">\n<li><strong> Zbab\u011bl\u00fd slaboch<\/strong><\/li>\n<\/ol>\n<p>Ne, s t\u00edm fakt u n\u011bj rad\u011bji nepo\u010d\u00edtejte, na to pozor.<\/p>\n<ol start=\"14\">\n<li><strong> Politick\u00fd \u0161\u00edbr<\/strong><\/li>\n<\/ol>\n<p>Ale kde\u017ee. Na politice ho nikdy nezaj\u00edmaly mocensk\u00e9 hry \u010di prosp\u011bch, ale jen ideje. Politiku vn\u00edm\u00e1 pouze jako n\u00e1stroj k&nbsp;prosazov\u00e1n\u00ed my\u0161lenek, n\u00e1zor\u016f, postoj\u016f. V&nbsp;tom je asi i trochu naivn\u00ed sn\u00edlek, a\u010d s&nbsp;mnohaletou prax\u00ed ve vrcholov\u00e9 politice.<\/p>\n<ol start=\"15\">\n<li><strong> K\u0159t\u011bn\u00fd Vltavou<\/strong><\/li>\n<\/ol>\n<p>Ne, nenarodil se v&nbsp;Praze, n\u00fdbr\u017e v&nbsp;Chebu. V&nbsp;Praze \u017eije 39 let a mo\u017en\u00e1 pr\u00e1v\u011b pro sv\u016fj mimopra\u017esk\u00fd p\u016fvod nad kr\u00e1sou Prahy denn\u011b \u017easne a nikdy mu na\u0161e Praha nezev\u0161edn\u00ed.<\/p>\n<ol start=\"16\">\n<li><strong> Bezz\u00e1sadov\u00fd<\/strong><\/li>\n<\/ol>\n<p>No to zrovna. Sv\u00e9 z\u00e1sady naopak dodr\u017euje a\u017e tvrdohlav\u011b. S\u00e1m si ur\u010d\u00ed pravidla, kter\u00e1 pak ani za nic neporu\u0161\u00ed. A tak sve\u0159ep\u011b \u010dek\u00e1 na p\u0159echodu zelenou, i kdy\u017e \u0161iroko daleko nejede \u017e\u00e1dn\u00e9 auto, a ostatn\u00ed na n\u011bj pak otr\u00e1ven\u011b \u010dekaj\u00ed.<\/p>\n","protected":false},"excerpt":{"rendered":"<p>\u010clov\u011bk bez n\u00e1zoru Naopak. Se sv\u00fdmi n\u00e1zory dlouh\u00e1 l\u00e9ta chod\u00ed umanut\u011b na ve\u0159ejnost, p\u00ed\u0161e, mluv\u00ed, beseduje, p\u0159edn\u00e1\u0161\u00ed. Ka\u017ed\u00fd si m\u016f\u017ee naj\u00edt jeho tis\u00edc \u010dl\u00e1nk\u016f, stovky rozhovor\u016f, projev\u016f, ve\u0159ejn\u00fdch vystoupen\u00ed, publikac\u00ed. V\u0161echny jsou o tomt\u00e9\u017e: \u017ee svobodu \u010dlov\u011bka nelze omezovat ani pod tou nejl\u00edbiv\u011bj\u0161\u00ed z\u00e1minkou.<\/p>\n","protected":false},"author":1,"featured_media":0,"comment_status":"open","ping_status":"open","sticky":false,"template":"","format":"standard","meta":{"ngg_post_thumbnail":0,"footnotes":""},"categories":[22],"tags":[],"class_list":["post-8964","post","type-post","status-publish","format-standard","hentry","category-jakl-senator"],"_links":{"self":[{"href":"https:\/\/www.ladislavjakl.cz\/index.php?rest_route=\/wp\/v2\/posts\/8964","targetHints":{"allow":["GET"]}}],"collection":[{"href":"https:\/\/www.ladislavjakl.cz\/index.php?rest_route=\/wp\/v2\/posts"}],"about":[{"href":"https:\/\/www.ladislavjakl.cz\/index.php?rest_route=\/wp\/v2\/types\/post"}],"author":[{"embeddable":true,"href":"https:\/\/www.ladislavjakl.cz\/index.php?rest_route=\/wp\/v2\/users\/1"}],"replies":[{"embeddable":true,"href":"https:\/\/www.ladislavjakl.cz\/index.php?rest_route=%2Fwp%2Fv2%2Fcomments&post=8964"}],"version-history":[{"count":1,"href":"https:\/\/www.ladislavjakl.cz\/index.php?rest_route=\/wp\/v2\/posts\/8964\/revisions"}],"predecessor-version":[{"id":8965,"href":"https:\/\/www.ladislavjakl.cz\/index.php?rest_route=\/wp\/v2\/posts\/8964\/revisions\/8965"}],"wp:attachment":[{"href":"https:\/\/www.ladislavjakl.cz\/index.php?rest_route=%2Fwp%2Fv2%2Fmedia&parent=8964"}],"wp:term":[{"taxonomy":"category","embeddable":true,"href":"https:\/\/www.ladislavjakl.cz\/index.php?rest_route=%2Fwp%2Fv2%2Fcategories&post=8964"},{"taxonomy":"post_tag","embeddable":true,"href":"https:\/\/www.ladislavjakl.cz\/index.php?rest_route=%2Fwp%2Fv2%2Ftags&post=8964"}],"curies":[{"name":"wp","href":"https:\/\/api.w.org\/{rel}","templated":true}]}}