{"id":8966,"date":"2018-08-14T13:53:26","date_gmt":"2018-08-14T11:53:26","guid":{"rendered":"http:\/\/www.ladislavjakl.cz\/?p=8966"},"modified":"2018-08-14T13:53:26","modified_gmt":"2018-08-14T11:53:26","slug":"pakt-o-migraci-nacismus-2-0","status":"publish","type":"post","link":"https:\/\/www.ladislavjakl.cz\/?p=8966","title":{"rendered":"Pakt o migraci: nacismus 2.0"},"content":{"rendered":"<div class=\"opener\">Pou\u017e\u00edv\u00e1n\u00ed slova \u201euprchl\u00edk\u201c jako kryc\u00edho term\u00ednu pro elitami \u0159\u00edzen\u00e9 novodob\u00e9 st\u011bhov\u00e1n\u00ed n\u00e1rod\u016f je nejv\u011bt\u0161\u00ed propagandistickou l\u017e\u00ed dne\u0161n\u00ed doby.<\/div>\n<p><!--more--><\/p>\n<div id=\"art-text\" class=\"text\">\n<p>L\u017e\u00ed, slou\u017e\u00edc\u00ed k citov\u00e9mu vyd\u00edr\u00e1n\u00ed a k n\u00e1lepkov\u00e1n\u00ed t\u011bch, kter\u00fdm se tato gigantick\u00e1 operace nel\u00edb\u00ed, coby lid\u00ed zl\u00fdch a bezcitn\u00fdch. O \u017e\u00e1dn\u00e9 uprchl\u00edky tady p\u0159ece nikdy ne\u0161lo. Nikdy ne\u0161lo o \u017eeny, d\u011bti a starce, kte\u0159\u00ed se s rane\u010dkem b\u011b\u017e\u00ed ukr\u00fdt do nejbli\u017e\u0161\u00ed bezpe\u010dn\u00e9 vesnice, kde p\u0159e\u010dkaj\u00ed to nejhor\u0161\u00ed a vr\u00e1t\u00ed se co nejd\u0159\u00edve do sv\u00fdch domov\u016f, kter\u00e9 mezit\u00edm zp\u011bt vybojuj\u00ed z\u016fstav\u0161\u00ed bojeschopn\u00ed mu\u017eov\u00e9.<\/p>\n<p>Od za\u010d\u00e1tku \u0161lo o \u0161\u00edlen\u00fd soci\u00e1ln\u011b in\u017een\u00fdrsk\u00fd pl\u00e1n, jeho\u017e c\u00edlem bylo z\u00e1sadn\u011b a nevratn\u011b zm\u011bnit demografick\u00e9, kulturn\u00ed, n\u00e1bo\u017eensk\u00e9, politick\u00e9 a soci\u00e1ln\u00ed pom\u011bry v na\u0161\u00ed civilizaci. D\u016fkazem je v p\u00e1tek p\u0159edb\u011b\u017en\u011b schv\u00e1len\u00fd Glob\u00e1ln\u00ed pakt OSN o migraci. Jeho c\u00edlem je \u201epodpora bezpe\u010dn\u00e9, \u0159\u00edzen\u00e9 a leg\u00e1ln\u00ed migrace a sn\u00ed\u017een\u00ed po\u010dtu p\u0159\u00edpad\u016f pa\u0161ov\u00e1n\u00ed lid\u00ed\u201c. A hol\u00e1 pravda je na sv\u011btle.<\/p>\n<p>Nejd\u0159\u00edve mal\u00e1 odbo\u010dka o tom \u201epa\u0161ov\u00e1n\u00ed lid\u00ed\u201c. Co to je ono \u201epa\u0161ov\u00e1n\u00ed?\u201c To jsou p\u0159\u00edpady, kdy soukrom\u00e9 subjekty vyhledaj\u00ed zejm\u00e9na mezi Afri\u010dany \u010di Araby ty &#8211; v\u011bt\u0161inou mlad\u00e9 &#8211; mu\u017ee, k nim\u017e se dostala informace, \u017ee v Evrop\u011b se jim dostane bezpracn\u00e9ho blahobytu, p\u0159eprav\u00ed tyhle z\u00e1jemce \u201eileg\u00e1ln\u011b\u201c na schengensk\u00e9 \u00fazem\u00ed a vyinkasuj\u00ed za tuto slu\u017ebu n\u011bjak\u00e9 pen\u00edze pr\u00e1v\u011b od on\u011bch p\u0159epraven\u00fdch. A jak\u017ee se to d\u011bl\u00e1 spr\u00e1vn\u011b? To jsou ty p\u0159\u00edpady, kdy st\u00e1tn\u00ed, mezivl\u00e1dn\u00ed \u010di ofici\u00e1ln\u00ed \u201eneziskov\u00e9\u201c organizace ud\u011blaj\u00ed p\u0159esn\u011b tot\u00e9\u017e a vyinkasuj\u00ed za tuto slu\u017ebu pen\u00edze od da\u0148ov\u00fdch poplatn\u00edk\u016f.<\/p>\n<p>Nejd\u016fle\u017eit\u011bj\u0161\u00ed jsou ale kl\u00ed\u010dov\u00e1 slova Glob\u00e1ln\u00edho paktu \u201epodpora\u201c, \u201e\u0159\u00edzen\u00e1\u201c a \u201eleg\u00e1ln\u00ed\u201c. Zde je maska dobro\u010dinnosti v\u016f\u010di \u00fadajn\u00fdm neboh\u00fdm uprchl\u00edk\u016fm definitivn\u011b odhozena a elity natvrdo p\u0159izn\u00e1vaj\u00ed, \u017ee hodlaj\u00ed otev\u0159en\u011b samy prov\u00e1d\u011bt, \u0159\u00eddit a podporovat masov\u00e9 d\u00e1lkov\u00e9 p\u0159esuny ileg\u00e1ln\u00edch p\u0159ist\u011bhovalc\u016f a jejich p\u0159\u00edchod pak zlegalizovat. Nejde tedy o \u017e\u00e1dn\u00e9 nouzov\u00e9 \u0159e\u0161en\u00ed spont\u00e1nn\u011b vznikl\u00e9 \u201euprchlick\u00e9 krize\u201c, jde o c\u00edlev\u011bdom\u00fd pl\u00e1n, jak pomoc\u00ed um\u011ble vyvolan\u00e9 a \u0159\u00edzen\u011b prov\u00e1d\u011bn\u00e9 masov\u00e9 migrace vytvo\u0159it novou spole\u010dnost, nov\u00e9ho \u010dlov\u011bka.<\/p>\n<p>To u\u017e tu jednou bylo. Kdy? Kdy\u017e se nacist\u00e9 prost\u0159ednictv\u00edm eugeniky sna\u017eili o vytvo\u0159en\u00ed nov\u00e9, t\u00e9 spr\u00e1vn\u00e9 rasy. Dne\u0161n\u00ed bruselsk\u00e9 a sv\u011btov\u00e9 elity prov\u00e1d\u011bj\u00ed tot\u00e9\u017e. \u017de to je p\u0159\u00edli\u0161 p\u0159\u00edkr\u00e9 srovn\u00e1n\u00ed? Nic se p\u0159ece neopakuje stejn\u011b. Ne\u017eijeme v prvn\u00ed polovin\u011b 20. stolet\u00ed. Proto lze opr\u00e1vn\u011bn\u011b \u0159\u00edci, \u017ee mocensky podporovan\u00e1 a \u0159\u00edzen\u00e1 masov\u00e1 migrace je eugenikou 21. stolet\u00ed. Eugenikou 2.0. Kdo proti n\u00ed protestuje, nen\u00ed zl\u00fd a bezcitn\u00fd, jen odm\u00edt\u00e1 novodob\u00e9 pokusy na lidech a n\u00e1rodech.<\/p>\n<p>Pokud si toto ve\u0159ejnost v jednotliv\u00fdch zem\u00edch neuv\u011bdom\u00ed, bude Glob\u00e1ln\u00ed pakt na ministersk\u00e9 sch\u016fzce letos v prosinci v marock\u00e9 Marr\u00e1ke\u0161i ofici\u00e1ln\u011b hladce p\u0159ijat. Je \u00fapln\u011b jedno, kdo tou dobou bude na\u0161\u00edm ministrem zahrani\u010d\u00ed. Ale nen\u00ed jedno, jestli tam tenhle eugenick\u00fd pakt podep\u00ed\u0161e.<\/p>\n<\/div>\n<p><a href=\"https:\/\/jakl.blog.idnes.cz\/blog.aspx?c=671125\">Zdroj<\/a><\/p>\n","protected":false},"excerpt":{"rendered":"<p>Pou\u017e\u00edv\u00e1n\u00ed slova \u201euprchl\u00edk\u201c jako kryc\u00edho term\u00ednu pro elitami \u0159\u00edzen\u00e9 novodob\u00e9 st\u011bhov\u00e1n\u00ed n\u00e1rod\u016f je nejv\u011bt\u0161\u00ed propagandistickou l\u017e\u00ed dne\u0161n\u00ed doby.<\/p>\n","protected":false},"author":1,"featured_media":0,"comment_status":"open","ping_status":"open","sticky":false,"template":"","format":"standard","meta":{"ngg_post_thumbnail":0,"footnotes":""},"categories":[1],"tags":[],"class_list":["post-8966","post","type-post","status-publish","format-standard","hentry","category-publikovane-clanky"],"_links":{"self":[{"href":"https:\/\/www.ladislavjakl.cz\/index.php?rest_route=\/wp\/v2\/posts\/8966","targetHints":{"allow":["GET"]}}],"collection":[{"href":"https:\/\/www.ladislavjakl.cz\/index.php?rest_route=\/wp\/v2\/posts"}],"about":[{"href":"https:\/\/www.ladislavjakl.cz\/index.php?rest_route=\/wp\/v2\/types\/post"}],"author":[{"embeddable":true,"href":"https:\/\/www.ladislavjakl.cz\/index.php?rest_route=\/wp\/v2\/users\/1"}],"replies":[{"embeddable":true,"href":"https:\/\/www.ladislavjakl.cz\/index.php?rest_route=%2Fwp%2Fv2%2Fcomments&post=8966"}],"version-history":[{"count":1,"href":"https:\/\/www.ladislavjakl.cz\/index.php?rest_route=\/wp\/v2\/posts\/8966\/revisions"}],"predecessor-version":[{"id":8967,"href":"https:\/\/www.ladislavjakl.cz\/index.php?rest_route=\/wp\/v2\/posts\/8966\/revisions\/8967"}],"wp:attachment":[{"href":"https:\/\/www.ladislavjakl.cz\/index.php?rest_route=%2Fwp%2Fv2%2Fmedia&parent=8966"}],"wp:term":[{"taxonomy":"category","embeddable":true,"href":"https:\/\/www.ladislavjakl.cz\/index.php?rest_route=%2Fwp%2Fv2%2Fcategories&post=8966"},{"taxonomy":"post_tag","embeddable":true,"href":"https:\/\/www.ladislavjakl.cz\/index.php?rest_route=%2Fwp%2Fv2%2Ftags&post=8966"}],"curies":[{"name":"wp","href":"https:\/\/api.w.org\/{rel}","templated":true}]}}