{"id":897,"date":"2011-04-11T16:04:19","date_gmt":"2011-04-11T15:04:19","guid":{"rendered":"http:\/\/www.ladislavjakl.cz\/?p=897"},"modified":"2011-04-11T16:04:19","modified_gmt":"2011-04-11T15:04:19","slug":"lhar-a-manipulator-ondrej-stastny-budoucnost-ceske-zurnalistiky","status":"publish","type":"post","link":"https:\/\/www.ladislavjakl.cz\/?p=897","title":{"rendered":"Lh\u00e1\u0159 a manipul\u00e1tor Ond\u0159ej \u0160\u0165astn\u00fd. Budoucnost \u010desk\u00e9 \u017eurnalistiky?"},"content":{"rendered":"<p>V n\u00e1sleduj\u00edc\u00edch odstavc\u00edch se pokus\u00edm p\u0159in\u00e9st  autentick\u00e9 sv\u011bdectv\u00ed o naprost\u00e9 ignoranci, v\u011bdom\u00fdch l\u017eech, zkreslov\u00e1n\u00ed  fakt\u016f a z\u00e1m\u011brn\u00fdch manipulac\u00edch ze strany den\u00edku Mlad\u00e1 fronta DNES a  hlavn\u011b pak jej\u00edho redaktora Ond\u0159eje \u0160\u0165astn\u00e9ho. \u010cl\u00e1nek p\u00ed\u0161u a\u017e nyn\u00ed,  n\u011bkolik dn\u00ed po on\u011bch ud\u00e1lostech, kter\u00fdm jsem byl p\u0159\u00edmo p\u0159\u00edtomen a to z  dobr\u00e9ho d\u016fvodu.<\/p>\n<p><!--more-->Necht\u011bl jsem se v \u017e\u00e1dn\u00e9m p\u0159\u00edpad\u011b jmout psan\u00ed ve, velmi  korektn\u011b \u0159e\u010deno, stavu krajn\u00ed rozezlenosti. Tedy proto, abych nebyl  nucen zde u\u017e\u00edvat slova, kter\u00e9 by se dala pojmenovat jako vulgarismy.  Tvrzen\u00ed, kter\u00e1 n\u00ed\u017ee p\u0159edkl\u00e1d\u00e1m, je mo\u017en\u00e9 jednoduch\u00fdm zp\u016fsobem ov\u011b\u0159it z  kompletn\u00edho nesest\u0159ihan\u00e9ho videoz\u00e1znamu akce, kter\u00fd je voln\u011b ke  zhl\u00e9dnut\u00ed na internetu.<\/p>\n<p><a name=\"t2\"><\/a><\/p>\n<div>\n<p>V\u00a0pond\u011bl\u00ed 28. b\u0159ezna  uspo\u0159\u00e1dalo sdru\u017een\u00ed Akce D.O.S.T. diskusn\u00ed ve\u010der Hovory na pravici II,  kter\u00fd byl v\u011bnov\u00e1n ot\u00e1zce \u201eO \u010dem v\u0161em vypov\u011bd\u011bla medi\u00e1ln\u00ed kampa\u0148 veden\u00e1  proti dr. Ladislavu B\u00e1torovi a jak\u00e9 mohly b\u00fdt jej\u00ed skute\u010dn\u00e9 d\u016fvody?\u201c\u00a0  Tedy o v\u00edce ne\u017e m\u011bs\u00ed\u010dn\u00edm medi\u00e1ln\u00edm lyn\u010di, kter\u00fd znemo\u017enil hypotetickou  nominaci dr. Ladislava B\u00e1tory na post n\u00e1m\u011bstka ministra \u0161kolstv\u00ed. Tento  \u010dl\u00e1nek ale nem\u00e1 b\u00fdt o pr\u016fb\u011bhu cel\u00e9 \u0161tvav\u00e9 kampan\u011b, n\u00fdbr\u017e o jednom  konkr\u00e9tn\u00edm \u010dlov\u011bku, kter\u00e9ho mohu naprosto odpov\u011bdn\u011b nazvat sprost\u00fdm  lh\u00e1\u0159em. Ona v\u00a0t\u00e9 kampani sice p\u016fsobila cel\u00e1 \u0159ada lh\u00e1\u0159\u016f, ale soust\u0159e\u010fme  se te\u010f na toho jednoho.<\/p>\n<p>Na v\u00fd\u0161e zm\u00edn\u011bn\u00e9m diskusn\u00edm ve\u010deru vystoupila \u0159ada zn\u00e1m\u00fdch host\u016f,  nap\u0159\u00edklad tajemn\u00edk presidenta republiky Ladislav Jakl, europoslanec za  ODS Hynek Fajmon nebo Jana Bobo\u0161\u00edkov\u00e1. \u0158e\u010dn\u00edci p\u0159edn\u00e1\u0161eli sv\u00e9 n\u00e1zory na  pr\u016fb\u011bh, p\u0159\u00ed\u010diny a d\u016fsledky <em>b\u00e1tori\u00e1dy, <\/em>jak je pomlouva\u010dn\u00e1 kampa\u0148  naz\u00fdv\u00e1na od doby, kdy se do v\u011bci sv\u00fdm podp\u016frn\u00fdm \u010dl\u00e1nkem vlo\u017eil s\u00e1m  president republiky V\u00e1clav Klaus a v\u00a0t\u00e9 souvislosti trefn\u011b pou\u017eil slovo <em>hilsneri\u00e1da. <\/em><\/p>\n<p>Jak\u00e9 p\u0159ekvapen\u00ed ov\u0161em \u010dekalo v\u0161echny, kte\u0159\u00ed se akce z\u00fa\u010dastnili, kdy\u017e  si na druh\u00fd den otev\u0159eli pl\u00e1tek MF Dnes \u010di jeho internetov\u00e9 dvoj\u010de  Idnes. Nad \u010dl\u00e1nkem, kter\u00fd se tam objevil, museli v\u0161ichni nev\u011b\u0159\u00edcn\u011b  kroutit hlavou. Jeho autorem byl pan Ond\u0159ej \u0160\u0165astn\u00fd, jen\u017e p\u0159i t\u011bchto  Hovorech na pravici II tak\u00e9 sed\u011bl v\u00a0publiku a dokonce jednou  konfronta\u010dn\u011b vystoupil, \u010d\u00edm\u017e se pouze prvot\u0159\u00eddn\u011b zesm\u011b\u0161nil a ve sv\u00e9m  \u010dl\u00e1nku o tom nejen poml\u010del, ale napsal zcela opak.<\/p>\n<p>\u0160\u0165astn\u00fd se ani nepokou\u0161el \u010dl\u00e1nek za\u010d\u00edt n\u011b\u010d\u00edm, co on pravd\u011bpodobn\u011b zn\u00e1  jen ze slovn\u00edku \u2013 pravdou. Tvrd\u00ed, \u017ee dr. B\u00e1tora kandidoval za stranu,  kter\u00e1 zpochyb\u0148ovala romsk\u00fd holocaust. T\u00edm m\u011bl asi na mysli anga\u017eov\u00e1n\u00ed  N\u00e1rodn\u00ed strany v\u00a0Letech u P\u00edsku, kde v\u00a0pr\u016fb\u011bhu druh\u00e9 sv\u011btov\u00e9 v\u00e1lky  st\u00e1val sb\u011brn\u00fd t\u00e1bor. V\u00a0tom, co pan \u0160\u0165astn\u00fd r\u00e1\u010dil napsat, jsou hned dv\u011b  z\u00e1kladn\u00ed nepravdy. N\u00e1rodn\u00ed strana mohla jen st\u011b\u017e\u00ed pop\u00edrat holocaust ve  sb\u011brn\u00e9m t\u00e1bo\u0159e v\u00a0Letech, nebo\u0165 tam prokazateln\u011b \u017e\u00e1dn\u00fd holocaust ani  genocida nikdy (!) neprob\u00edhaly. D\u016fkazem patrn\u011b nejrelevantn\u011bj\u0161\u00edm je  v\u011bdeck\u00e1 pr\u00e1ce historik\u016f z\u00a0Akademie v\u011bd \u010cesk\u00e9 republiky. A za dal\u0161\u00ed, u\u017e  jen slovn\u00ed spojen\u00ed \u201eromsk\u00fd holocaust\u201c v\u00a0kontextu druh\u00e9 sv\u011btov\u00e9 v\u00e1lky je  nonsens. Slov <em>Rom<\/em> toti\u017e za\u010dalo b\u00fdt u\u017e\u00edv\u00e1no a\u017e v\u00a0roce 1971, p\u0159ed  t\u00edmto datem neexistovalo, co\u017e je samoz\u0159ejm\u011b s\u00a0ohledem na podstatu  \u0160\u0165astn\u00e9ho tvrzen\u00ed u\u017e jen dopln\u011bk. I tyto skute\u010dnosti byli Ond\u0159eji  \u0160\u0165astn\u00e9mu v\u00a0dob\u011b psan\u00ed jeho \u010dl\u00e1nku zn\u00e1m\u00e9, proto\u017ee na akci vystoupil mimo  jin\u00e9 tak\u00e9 Jan Sk\u00e1cel, vedouc\u00ed kandid\u00e1t NS ve volb\u00e1ch v\u00a0roce 2006 a  tohle vysv\u011btlen\u00ed dosti obs\u00e1hle podal. \u0160\u0165astn\u00fd tedy m\u011bl dostate\u010dn\u00e9  zdroje, jak si v\u0161echno tohle ov\u011b\u0159it. Zjevn\u011b tak neu\u010dinil a nejsp\u00ed\u0161 to  ani nem\u011bl v\u00a0pl\u00e1nu, mohl by toti\u017e zjistit pravdu, kter\u00e1 by podkopala  sm\u011b\u0159ov\u00e1n\u00ed jeho \u010dl\u00e1nku.<\/p>\n<p>Pan redaktor \u0160\u0165astn\u00fd dokonce v\u00a0pr\u016fb\u011bhu diskuse vystoupil s\u00a0ot\u00e1zku  sm\u011b\u0159ovanou na presidentova tajemn\u00edka Jakla. Ptal se, \u201ejak je mo\u017en\u00e9, aby  se \u010dlov\u011bk s\u00a0B\u00e1torovou extremistickou minulost\u00ed uch\u00e1zel o post n\u00e1m\u011bstka  ministra \u0161kolstv\u00ed?\u201c Ladislav Jakl ho ale p\u0159ed cel\u00fdm s\u00e1lem svoji odpov\u011bd\u00ed  zesm\u011b\u0161nil. Zeptal se ho toti\u017e, zda by n\u011bco napsal proti \u010dlov\u011bku, kter\u00fd  v\u00a0minulosti \u00fasp\u011b\u0161n\u011b kandidoval jako \u010dlen za KS\u010c, tedy zlo\u010dineckou  organizaci, kter\u00e1 zavra\u017edila Miladu Hor\u00e1kovou a stovky dal\u0161\u00edch  politick\u00fdch v\u011bz\u0148\u016f, a potom co by vystoupil z\u00a0t\u00e9to strany, se stal prvn\u00edm  n\u00e1m\u011bstkem ministra \u0161kolstv\u00ed. \u0160\u0165astn\u00fd, nic netu\u0161\u00edc, op\u00e1\u010dil, \u017ee by proti  tomu rozhodn\u011b napsal. A Jakl se ho optal: \u201eTak pro\u010d jste to neud\u011blal?  Ten p\u0159\u00edpad se stal, b\u00fdval\u00fd \u010dlen a \u00fasp\u011b\u0161n\u00fd kandid\u00e1t KS\u010c, se po roce 1989  stal prvn\u00edm n\u00e1m\u011bstkem ministra \u0161kolstv\u00ed a vy jste proti tomu nenapsal  nic. Z\u0159ejm\u011b proto, \u017ee o tom nev\u00edte.\u201c \u0160\u0165astn\u00fd patrn\u011b nev\u011bd\u011bl co na to  \u0159\u00edci a jen mumlal n\u011bco o tom, \u017ee se ptal na n\u011bco jin\u00e9ho. \u201eM\u00edsto toho se  nav\u00e1\u017e\u00edte do Ladislava B\u00e1tory, kter\u00fd kandidoval za stranu, je\u017e je  nep\u0159ijateln\u00e1 pro v\u00e1s osobn\u011b,\u201c dodal mu Jakl.<\/p>\n<p>\u010cl\u00e1nek, kter\u00fd \u0160\u0165astn\u00e9mu druh\u00fd den jeho domovsk\u00e1 Mlad\u00e1 fronta otiskla,  ov\u0161em mluvil zcela jinak. M\u00edsto z\u00e1sadn\u00ed Jaklovy v\u011bty \u201ekolik jste proti  tomu vy napsal \u010dl\u00e1nk\u016f?\u201c se m\u016f\u017eeme do\u010d\u00edst: \u201ekolik o tom bylo naps\u00e1no  \u010dl\u00e1nk\u016f?\u201c Nev\u011bdom\u00fd \u010dten\u00e1\u0159 MFD tak netu\u0161\u00ed, jak ze sebe autor ud\u011blal  pitomce a je\u0161t\u011b se myln\u011b domn\u00edv\u00e1, \u017ee president\u016fv tajemn\u00edk neodpov\u011bd\u011bl na  polo\u017eenou ot\u00e1zku.<\/p>\n<p>V\u00a0souvislosti s\u00a0V\u00e1clavem Klausem tak\u00e9 \u0160\u0165astn\u00fd p\u00ed\u0161e, \u017ee \u201emimochodem  Dobe\u0161 p\u0159iznal, \u017ee mu B\u00e1toru doporu\u010dili lid\u00e9 z\u00a0Hradu.\u201c J\u00e1 se pt\u00e1m, co je  na tom \u0161patn\u00e9ho? Je p\u0159ece zcela norm\u00e1ln\u00ed, kdy\u017e hled\u00e1m n\u011bjak\u00e9ho  zam\u011bstnance \u010di spolupracovn\u00edka, tak se obr\u00e1t\u00edm na r\u016fzn\u00e9 strany s\u00a0t\u00edm,  jestli mi mohou n\u011bkoho doporu\u010dit. A z\u00e1le\u017e\u00ed pouze na mn\u011b, jestli budu na  tato doporu\u010den\u00ed n\u011bjak reflektovat.<\/p>\n<p>Ten \u010dl\u00e1nek, pro kter\u00fd by v\u00edce sed\u011blo pojmenov\u00e1n\u00ed protihradn\u00ed,  protiklausovsk\u00fd \u010di protib\u00e1torovsk\u00fd pamflet obsahuje i mnoho zna\u010dn\u011b  negativn\u011b a\u017e l\u017eiv\u011b zkresluj\u00edc\u00edch obrat\u016f. Jeden p\u0159\u00edklad za v\u0161echny. O  tom, kdy\u017e Ladislav B\u00e1tora sd\u011bloval publiku (ji\u017e nes\u010detn\u011bkr\u00e1t vy\u0159\u010den\u00e9)  d\u016fvody, pro\u010d kandidoval za N\u00e1rodn\u00ed stranu, tak pan \u0160\u0165astn\u00fd napsal do  \u010dl\u00e1nku, \u017ee d\u016fvody \u201epon\u011bkud krkolomn\u011b l\u00ed\u010dil\u201c. Doktor B\u00e1tora nic krkolomn\u011b  nel\u00ed\u010dil, hovo\u0159il o tom naprosto jasnou a p\u0159\u00edmou mluvou. Manipul\u00e1tor  \u0160\u0165astn\u00fd tak cht\u011bl sv\u00e9 \u010dten\u00e1\u0159e fale\u0161n\u011b utvrdit v\u00a0tom, \u017ee se pan B\u00e1tora  ani neum\u00ed obh\u00e1jit. Nav\u00edc ani nev\u00edm, pro\u010d by se m\u011bl v\u016fbec Ladislav B\u00e1tora  obhajovat. Jako svobodn\u00fd ob\u010dan se rozhodl kandidovat za leg\u00e1ln\u00ed,  z\u00e1konem uznanou, tedy legitimn\u00ed a ministerstvem vnitra \u0159\u00e1dn\u011b  registrovanou politickou stranu, kter\u00e1 nikdy neporu\u0161ila z\u00e1kony t\u00e9to  zem\u011b. Kde je tu pot\u0159eba jak\u00e9 obhajoby?<\/p>\n<p>Krom\u011b toho, \u017ee autor v\u00a0\u010dl\u00e1nku p\u0159eskakuje pr\u016fb\u011bh akce a d\u016fle\u017eit\u00e9  momenty, jak se mu zl\u00edb\u00ed, nenapsal ani v\u0161echna jm\u00e9na diskutuj\u00edc\u00edch  panelist\u016f. Byli jimi u\u017e zm\u00edn\u011bn\u00ed Ladislav Jakl, Jana Bobo\u0161\u00edkov\u00e1, Hynek  Fajmon a d\u00e1le tak\u00e9 Petr Jur\u010d\u00edk, p\u0159edseda Mlad\u00fdch k\u0159es\u0165ansk\u00fdch demokrat\u016f a  Ji\u0159\u00ed Hejlek, \u010dlen st\u0159edo\u010desk\u00e9ho krajsk\u00e9ho v\u00fdboru TOP 09. \u0160\u0165astn\u00e9ho  \u010dl\u00e1nek zmi\u0148uje vedle Ladislava Jakla u\u017e jen Janu Bobo\u0161\u00edkovou a sna\u017e\u00ed se  \u010dten\u00e1\u0159\u016fm podsunout, \u017ee zat\u00edmco Bobo\u0161\u00edkov\u00e1 v\u00a0projevu B\u00e1toru jen h\u00e1jila,  co pr\u00fd \u0159\u00edk\u00e1 na to, \u017ee se proti jeho anga\u017eov\u00e1n\u00ed na ministerstvu \u0161kolstv\u00ed  postavila i v\u011bdeck\u00e1 rada Filosofick\u00e9 fakulty University Karlovy. P\u0159itom  Jana Bobo\u0161\u00edkov\u00e1 ve sv\u00e9m vystoupen\u00ed mluvila hlavn\u011b o tom! Podivovala se  pr\u00e1v\u011b nad t\u00edm, jak v\u011bdeck\u00e1 rada FF UK odsoudila dr. B\u00e1toru se slovy, \u017ee  \u201e\u010dlov\u011bk s\u00a0podobn\u00fdmi xenofobn\u00edmi n\u00e1zory nem\u00e1 v\u00a0takov\u00e9 funkci co d\u011blat.\u201c  V\u011bdeck\u00e1 rada nep\u0159edlo\u017eila jeden jedin\u00fd d\u016fkaz, ze kter\u00e9ho by vypl\u00fdvalo,  \u017ee Ladislav B\u00e1tora zast\u00e1v\u00e1 xenofobn\u00ed n\u00e1zory a p\u0159itom ve sv\u00e9m prohl\u00e1\u0161en\u00ed  p\u00ed\u0161e \u201elid\u00e9 s\u00a0podobn\u00fdmi xenofobn\u00edmi\u2026\u201c No j\u00e1 nev\u00edm, ale kdy\u017e pou\u017e\u00edv\u00e1m  slovo <em>podobn\u00fd<\/em>, tak p\u0159ece mus\u00edm \u0159\u00edct podobn\u00fd \u010demu. To bychom ale  v\u00a0onom textu hledali marn\u011b. K\u00a0tomu v\u0161emu je je\u0161t\u011b pot\u0159eba doplnit, \u017ee  dr. B\u00e1tora napsal d\u011bkanovi FF UK (kter\u00fd jedin\u00fd byl pod prohl\u00e1\u0161en\u00edm  podepsan\u00fd) otev\u0159en\u00fd dopis, ve kter\u00e9m ho, mimo jin\u00e9, vyz\u00fdv\u00e1, aby dolo\u017eil,  jak\u00e9 \u017ee to xenofobn\u00ed n\u00e1zory zast\u00e1v\u00e1. Kdy\u017e pr\u00fd d\u011bkan dolo\u017e\u00ed jeden  jedin\u00fd, B\u00e1tora mu slibuje, \u017ee u\u017e nikdy nep\u0159ekro\u010d\u00ed pr\u00e1h ministerstva  \u0161kolstv\u00ed. D\u011bkan Stehl\u00edk na tohle ov\u0161em nebyl schopn\u00fd odpov\u011bd\u011bt.<\/p>\n<p>D\u00e1le pova\u017euji za alarmuj\u00edc\u00ed u\u017e samu skute\u010dnost, \u017ee se Filosofick\u00e1  fakulta UK vyjad\u0159uje k\u00a0politick\u00fdm z\u00e1le\u017eitostem. Pro \u0161koln\u00ed \u010di akademick\u00e9  org\u00e1ny je p\u0159ece dle platn\u00fdch z\u00e1kon\u016f jak\u00e1koliv politick\u00e1 anga\u017eovanost  zak\u00e1zan\u00e1. Jednodu\u0161e \u0159e\u010deno, \u0161kol\u00e1m nen\u00ed nic do toho, koho si ministr  \u0161kolstv\u00ed vybere za n\u00e1m\u011bstka \u010di spolupracovn\u00edka. Zat\u00edm tu snad po\u0159\u00e1d  plat\u00ed, \u017ee ministr \u0159\u00edd\u00ed \u0161kolstv\u00ed, nikoliv obr\u00e1cen\u011b.<\/p>\n<p>K\u00a0tomu, aby \u010dten\u00e1\u0159i \u00fapln\u011b podlehli dojmu, \u017ee maj\u00ed co do\u010din\u011bn\u00ed se  \u201e\u0161patn\u00fdmi\u201c lidmi, s\u00a0nimi\u017e nen\u00ed \u017e\u00e1douc\u00ed se ani pozdravit na ulici,  pou\u017e\u00edv\u00e1 neust\u00e1le \u0160\u0165astn\u00fd v\u00a0\u010dl\u00e1nku slovo extr\u00e9mista a to snad ve v\u0161ech  jeho p\u00e1dech. M\u016f\u017ee n\u00e1m pan autor objasnit definici toho, kdo je a nen\u00ed  extr\u00e9mista? Je to snad n\u011bkdo, kdo nesouhlas\u00ed s\u00a0jeho n\u00e1zory? Nebo n\u011bkdo,  kdo m\u00e1 odli\u0161n\u00e9 n\u00e1zory od t\u011bch, kter\u00e1 n\u00e1m den co den, tu v\u00edce, tu m\u00e9n\u011b,  podsouvaj\u00ed m\u00e9dia? A\u0165 se pan Ond\u0159ej \u0160\u0165astn\u00fd zept\u00e1 t\u0159eba doc. Miroslava  Mare\u0161e, odborn\u00edka a b\u00fdval\u00e9ho soudn\u00edho znalce na extr\u00e9mismus, kter\u00fd by  touto n\u00e1lepkou Ladislava B\u00e1toru ur\u010dit\u011b neozna\u010dil. Neozna\u010dil tak toti\u017e  ani N\u00e1rodn\u00ed stranu, za n\u00ed\u017e dr. B\u00e1tora kandidoval. I tohle mo\u017en\u00e1 pan  \u0160\u0165astn\u00fd v\u00ed, jen necht\u011bl, aby to v\u011bd\u011bli i lid\u00e9, kte\u0159\u00ed si p\u0159e\u010dtou jeho  \u010dl\u00e1nek. Slovo extr\u00e9mismus toti\u017e velmi l\u00e1k\u00e1 ke spojen\u00ed se slovem  terorismus. A ejhle, \u010dten\u00e1\u0159i, bojte se! Od takov\u00fdch lid\u00ed ruce pry\u010d nebo  \u0161patn\u011b dopadnete!<\/p>\n<p>\u0158e\u010dn\u00edci p\u0159i Hovorech na pravici, kte\u0159\u00ed hledali odpov\u011b\u010f na ot\u00e1zku, co  mohlo b\u00fdt skute\u010dn\u00fdm d\u016fvodem kampan\u011b veden\u00e9 proti dr. B\u00e1torovi, se  shodovali na sl\u016fvku <em>strach<\/em>. Strach lid\u00ed z\u00a0ve\u0159ejn\u00e9ho projevu  sv\u00fdch n\u00e1zor\u016f, kter\u00e9 jsou odli\u0161n\u00e9 od t\u011bch, kter\u00e9 n\u00e1m ordinuj\u00ed m\u00e9dia a  r\u016fzn\u00e9 elit\u00e1\u0159sk\u00e9 spolky. M\u00edstop\u0159edseda Akce D.O.S.T. Petr Bahn\u00edk, kter\u00fd  v\u00a0\u00favodu vystoupil, snad nejl\u00e9pe popsal dobu, v\u00a0n\u00ed\u017e \u017eijeme. Mluvil o tom,  \u017ee z\u00a0t\u011bch v\u0161ech \u0161tvav\u00fdch \u010dl\u00e1nk\u016f, kter\u00fd byly proti Ladislavu B\u00e1torovi  publikov\u00e1ny, byl nejstra\u0161n\u011bj\u0161\u00ed ten od Martina Kom\u00e1rka (shodou n\u00e1hod tak\u00e9  z\u00a0MF Dnes), kter\u00fd nijak ne\u00fato\u010dil a nenad\u00e1val, ale jeho z\u00e1v\u011br byl  naprosto \u0161okuj\u00edc\u00ed tvrzen\u00edm, \u017ee Ladislavu B\u00e1torovi se p\u0159ece ned\u011bje v\u016fbec  nic \u0161patn\u00e9ho, on jenom nesm\u00ed kv\u016fli sv\u00fdm n\u00e1zor\u016fm vykon\u00e1vat ur\u010dit\u00e1  zam\u011bstn\u00e1n\u00ed a to si pr\u00fd mus\u00ed uv\u011bdomit. Jak Petr Bahn\u00edk poznamenal, to  p\u0159ece nejsou popravy let pades\u00e1t\u00fdch, je to pouze normalizace let  sedmdes\u00e1t\u00fdch. M\u00e1te-li prost\u011b n\u00e1zor jin\u00fd, ne\u017e jak\u00e1 je norma, smi\u0159te se  s\u00a0t\u00edm, \u017ee nenajdete pr\u00e1ci a budete ve\u0159ejn\u011b zostouzen. Co je na tom  \u0161patn\u00e9ho, vi\u010fte?<\/p>\n<p>Nyn\u00ed, abych odpov\u011bd\u011bl na ot\u00e1zku, kterou jsem polo\u017eil v\u00a0titulku,  mysl\u00edm si, \u017ee takhle nesm\u00ed v\u0161echno skon\u010dit a tak\u00e9 neskon\u010d\u00ed. Mus\u00edme vid\u011bt  sv\u011btlo na konci tunelu a j\u00e1 ho tam vid\u00edm. Ladislav B\u00e1tora n\u011bkde \u0159ekl,  \u017ee tuhle dobu n\u00e1padn\u011b pozn\u00e1v\u00e1, v\u00a0osmdes\u00e1t\u00fdch letech to tak\u00e9 nevypadalo  na n\u011bjak\u00fd rychl\u00fd konec, a jak to potom s\u00a0re\u017eimem dopadlo.<\/p>\n<p>Mohl bych se pt\u00e1t, jak je mo\u017en\u00e9, aby \u010dlov\u011bk, kter\u00fd je jednozna\u010dn\u011b  negativn\u011b zaujat\u00fd nejen proti Hradu, ale i proti doktoru B\u00e1torovi a jeho  okruhu byl hlavn\u00edm autorem \u010dl\u00e1nk\u016f na toto t\u00e9ma. J\u00e1 se na to ale  nezept\u00e1m, proto\u017ee on je t\u00edm autorem pr\u00e1v\u011b z t\u011bch d\u016fvod\u016f. Redakce  n\u011bmeck\u00fdch \u010desky psan\u00fdch novin m\u00e1 jistotu, \u017ee bude o \u017e\u00e1dan\u00fdch t\u00e9matech  naps\u00e1no spolehliv\u011b tak, jak r\u00e1\u010d\u00ed k\u00e1zat vydavatel. V\u011b\u0159\u00edm ale v\u00a0to a jsem  si t\u00edm jist\u00fd, \u017ee lid\u00e9 podobn\u00ed Ond\u0159eji \u0160\u0165astn\u00e9mu nejsou budoucnost\u00ed \u010desk\u00e9  \u017eurnalistiky. To rozhodn\u011b ne, to by byl v\u00fdsm\u011bch svobod\u011b, voln\u00e9mu \u0161\u00ed\u0159en\u00ed  n\u00e1zor\u016f, rovn\u00e9 sout\u011b\u017ei politick\u00fdch sm\u011br\u016f a demokracii. Takov\u00fdch  novin\u00e1\u0159\u016f, jako je t\u0159eba a pr\u00e1v\u011b \u0160\u0165astn\u00fd je zat\u00edm hodn\u011b, je jich mo\u017en\u00e1 i  v\u011bt\u0161ina. Nicm\u00e9n\u011b \u010destn\u00e9 v\u00fdjimky, kter\u00e9 existuj\u00ed a kter\u00e9 zn\u00e1m, jsou t\u00edm  sv\u011btlem v\u00a0tunelu.<\/p>\n<p><a href=\"http:\/\/panenka.blog.idnes.cz\/c\/185389\/Lhar-a-manipulator-Ondrej-Stastny-Budoucnost-ceske-zurnalistiky.html\" target=\"_blank\">Zdroj<\/a><\/div>\n","protected":false},"excerpt":{"rendered":"<p>V n\u00e1sleduj\u00edc\u00edch odstavc\u00edch se pokus\u00edm p\u0159in\u00e9st autentick\u00e9 sv\u011bdectv\u00ed o naprost\u00e9 ignoranci, v\u011bdom\u00fdch l\u017eech, zkreslov\u00e1n\u00ed fakt\u016f a z\u00e1m\u011brn\u00fdch manipulac\u00edch ze strany den\u00edku Mlad\u00e1 fronta DNES a hlavn\u011b pak jej\u00edho redaktora Ond\u0159eje \u0160\u0165astn\u00e9ho. \u010cl\u00e1nek p\u00ed\u0161u a\u017e nyn\u00ed, n\u011bkolik dn\u00ed po on\u011bch ud\u00e1lostech, kter\u00fdm jsem byl p\u0159\u00edmo p\u0159\u00edtomen a to z dobr\u00e9ho d\u016fvodu.<\/p>\n","protected":false},"author":1,"featured_media":0,"comment_status":"open","ping_status":"open","sticky":false,"template":"","format":"standard","meta":{"ngg_post_thumbnail":0,"footnotes":""},"categories":[11],"tags":[],"class_list":["post-897","post","type-post","status-publish","format-standard","hentry","category-ozvena"],"_links":{"self":[{"href":"https:\/\/www.ladislavjakl.cz\/index.php?rest_route=\/wp\/v2\/posts\/897","targetHints":{"allow":["GET"]}}],"collection":[{"href":"https:\/\/www.ladislavjakl.cz\/index.php?rest_route=\/wp\/v2\/posts"}],"about":[{"href":"https:\/\/www.ladislavjakl.cz\/index.php?rest_route=\/wp\/v2\/types\/post"}],"author":[{"embeddable":true,"href":"https:\/\/www.ladislavjakl.cz\/index.php?rest_route=\/wp\/v2\/users\/1"}],"replies":[{"embeddable":true,"href":"https:\/\/www.ladislavjakl.cz\/index.php?rest_route=%2Fwp%2Fv2%2Fcomments&post=897"}],"version-history":[{"count":1,"href":"https:\/\/www.ladislavjakl.cz\/index.php?rest_route=\/wp\/v2\/posts\/897\/revisions"}],"predecessor-version":[{"id":898,"href":"https:\/\/www.ladislavjakl.cz\/index.php?rest_route=\/wp\/v2\/posts\/897\/revisions\/898"}],"wp:attachment":[{"href":"https:\/\/www.ladislavjakl.cz\/index.php?rest_route=%2Fwp%2Fv2%2Fmedia&parent=897"}],"wp:term":[{"taxonomy":"category","embeddable":true,"href":"https:\/\/www.ladislavjakl.cz\/index.php?rest_route=%2Fwp%2Fv2%2Fcategories&post=897"},{"taxonomy":"post_tag","embeddable":true,"href":"https:\/\/www.ladislavjakl.cz\/index.php?rest_route=%2Fwp%2Fv2%2Ftags&post=897"}],"curies":[{"name":"wp","href":"https:\/\/api.w.org\/{rel}","templated":true}]}}