{"id":899,"date":"2011-04-11T16:05:24","date_gmt":"2011-04-11T15:05:24","guid":{"rendered":"http:\/\/www.ladislavjakl.cz\/?p=899"},"modified":"2011-04-11T16:05:24","modified_gmt":"2011-04-11T15:05:24","slug":"hloupost-nesmysl-nestoudnost-prezitek-%e2%80%93-to-vse-je-%e2%80%9eletni-cas%e2%80%9c","status":"publish","type":"post","link":"https:\/\/www.ladislavjakl.cz\/?p=899","title":{"rendered":"Hloupost, nesmysl, nestoudnost, p\u0159e\u017eitek \u2013 to v\u0161e je \u201eLetn\u00ed \u010das\u201c"},"content":{"rendered":"<p>U\u017e zase p\u0159es t\u00fdden m\u011b\u0159\u00edme \u010das jinak. Sta\u010dila jedna  vte\u0159ina a jedn\u00e9 sobotn\u00ed noci najednou nebyly dv\u011b hodiny r\u00e1no, ale u\u017e  t\u0159i. M\u00e1vnut\u00ed kouzeln\u00e9ho proutku? Nikoliv, jen hloup\u00e9 na\u0159\u00edzen\u00ed, kter\u00e9  z\u00a0b\u016fhv\u00ed jak\u00e9ho d\u016fvodu st\u00e1le p\u0159etrv\u00e1v\u00e1.<\/p>\n<p><!--more--><\/p>\n<div>\n<p style=\"text-align: justify;\">Jako  d\u00edt\u011b a velmi mlad\u00fd \u010dlov\u011bk jsem zm\u011bnu \u010dasu nijak nepro\u017e\u00edvala a celkem  jsem se divila n\u00e1zor\u016fm a zku\u0161enostem star\u0161\u00edch, \u017ee je \u010dasov\u00fd posun  dokonce nezdrav\u00fd. Dnes tomu rozum\u00edm. Je\u0161t\u011b po t\u00fddnu od p\u0159e\u0159\u00edzen\u00ed hodin  na aktu\u00e1ln\u011b \u201espr\u00e1vn\u00fd\u201c \u010das m\u011b st\u00e1le udivuje, kolik \u017ee to vlastn\u011b je.  St\u00e1le n\u011bjak podv\u011bdom\u011b \u201ejedu\u201c v tom star\u00e9m zab\u011bhan\u00e9m \u010dase.<\/p>\n<p style=\"text-align: justify;\">Ladislav Jakl vyzval v\u00a0blogu na idnes ke  zru\u0161en\u00ed letn\u00edho \u010dasu. P\u0159id\u00e1v\u00e1m se a v\u011b\u0159\u00edm, \u017ee lid\u00ed s\u00a0t\u00edmto n\u00e1zorem, je  spousta. P\u0159id\u00e1v\u00e1m tak\u00e9 podstatn\u00fd argument, kter\u00fd v\u00a0textu prezidentova  tajemn\u00edka nezazn\u011bl a kter\u00fd aktu\u00e1ln\u011b tr\u00e1p\u00ed m\u011b a jist\u011b mnoho dal\u0161\u00edch lid\u00ed.<\/p>\n<p style=\"text-align: justify;\">To, \u017ee si n\u011bkdo vymyslel, \u017ee budeme  p\u0159e\u0161telov\u00e1vat dvakr\u00e1t ro\u010dn\u011b hodiny, a to z\u00a0d\u016fvodu \u0161et\u0159en\u00ed energiemi  (dnes u\u017e nav\u00edc tento efekt mnoz\u00ed zpochyb\u0148uj\u00ed), m\u016f\u017ee mo\u017en\u00e1 pochopit a  akceptovat dosp\u011bl\u00fd \u010dlov\u011bk. M\u016f\u017ee se tomu t\u0159eba i bez probl\u00e9m\u016f  p\u0159izp\u016fsobit. Jak ale chcete vysv\u011btlit takovou zm\u011bnu t\u0159eba batoleti?<\/p>\n<p style=\"text-align: justify;\">Rodi\u010de se v\u011bt\u0161inou sna\u017e\u00ed, aby d\u00edt\u011b m\u011blo  pravideln\u00fd re\u017eim. Moudr\u00e9 hlavy rad\u00ed \u2013 d\u00edt\u011b pot\u0159ebuje pevn\u00e9 hranice, je  si pak v\u00a0tom velk\u00e9m nezn\u00e1m\u00e9m sv\u011bt\u011b jist\u011bj\u0161\u00ed a je klidn\u011bj\u0161\u00ed, kdy\u017e v\u00ed, co  kdy p\u0159ijde a co \u010demu a kdy p\u0159edch\u00e1z\u00ed. Z\u0159ejm\u011b to tak i bude. Dob\u0159e tedy,  sna\u017e\u00edte se, aby d\u00edtko chodilo od mali\u010dka ve stejnou hodinu sp\u00e1t, aby ve  stejnou hodinu ob\u011bdvalo apod. A pak p\u0159ijde jednou za p\u016fl roku noc ze  soboty na ned\u011bli a b\u00e1c, najednou m\u00e1 mim\u010do pochopit, \u017ee te\u010f jsme si to  rozmysleli a u\u017e nen\u00ed sedm ve\u010der, ale u\u017e\u00a0je osm, tak\u017ee hajdy do postele a  bez \u0159e\u010d\u00ed spinkat!!? Samoz\u0159ejm\u011b kravina.<\/p>\n<p style=\"text-align: justify;\">Tak\u017ee rodi\u010de pomalu p\u0159izp\u016fsobuj\u00ed d\u011bti  nov\u00e9mu \u010dasu a to znamen\u00e1, \u017ee prvn\u00ed dny nechod\u00ed sp\u00e1t d\u00edt\u011b v\u00a0osm, ale a\u017e  v\u00a0dev\u011bt. Nevst\u00e1v\u00e1 v\u00a0sedm, ale a\u017e v\u00a0osm, neob\u011bdv\u00e1 ve dvan\u00e1ct, ale a\u017e  v\u00a0jednu atd. Um\u011ble pak mus\u00edte posouvat re\u017eim t\u0159eba po \u010dtvrt nebo p\u016fl  hodin\u00e1ch a trv\u00e1 to \u0159adu dn\u016f, ne-li t\u00fddn\u016f, ne\u017e je v\u0161e zase v\u00a0norm\u011b.  Nabour\u00e1v\u00e1 to rodinnou pohodu a je s\u00a0t\u00edm spousta zbyte\u010dn\u00fdch starost\u00ed.<\/p>\n<p style=\"text-align: justify;\">Stejn\u00fd probl\u00e9m ur\u010dit\u011b za\u017e\u00edvaj\u00ed t\u0159eba  lid\u00e9, kte\u0159\u00ed chovaj\u00ed zv\u00ed\u0159ata, a\u0165 doma nebo ta hospod\u00e1\u0159sk\u00e1. I t\u011bm  nevysv\u011btl\u00edte, \u017ee u\u017e vlastn\u011b nen\u00ed tolik, kolik bylo je\u0161t\u011b v\u010dera touhle  dobou&#8230;<\/p>\n<p style=\"text-align: justify;\">Prost\u011b a jednodu\u0161e \u2013 ka\u017ed\u00fd rozumn\u00fd  \u010dlov\u011bk v\u00ed, \u017ee \u010das je jen a jen jeden. Zhmotnili jsme si ho pomoc\u00ed  vyn\u00e1lezu hodin, kter\u00e9 n\u00e1m neomyln\u011b a neoddiskutovateln\u011b odtik\u00e1vaj\u00ed  vte\u0159inu za vte\u0159inou, minutu za minutou, hodinu za hodinou. Nechme tedy  \u010das plynout a nezasahujme do jeho m\u011b\u0159en\u00ed. Je to hloup\u00e9, z\u0159ejm\u011b bez\u00fa\u010deln\u00e9  a mo\u017en\u00e1 opravdu i nezdrav\u00e9!<\/p>\n<p style=\"text-align: justify;\">PS: Za zru\u0161en\u00ed letn\u00edho \u010dasu bojuje  sen\u00e1tor KDU-\u010cSL Petr \u0160ilar. V\u00a0p\u016fli kv\u011btna (konkr\u00e9tn\u011b 17.5. od 9:00 hod.)  se bude v\u00a0Sen\u00e1tu k\u00a0t\u00e9to ot\u00e1zce konat ve\u0159ejn\u00e9 sly\u0161en\u00ed a budou se k\u00a0n\u00ed  zde vyjad\u0159ovat odborn\u00edci z\u00a0r\u016fzn\u00fdch oblast\u00ed. Mo\u017en\u00e1, \u017ee se n\u00e1m\u00a0tedy  kone\u010dn\u011b bl\u00fdsk\u00e1 na lep\u0161\u00ed (hloup\u00fdm na\u0159\u00edzen\u00edm nep\u0159e\u0161telov\u00e1van\u00e9) \u010dasy!<\/p>\n<p style=\"text-align: justify;\">\n<p style=\"text-align: justify;\"><a href=\"http:\/\/souhradova.blog.idnes.cz\/c\/185340\/Hloupost-nesmysl-nestoudnost-prezitek-to-vse-je-Letni-cas.html\" target=\"_blank\">Zdroj<\/a><\/p>\n<\/div>\n","protected":false},"excerpt":{"rendered":"<p>U\u017e zase p\u0159es t\u00fdden m\u011b\u0159\u00edme \u010das jinak. Sta\u010dila jedna vte\u0159ina a jedn\u00e9 sobotn\u00ed noci najednou nebyly dv\u011b hodiny r\u00e1no, ale u\u017e t\u0159i. M\u00e1vnut\u00ed kouzeln\u00e9ho proutku? Nikoliv, jen hloup\u00e9 na\u0159\u00edzen\u00ed, kter\u00e9 z\u00a0b\u016fhv\u00ed jak\u00e9ho d\u016fvodu st\u00e1le p\u0159etrv\u00e1v\u00e1.<\/p>\n","protected":false},"author":1,"featured_media":0,"comment_status":"open","ping_status":"open","sticky":false,"template":"","format":"standard","meta":{"ngg_post_thumbnail":0,"footnotes":""},"categories":[11],"tags":[],"class_list":["post-899","post","type-post","status-publish","format-standard","hentry","category-ozvena"],"_links":{"self":[{"href":"https:\/\/www.ladislavjakl.cz\/index.php?rest_route=\/wp\/v2\/posts\/899","targetHints":{"allow":["GET"]}}],"collection":[{"href":"https:\/\/www.ladislavjakl.cz\/index.php?rest_route=\/wp\/v2\/posts"}],"about":[{"href":"https:\/\/www.ladislavjakl.cz\/index.php?rest_route=\/wp\/v2\/types\/post"}],"author":[{"embeddable":true,"href":"https:\/\/www.ladislavjakl.cz\/index.php?rest_route=\/wp\/v2\/users\/1"}],"replies":[{"embeddable":true,"href":"https:\/\/www.ladislavjakl.cz\/index.php?rest_route=%2Fwp%2Fv2%2Fcomments&post=899"}],"version-history":[{"count":1,"href":"https:\/\/www.ladislavjakl.cz\/index.php?rest_route=\/wp\/v2\/posts\/899\/revisions"}],"predecessor-version":[{"id":900,"href":"https:\/\/www.ladislavjakl.cz\/index.php?rest_route=\/wp\/v2\/posts\/899\/revisions\/900"}],"wp:attachment":[{"href":"https:\/\/www.ladislavjakl.cz\/index.php?rest_route=%2Fwp%2Fv2%2Fmedia&parent=899"}],"wp:term":[{"taxonomy":"category","embeddable":true,"href":"https:\/\/www.ladislavjakl.cz\/index.php?rest_route=%2Fwp%2Fv2%2Fcategories&post=899"},{"taxonomy":"post_tag","embeddable":true,"href":"https:\/\/www.ladislavjakl.cz\/index.php?rest_route=%2Fwp%2Fv2%2Ftags&post=899"}],"curies":[{"name":"wp","href":"https:\/\/api.w.org\/{rel}","templated":true}]}}