{"id":903,"date":"2011-04-12T08:19:53","date_gmt":"2011-04-12T07:19:53","guid":{"rendered":"http:\/\/www.ladislavjakl.cz\/?p=903"},"modified":"2011-04-12T08:19:53","modified_gmt":"2011-04-12T07:19:53","slug":"primator-svoboda-k-dostavbe-staromestske-radnice","status":"publish","type":"post","link":"https:\/\/www.ladislavjakl.cz\/?p=903","title":{"rendered":"Prim\u00e1tor Svoboda k dostavb\u011b Starom\u011bstsk\u00e9 radnice"},"content":{"rendered":"<p>Hradn\u00ed tajemn\u00edk Ladislav Jakl otev\u0159el debatu o dostavb\u011b Starom\u011bstsk\u00e9 radnice. Z\u00edskali jsme vyj\u00e1d\u0159en\u00ed prim\u00e1tora Prahy.<\/p>\n<p><!--more-->&#8222;Domn\u00edv\u00e1m se, \u017ee probl\u00e9m Starom\u011bstsk\u00e9ho n\u00e1m\u011bst\u00ed je zrcadlem, v n\u011bm\u017e se  odr\u00e1\u017e\u00ed problematika cel\u00e9 historick\u00e9 Prahy,&#8220; napsal pro redakci  Prvnizpravy.cz v exklusivn\u00edm vyj\u00e1d\u0159en\u00ed prim\u00e1tor metropole Bohuslav  Svoboda (ODS).<\/p>\n<p>\u0158e\u0161en\u00ed prostoru Starom\u011bstsk\u00e9ho n\u00e1m\u011bst\u00ed a jeho  okol\u00ed je podle n\u011bj dlouhodob\u00fd proces, kter\u00fd se mus\u00ed odehr\u00e1vat v dialogu s  odborn\u00edky i se \u0161irokou ve\u0159ejnost\u00ed m\u011bsta.<\/p>\n<p>P\u0159ipomn\u011bl, \u017ee diskuze  nad dosavadn\u00edmi sout\u011b\u017eemi, nad perspektivou a p\u0159edstavami o budouc\u00ed  podob\u011b Starom\u011bstsk\u00e9ho n\u00e1m\u011bst\u00ed, se vedla u\u017e n\u011bkolikr\u00e1t. A polemiky se  budou v\u00e9st neust\u00e1le.<\/p>\n<p>&#8222;Nicm\u00e9n\u011b bych r\u00e1d p\u0159i t\u00e9to p\u0159\u00edle\u017eitosti  \u0159ekl, \u017ee osobn\u011b vn\u00edm\u00e1m probl\u00e9m z n\u00e1sleduj\u00edc\u00ed perspektivy: Sou\u010dasn\u00e1  podoba Starom\u011bstsk\u00e9ho n\u00e1m\u011bst\u00ed nen\u00ed jen skanzen, ale m\u00edsto, kde se  odehr\u00e1v\u00e1 skoro v\u0161e, je to m\u00edsto demonstrac\u00ed, trh\u016f, oslav \u00fasp\u011bch\u016f,  zap\u00edjen\u00ed proher a okr\u00e1d\u00e1n\u00ed turist\u016f. Jedn\u00e1 se tedy o m\u00edsto bez z\u0159ejm\u00e9  definice \u00fa\u010delu. V tomto p\u0159\u00edpad\u011b bych tedy cht\u011bl podotknout, \u017ee se mus\u00edme  bavit o cel\u00e9 redefinici prostoru Starom\u011bstsk\u00e9ho n\u00e1m\u011bst\u00ed, o jeho \u00fa\u010delu a  schopnosti nab\u00eddnout n\u011bco v\u00edc ne\u017e jen atrakci pro turisty,&#8220; napsal  prim\u00e1tor.<\/p>\n<p>P\u0159imlouv\u00e1 se tak za diskuzi, kter\u00e1 by se zab\u00fdvala i schopnost\u00ed nab\u00eddnout smyslupln\u00fd funk\u010dn\u00ed prostor pro \u017eivot Pra\u017ean\u016f.<\/p>\n<p>&#8222;Je  t\u0159eba se rozhodnout: pokud m\u00e1 n\u00e1m\u011bst\u00ed b\u00fdt trhem, a\u0165 funguje jako  tr\u017ei\u0161t\u011b; pokud ne, a\u0165 je n\u00e1m\u011bst\u00edm, korzem a m\u00edstem posezen\u00ed, kde mohou  Pra\u017ean\u00e9 i n\u00e1v\u0161t\u011bvn\u00edci hlavn\u00edho m\u011bsta obdivovat genia loci dan\u00e9ho  prostoru. Ten je nesm\u00edrn\u011b p\u016fsobiv\u00fd, navzdory ran\u00e1m a jizv\u00e1m, kter\u00e9  n\u00e1m\u011bst\u00ed utrp\u011blo ve 20. stolet\u00ed,&#8220; p\u00ed\u0161e Svoboda.<\/p>\n<p>Prim\u00e1tor s\u00e1m  p\u0159ipou\u0161t\u00ed, \u017ee zat\u00edm osobn\u011b nen\u00ed jasn\u011b rozhodnut, zda za ka\u017edou cenou  pr\u00e1zdn\u00fd prostor po vyho\u0159el\u00e9m k\u0159\u00eddle Starom\u011bstsk\u00e9 radnice osadit dal\u0161\u00ed  budovou, nebo zda se sp\u00ed\u0161e neuch\u00fdlit pouze k jak\u00e9si ritu\u00e1ln\u00ed podob\u011b  m\u00edsta, n\u00e1znaku, symbolu, skulptu\u0159e.<\/p>\n<p>&#8222;Prost\u011b a jednodu\u0161e jde o to  naj\u00edt odvahu p\u0159ij\u00edt se zcela nov\u00fdm \u0159e\u0161en\u00edm, kter\u00e9 se nebude sna\u017eit za  ka\u017edou cenu postavit dal\u0161\u00ed pomn\u00edk na\u0161\u00ed doby na exponovan\u00e9m m\u00edst\u011b v  historick\u00e9m centru m\u011bsta, n\u00fdbr\u017e bude citliv\u011b vych\u00e1zet z ducha tohoto  jedine\u010dn\u00e9ho prostoru a z d\u011bdictv\u00ed na\u0161ich p\u0159edk\u016f. \u0158\u00edk\u00e1 se, \u017ee mnohdy je  v\u011bt\u0161\u00edm architektonick\u00fdm \u010dinem dan\u00e9 m\u00edsto nezastav\u011bt zcela nebo v\u016fbec,  ne\u017e vybudovat dal\u0161\u00ed velk\u00fd d\u016fm bez jasn\u00e9 funkce, pro kter\u00fd samo m\u011bsto  nenajde konkr\u00e9tn\u00ed vyu\u017eit\u00ed,&#8220; uvedl prim\u00e1tor Svoboda.<\/p>\n<p>Svoboda tak\u00e9 p\u0159ipomn\u011bl, \u017ee revitalizac\u00ed Starom\u011bstsk\u00e9ho n\u00e1m\u011bst\u00ed se zab\u00fdvalo i p\u0159edchoz\u00ed veden\u00ed m\u011bsta.<\/p>\n<p>V  roce 2008 byla toti\u017e z\u0159\u00edzena pracovn\u00ed skupina prim\u00e1tora hl. m. Prahy,  kter\u00e1 se revitalizac\u00ed Starom\u011bstsk\u00e9ho n\u00e1m\u011bst\u00ed a okol\u00ed zab\u00fdvala.<\/p>\n<p>Ta  se se\u0161la naposledy 22. \u00fanora 2010 a do t\u00e9 doby prosadila proveden\u00ed  stavebn\u011b historick\u00e9ho pr\u016fzkumu, iniciovala kombinovan\u00fd archeologick\u00fd  pr\u016fzkum pro zp\u0159esn\u011bn\u00ed znalost\u00ed o ter\u00e9nn\u00ed situaci a v z\u00e1\u0159\u00ed 2009  uspo\u0159\u00e1dala odbornou mezin\u00e1rodn\u00ed konferenci za \u00fa\u010dasti expert\u016f UNESCO.<\/p>\n<p>&#8222;Jej\u00ed  z\u00e1v\u011bry poskytuj\u00ed cel\u00e9 spektrum pohled\u016f na podstatu probl\u00e9mu i na jeho  mo\u017en\u00e1 \u0159e\u0161en\u00ed a poskytuj\u00ed mysl\u00edm dobrou z\u00e1kladnu pro dal\u0161\u00ed pot\u0159ebn\u00e9  kroky,&#8220; mysl\u00ed si prim\u00e1tor.<\/p>\n<p>Po dostavb\u011b proluky na Starom\u011bstsk\u00e9m n\u00e1m\u011bst\u00ed volal v textu na sv\u00e9m blogu tajemn\u00edk prezidenta Ladislav Jakl.<\/p>\n<p>&#8222;Je  66 let po v\u00e1lce a na nej\u00fa\u017easn\u011bj\u0161\u00edm m\u00edst\u011b nej\u00fa\u017easn\u011bj\u0161\u00edho m\u011bsta sv\u011bta  st\u00e1le zeje velmi ne\u00fa\u017easn\u00e1 d\u00edra. U\u017e t\u0159et\u00ed generace Pra\u017ean\u016f, \u010desk\u00fdch  n\u00e1v\u0161t\u011bvn\u00edk\u016f i turist\u016f tu kouk\u00e1 na jak\u00fdsi podivn\u00fd par\u010d\u00edk a na je\u0161t\u011b  podivn\u011bj\u0161\u00ed zadn\u00ed trakty radni\u010dn\u00edch dom\u016f s okny d\u0159\u00edve sm\u011bruj\u00edc\u00edmi nejsp\u00ed\u0161  do n\u011bjak\u00fdch sv\u011btl\u00edk\u016f \u010di dvork\u016f,&#8220; napsal Jakl.<\/p>\n<p>Vyzval k debat\u011b o tom, co s pr\u00e1zdn\u00fdm prostorem, i kdy\u017e je jasn\u00e9, \u017ee takov\u00e1 debata bude konfliktn\u00ed.<\/p>\n<p>&#8222;Nebude  to snadn\u00e9 a neobejde se to bez konfliktu. Ale je to \u00fakol na\u0161\u00ed doby a  m\u011bl by b\u00fdt v\u011bc\u00ed na\u0161\u00ed cti, abychom ho nehodili na krk p\u0159\u00ed\u0161t\u00edm generac\u00edm.  Poj\u010fme do toho. Za\u010dn\u011bme o dostavb\u011b alespo\u0148 mluvit, diskutovat, t\u0159eba i  konfliktn\u011b. Ale p\u0159esta\u0148me d\u011blat, \u017ee jsme si na tu zej\u00edc\u00ed d\u00edru zvykli. To  bychom o sob\u011b nedali moc dobrou zpr\u00e1vu,&#8220; dodal.<\/p>\n<p>Redakce Prvnizpravy.cz pak oslovila v anket\u011b jednotliv\u00e9 radn\u00ed hlavn\u00edho m\u011bsta.<\/p>\n<p>Nap\u0159\u00edklad  radn\u00ed Radek Lohynsk\u00fd (ODS) by takov\u00e9mu n\u00e1padu fandil. &#8222;Osobn\u011b souhlas\u00edm  s t\u00edm, aby byla proluka po \u010d\u00e1sti radnice na Starom\u011bstsk\u00e9m n\u00e1m\u011bst\u00ed  dostav\u011bna. Mysl\u00edm, \u017ee vedle \u0159ady bezkonkuren\u010dn\u00edch historick\u00fdch pam\u00e1tek,  kter\u00e9 jezd\u00ed obdivovat turist\u00e9 z cel\u00e9ho sv\u011bta, postr\u00e1d\u00e1 na\u0161e hlavn\u00ed m\u011bsto  modern\u00ed architekturu. Proto, pokud se objev\u00ed jedine\u010dn\u00fd projekt \u2013 pouze  takov\u00fd na Starom\u011bstsk\u00e9 n\u00e1m\u011bst\u00ed pat\u0159\u00ed \u2013 budu ho podporovat,&#8220; odpov\u011bd\u011bl  Lohynsk\u00fd.<\/p>\n<p>Ivan Kabick\u00fd, n\u00e1m\u011bstek prim\u00e1tora za ODS, p\u0159ipomn\u011bl, \u017ee  sou\u010dasn\u00e1 vl\u00e1dn\u00ed koalice na Magistr\u00e1tu se k ni\u010demu takov\u00e9mu nechyst\u00e1, ale  n\u00e1pad ho zaujal. &#8222;V\u00e1\u0161 dotaz p\u0159edlo\u017e\u00edm na klubu k posouzen\u00ed, ale v  programov\u00e9m prohl\u00e1\u0161en\u00ed tato z\u00e1le\u017eitost nebyla \u0159e\u0161ena. J\u00e1 osobn\u011b bych se  p\u0159ikl\u00e1n\u011bl k variant\u011b otev\u0159en\u00e9 sout\u011b\u017ee pro v\u0161echny z\u00e1jemce s dobr\u00fdmi  n\u00e1pady,&#8220; uvedl.<\/p>\n<p>Radn\u00ed hlavn\u00edho m\u011bsta Prahy pro soci\u00e1ln\u00ed politiku,  bydlen\u00ed a evropsk\u00e9 fondy Petr Dol\u00ednek (\u010cSSD) by sice z pozice ob\u010dana  naklon\u011bn\u00e9ho modern\u00ed architektu\u0159e proti dostavb\u011b Starom\u011bstsk\u00e9 radnice nic  nenam\u00edtal. V sou\u010dasn\u00e9 dob\u011b pr\u00fd ale mus\u00ed h\u00e1jit z\u00e1jmy cel\u00e9ho m\u011bsta a  proto v tomto volebn\u00edm obdob\u00ed nevid\u00ed jak\u00fdkoli koncept z\u00e1stavby proluky  jako re\u00e1ln\u00fd.<\/p>\n<p>Optimisticky naopak p\u0159\u00edpadnou dostavbu vid\u00ed jeho  kolegyn\u011b radn\u00ed Aleksandra Ud\u017eenija z ODS. &#8222;Pokud se t\u00e1\u017eete na m\u016fj osobn\u00ed  n\u00e1zor na vhodnost dostavby Starom\u011bstsk\u00e9 radnice, mus\u00edm \u0159\u00edci, \u017ee  vzhledem k historii a v\u00fdznamu cel\u00e9ho Starom\u011bstsk\u00e9ho n\u00e1m\u011bst\u00ed by m\u011bla b\u00fdt  radnice dostav\u011bna. D\u016fle\u017eit\u00e9 je v\u0161ak p\u0159esn\u011b ur\u010dit zp\u016fsob jej\u00edho vyu\u017eit\u00ed a  to na z\u00e1klad\u011b nej\u0161ir\u0161\u00ed shody odborn\u00edk\u016f i ve\u0159ejnosti,&#8220; napsala.<\/p>\n<p><a href=\"http:\/\/www.prvnizpravy.cz\/zpravy\/z-regionu\/primator-svoboda-k-dostavbe-staromestske-radnice\/\" target=\"_blank\">Zdroj<\/a><\/p>\n","protected":false},"excerpt":{"rendered":"<p>Hradn\u00ed tajemn\u00edk Ladislav Jakl otev\u0159el debatu o dostavb\u011b Starom\u011bstsk\u00e9 radnice. Z\u00edskali jsme vyj\u00e1d\u0159en\u00ed prim\u00e1tora Prahy.<\/p>\n","protected":false},"author":1,"featured_media":0,"comment_status":"open","ping_status":"open","sticky":false,"template":"","format":"standard","meta":{"ngg_post_thumbnail":0,"footnotes":""},"categories":[11],"tags":[],"class_list":["post-903","post","type-post","status-publish","format-standard","hentry","category-ozvena"],"_links":{"self":[{"href":"https:\/\/www.ladislavjakl.cz\/index.php?rest_route=\/wp\/v2\/posts\/903","targetHints":{"allow":["GET"]}}],"collection":[{"href":"https:\/\/www.ladislavjakl.cz\/index.php?rest_route=\/wp\/v2\/posts"}],"about":[{"href":"https:\/\/www.ladislavjakl.cz\/index.php?rest_route=\/wp\/v2\/types\/post"}],"author":[{"embeddable":true,"href":"https:\/\/www.ladislavjakl.cz\/index.php?rest_route=\/wp\/v2\/users\/1"}],"replies":[{"embeddable":true,"href":"https:\/\/www.ladislavjakl.cz\/index.php?rest_route=%2Fwp%2Fv2%2Fcomments&post=903"}],"version-history":[{"count":1,"href":"https:\/\/www.ladislavjakl.cz\/index.php?rest_route=\/wp\/v2\/posts\/903\/revisions"}],"predecessor-version":[{"id":904,"href":"https:\/\/www.ladislavjakl.cz\/index.php?rest_route=\/wp\/v2\/posts\/903\/revisions\/904"}],"wp:attachment":[{"href":"https:\/\/www.ladislavjakl.cz\/index.php?rest_route=%2Fwp%2Fv2%2Fmedia&parent=903"}],"wp:term":[{"taxonomy":"category","embeddable":true,"href":"https:\/\/www.ladislavjakl.cz\/index.php?rest_route=%2Fwp%2Fv2%2Fcategories&post=903"},{"taxonomy":"post_tag","embeddable":true,"href":"https:\/\/www.ladislavjakl.cz\/index.php?rest_route=%2Fwp%2Fv2%2Ftags&post=903"}],"curies":[{"name":"wp","href":"https:\/\/api.w.org\/{rel}","templated":true}]}}