{"id":905,"date":"2011-04-12T08:21:38","date_gmt":"2011-04-12T07:21:38","guid":{"rendered":"http:\/\/www.ladislavjakl.cz\/?p=905"},"modified":"2011-04-12T08:26:12","modified_gmt":"2011-04-12T07:26:12","slug":"kam-kraci-verejnopravni-media","status":"publish","type":"post","link":"https:\/\/www.ladislavjakl.cz\/?p=905","title":{"rendered":"Kam kr\u00e1\u010d\u00ed ve\u0159ejnopr\u00e1vn\u00ed m\u00e9dia?"},"content":{"rendered":"<p>Ostrava \u2013 Na mezin\u00e1rodn\u00ed konferenci <em><a href=\"http:\/\/konference.osu.cz\/media\/\">Ve\u0159ejnopr\u00e1vn\u00ed m\u00e9dia v nov\u00e9m desetilet\u00ed \u2013 \u010das na privatizaci?<\/a><\/em> diskutuj\u00ed medi\u00e1ln\u00ed odborn\u00edci i politici. Po dva dny se pokou\u0161ej\u00ed  akademici a novin\u00e1\u0159i odpov\u011bd\u011bt na to, jak\u00e9 by m\u011blo b\u00fdt postaven\u00ed  ve\u0159ejnopr\u00e1vn\u00edch m\u00e9di\u00ed ve spole\u010dnosti, jak\u00fd statut by m\u011bla m\u00edt region\u00e1ln\u00ed  studia ve\u0159ejnopr\u00e1vn\u00ed televize nebo jak vyu\u017e\u00edt nov\u00e1 m\u00e9dia ve  ve\u0159ejnopr\u00e1vn\u00edm prostoru. Setk\u00e1n\u00ed po\u0159\u00e1d\u00e1 Ostravsk\u00e1 univerzita v\u00a0Ostrav\u011b,  Univerzita Palack\u00e9ho v Olomouci a Televizn\u00ed studio Ostrava.<\/p>\n<p><!--more--><\/p>\n<div>\n<p><strong>Video: Vystoupen\u00ed Ladislava Jakla<\/strong><\/p>\n<div>\n<div id=\"playerPhoto\"><a href=\"http:\/\/www.ct24.cz\/regionalni\/severni-morava-a-slezsko\/120139-kam-kraci-verejnopravni-media\/video\/8\/\" target=\"_blank\"><img loading=\"lazy\" decoding=\"async\" id=\"bsparrow\" src=\"http:\/\/img8.ct24.cz\/gfx\/button-play.gif\" alt=\"Spustit video\" width=\"159\" height=\"49\" \/> <\/a><\/div>\n<\/div>\n<p>&#8222;Spole\u010densk\u00e1 diskuze v ur\u010dit\u00fdch politick\u00fdch kruz\u00edch je o tom, jestli  je v\u016fbec tohoto m\u00e9dia t\u0159eba. Mysleli jsme si, \u017ee je l\u00e9pe se na to t\u00e9ma  sej\u00edt, ud\u011blat o tom diskuzi demokratickou,&#8220; vysv\u011btluje \u0159editel  Televizn\u00edho studia Ostrava Ilja Racek.<\/p>\n<p><strong>Jin\u00e1 podoba, nebo zru\u0161en\u00ed ve\u0159ejnopr\u00e1vn\u00edch m\u00e9di\u00ed?<\/strong><\/p>\n<p>Podle medi\u00e1ln\u00edch expert\u016f jsou ve\u0159ejn\u00e1 m\u00e9dia jedn\u00edm z pil\u00ed\u0159\u016f z\u00e1padn\u00edho  typu spole\u010dnosti. Technologick\u00e9 a spole\u010densk\u00e9 zm\u011bny jim ale v sou\u010dasn\u00e9  dob\u011b p\u0159\u00edli\u0161 naklon\u011bny nejsou. &#8222;Evropsk\u00e9 n\u00e1rodn\u00ed st\u00e1ty se vinou  ekonomick\u00e9 globalizace oslabuj\u00ed. S t\u00edm se dost\u00e1vaj\u00ed do krize sv\u00e9ho  smyslu i instituce, kter\u00e9 st\u00e1t reprezentuj\u00ed a m\u00e9dia ve\u0159ejn\u00e9 slu\u017eby k  tomu pat\u0159\u00ed,&#8220; uvedl Jan Jir\u00e1k z fakulty soci\u00e1ln\u00edch v\u011bd UK.<\/p>\n<p>&#8222;V t\u00e9to glob\u00e1ln\u00ed dob\u011b m\u00e1te okam\u017eit\u00fd p\u0159\u00edstup k informac\u00edm p\u0159es  internet, tak\u017ee to je doba, kdy vlastn\u011b ve\u0159ejn\u00e1 m\u00e9dia mus\u00ed p\u0159edefinovat  zp\u016fsob, jak plnit slu\u017ebu ve\u0159ejnosti. Mus\u00ed zajistit kvalitn\u00ed  zpravodajstv\u00ed a samoz\u0159ejm\u011b vzd\u011bl\u00e1vac\u00ed funkce k tomu pat\u0159\u00ed,&#8220; dodal Ji\u0159\u00ed  P\u0159ib\u00e1\u0148 z\u00a0Cardiff University.<\/p>\n<p>Tajemn\u00edk prezidenta republiky Ladislav Jakl je naopak pro zru\u0161en\u00ed  ve\u0159ejn\u00fdch m\u00e9di\u00ed. Tvrd\u00ed, \u017ee nemaj\u00ed p\u0159esn\u011b definovanou roli a funguj\u00ed jen z  historick\u00fdch d\u016fvod\u016f. &#8222;Argument je \u00fapln\u011b stejn\u00fd u novin. Jsme mal\u00fdm  trhem a neu\u017eiv\u00ed se u n\u00e1s tak \u0161irok\u00e1 nab\u00eddka jako t\u0159eba v n\u011bmecky  mluv\u00edc\u00edch zem\u00edch, a p\u0159esto nikoho nenapadne z\u0159\u00eddit st\u00e1tn\u00ed noviny,&#8220;  prohl\u00e1sil tajemn\u00edk prezidenta republiky Ladislav Jakl. M\u00edstop\u0159edseda  Poslaneck\u00e9 sn\u011bmovny Lubom\u00edr Zaor\u00e1lek z\u00a0\u010cSSD je opa\u010dn\u00e9ho n\u00e1zoru: &#8222;Mn\u011b  p\u0159ipad\u00e1, \u017ee si nelze p\u0159edstavit demokratickou politiku bez m\u00e9di\u00ed ve\u0159ejn\u00e9  slu\u017eby. A p\u0159ipad\u00e1 mi, \u017ee na t\u00e9to konferenci bylo sympatick\u00e9, \u017ee  vyhrotila tu ot\u00e1zku.&#8220;<\/p>\n<hr \/>\n<p>Tematicky se konference zam\u011b\u0159uje na t\u0159i oblasti, kter\u00e9 po\u0159adatel\u00e9 shrnuli do n\u00e1zv\u016f: <em>Ve\u0159ejnopr\u00e1vn\u00ed m\u00e9dia \u2013 m\u00e9dia ve\u0159ejn\u00e9 slu\u017eby?<\/em>, <em>Nov\u00e1 m\u00e9dia ve ve\u0159ejnopr\u00e1vn\u00edm prostoru<\/em> a <em>Existence region\u00e1ln\u00edch studi\u00ed \u2013 ano, nebo ne?<\/em> Konferenci v ostravsk\u00e9m hotelu Imperial spolu se zahrani\u010dn\u00edm  zpravodajem \u010cT v Polsku Miroslavem Karasem moderuje \u0161\u00e9fredaktorka  Redakce zpravodajstv\u00ed ostravsk\u00e9ho studia \u010cT \u0160\u00e1rka Bedn\u00e1\u0159ov\u00e1.\u00a0Konference  kon\u010d\u00ed ve \u010dtvrtek, kdy se nad existenc\u00ed region\u00e1ln\u00edch studi\u00ed ve\u0159ejnopr\u00e1vn\u00ed  televize bude zam\u00fd\u0161let nap\u0159\u00edklad sociolog Jan Keller nebo \u0159editel  ostravsk\u00e9ho televizn\u00edho studia Ilja Racek.<\/p>\n<p><a href=\"http:\/\/www.ct24.cz\/regionalni\/severni-morava-a-slezsko\/120139-kam-kraci-verejnopravni-media\/video\/8\/\" target=\"_blank\">Zdroj<\/a><\/div>\n","protected":false},"excerpt":{"rendered":"<p>Ostrava \u2013 Na mezin\u00e1rodn\u00ed konferenci Ve\u0159ejnopr\u00e1vn\u00ed m\u00e9dia v nov\u00e9m desetilet\u00ed \u2013 \u010das na privatizaci? diskutuj\u00ed medi\u00e1ln\u00ed odborn\u00edci i politici. Po dva dny se pokou\u0161ej\u00ed akademici a novin\u00e1\u0159i odpov\u011bd\u011bt na to, jak\u00e9 by m\u011blo b\u00fdt postaven\u00ed ve\u0159ejnopr\u00e1vn\u00edch m\u00e9di\u00ed ve spole\u010dnosti, jak\u00fd statut by m\u011bla m\u00edt region\u00e1ln\u00ed studia ve\u0159ejnopr\u00e1vn\u00ed televize nebo jak vyu\u017e\u00edt nov\u00e1 m\u00e9dia ve ve\u0159ejnopr\u00e1vn\u00edm [&hellip;]<\/p>\n","protected":false},"author":1,"featured_media":0,"comment_status":"open","ping_status":"open","sticky":false,"template":"","format":"standard","meta":{"ngg_post_thumbnail":0,"footnotes":""},"categories":[1],"tags":[],"class_list":["post-905","post","type-post","status-publish","format-standard","hentry","category-publikovane-clanky"],"_links":{"self":[{"href":"https:\/\/www.ladislavjakl.cz\/index.php?rest_route=\/wp\/v2\/posts\/905","targetHints":{"allow":["GET"]}}],"collection":[{"href":"https:\/\/www.ladislavjakl.cz\/index.php?rest_route=\/wp\/v2\/posts"}],"about":[{"href":"https:\/\/www.ladislavjakl.cz\/index.php?rest_route=\/wp\/v2\/types\/post"}],"author":[{"embeddable":true,"href":"https:\/\/www.ladislavjakl.cz\/index.php?rest_route=\/wp\/v2\/users\/1"}],"replies":[{"embeddable":true,"href":"https:\/\/www.ladislavjakl.cz\/index.php?rest_route=%2Fwp%2Fv2%2Fcomments&post=905"}],"version-history":[{"count":4,"href":"https:\/\/www.ladislavjakl.cz\/index.php?rest_route=\/wp\/v2\/posts\/905\/revisions"}],"predecessor-version":[{"id":907,"href":"https:\/\/www.ladislavjakl.cz\/index.php?rest_route=\/wp\/v2\/posts\/905\/revisions\/907"}],"wp:attachment":[{"href":"https:\/\/www.ladislavjakl.cz\/index.php?rest_route=%2Fwp%2Fv2%2Fmedia&parent=905"}],"wp:term":[{"taxonomy":"category","embeddable":true,"href":"https:\/\/www.ladislavjakl.cz\/index.php?rest_route=%2Fwp%2Fv2%2Fcategories&post=905"},{"taxonomy":"post_tag","embeddable":true,"href":"https:\/\/www.ladislavjakl.cz\/index.php?rest_route=%2Fwp%2Fv2%2Ftags&post=905"}],"curies":[{"name":"wp","href":"https:\/\/api.w.org\/{rel}","templated":true}]}}