{"id":9090,"date":"2018-08-15T14:23:42","date_gmt":"2018-08-15T12:23:42","guid":{"rendered":"http:\/\/www.ladislavjakl.cz\/?p=9090"},"modified":"2018-08-15T14:23:42","modified_gmt":"2018-08-15T12:23:42","slug":"kubatova-z-info-pise-o-lzi-a-sama-pise-lzi","status":"publish","type":"post","link":"https:\/\/www.ladislavjakl.cz\/?p=9090","title":{"rendered":"Kub\u00e1tov\u00e1 z\u00a0Info p\u00ed\u0161e o l\u017ei a sama p\u00ed\u0161e l\u017ei"},"content":{"rendered":"<p>Propagandistka internetov\u00e9ho m\u00e9dia Info.cz Eli\u0161ka Kub\u00e1tov\u00e1 vyt\u00e1hla do boje (<a href=\"https:\/\/www.info.cz\/evropska-unie\/globalni-pakt-o-migraci-jako-strasak-i-prelomovy-dokument-proc-by-k-nemu-melo-cesko-pristoupit-35393.html\">ZDE<\/a>) za schv\u00e1len\u00ed Glob\u00e1ln\u00edho paktu o migraci, kter\u00fd m\u00e1 zav\u00e9st mechanismus trval\u00e9ho vl\u00e1dami podporovan\u00e9ho p\u0159esunu milion\u016f migrant\u016f nap\u0159\u00ed\u010d kontinenty. Mluv\u00ed p\u0159itom o l\u017ei a sama u toho l\u017ee. P\u0159edev\u0161\u00edm manipuluje s&nbsp;city sv\u00fdch \u010dten\u00e1\u0159\u016f, kdy\u017e sm\u011b\u0161uje individu\u00e1ln\u00ed migraci s migrac\u00ed masovou a migraci spont\u00e1nn\u00ed s migrac\u00ed \u0159\u00edzenou vl\u00e1dami a mezin\u00e1rodn\u00edmi organizacemi.<\/p>\n<p><!--more--><\/p>\n<p>Sna\u017e\u00ed se tak vyvolat dojem \u017ee ti, kdo kritizuj\u00ed mamut\u00ed soci\u00e1ln\u011b in\u017een\u00fdrsk\u00fd demografick\u00fd experiment s&nbsp;nedoz\u00edrn\u00fdmi efekty, mus\u00ed nen\u00e1vid\u011bt moldavsk\u00e9ho prodava\u010de zmrzliny. P\u0159e\u010dt\u011bme si jej\u00ed plamenn\u00e1 slova:<\/p>\n<p>\u201eDrtiv\u00e1 v\u011bt\u0161ina st\u00e1t\u016f mezin\u00e1rodn\u00edho spole\u010denstv\u00ed by koncem roku m\u011bla podepsat takzvan\u00fd glob\u00e1ln\u00ed pakt o migraci. Dokument vyjedn\u00e1van\u00fd na p\u016fd\u011b OSN m\u00e1 b\u00fdt jak\u00fdmsi vod\u00edtkem nejen pro st\u00e1ty, do kter\u00fdch migranti m\u00ed\u0159\u00ed, ale i pro zem\u011b p\u016fvodu nebo tranzitu migrant\u016f. Pro mnoh\u00e9 politiky a dezinforma\u010dn\u00ed weby je v\u0161ak glob\u00e1ln\u00ed pakt o migraci jako \u010derven\u00fd hadr pro b\u00fdka a tvrd\u00ed, \u017ee dokument je pro jejich obyvatele hrozbou. Jak\u00e9 l\u017ei se kolem textu \u0161\u00ed\u0159\u00ed?\u201c<\/p>\n<p>Ano, drtiv\u00e1 v\u011bt\u0161ina, jakou by si Kub\u00e1tov\u00e1 p\u0159\u00e1la, m\u00e1 kohosi drtit. Drtit men\u0161inu, pochopiteln\u011b. Koho jin\u00e9ho. Dokument m\u00e1 pr\u00fd b\u00fdt vod\u00edtkem. Pot\u0159ebuje snad dv\u011b st\u011b st\u00e1t\u016f podepisovat n\u011bjak\u00fd manu\u00e1l pro svou imigra\u010dn\u00ed politiku? Ten snad m\u016f\u017ee viset n\u011bkde na internetu, ne? Je p\u0159eci jist\u00e9, \u017ee v\u016fbec nejde o n\u011bjak\u00fd \u201emanu\u00e1l\u201c, ale o chystanou drtivou p\u00e1ku n\u00e1tlaku proti zem\u00edm, kter\u00e9 si budou cht\u00edt uchovat suverenitu v&nbsp;rozhodnut\u00ed o re\u017eimu vstupu ciz\u00edch imigrant\u016f na sv\u00e9 \u00fazem\u00ed. Pak dezinform\u00e1torka Kub\u00e1tov\u00e1 mluv\u00ed o l\u017e\u00edch. \u017d\u00e1dn\u00e9 nejmenuje, uv\u00e1d\u00ed jen n\u011bkter\u00e9 sob\u011b nelib\u00e9 n\u00e1zory, kter\u00e9 pak konfrontuje s&nbsp;nepodlo\u017een\u00fdmi n\u00e1zory jedin\u00e9ho sv\u00e9ho obl\u00edbence. Co on ozna\u010d\u00ed za le\u017e, m\u00e1 b\u00fdti dle Kub\u00e1tov\u00e9 prohl\u00e1\u0161eno za le\u017e.<\/p>\n<p>Propagandist\u00e9 typu Kub\u00e1tov\u00e9 jsou ale l\u00edn\u00ed a jen opisuj\u00ed jeden od druh\u00e9ho. Nepracuj\u00ed s&nbsp;p\u016fvodn\u00edmi zdroji, nic si neov\u011b\u0159uj\u00ed. A tak se v&nbsp;jej\u00edm textu objevuje n\u00e1sleduj\u00edc\u00ed tvrzen\u00ed:<\/p>\n<p>\u201eNacismus 2.0. \u0160\u00edlen\u00fd pl\u00e1n na p\u0159em\u011bnu na\u0161eho sv\u011bta. Probud\u00ed se evropsk\u00e1 ve\u0159ejnost? Eugenika 21. stolet\u00ed se pr\u00e1v\u011b aplikuje. Smlouva s \u010f\u00e1blem je p\u0159edb\u011b\u017en\u011b schv\u00e1len\u00e1,\u201c&nbsp;<a href=\"http:\/\/www.protiproud.cz\/politika\/3898-globalni-pakt-osn-o-migraci-nacismus-20-sileny-plan-na-premenu-naseho-sveta-probudi-se-evropska-verejnost-eugenika-21-stoleti-se-prave-aplikuje-smlouva-s-dablem-je-predbezne-schvalena-podepiseme-ji.htm\">popisuje schv\u00e1len\u00ed glob\u00e1ln\u00edho paktu o migraci<\/a>, ke kter\u00e9mu do\u0161lo v&nbsp;polovin\u011b \u010dervence,&nbsp;Ladislav Jakl pro server Protiproud.\u201c<\/p>\n<p>Nu\u017ee, zaprv\u00e9. Protiproud nen\u00ed zpravodajsk\u00fd server a nen\u00ed tedy mo\u017en\u00e9 \u201epro n\u011bj\u201c nic uv\u00e1d\u011bt. Je to server publicistick\u00fd a je mo\u017en\u00e9 v&nbsp;n\u011bm maxim\u00e1ln\u011b n\u011bco publikovat. Slova, kter\u00e1 mi Kub\u00e1tov\u00e1 vkl\u00e1d\u00e1 ho krku, jsem v\u0161ak nikdy ne\u0159ekl ani nenapsal a dokonce jsem pro Protiproud nenapsal ani \u017e\u00e1dn\u00e1 jin\u00e1. Napsal jsem ned\u00e1vno o nebezpe\u010d\u00ed \u0159\u00edzen\u00e9 imigrace \u010dl\u00e1nek pro web IVK (<a href=\"http:\/\/institutvk.cz\/clanky\/1164.html\">ZDE<\/a>) a sou\u010dasn\u00e9 ho vydal na sv\u00e9m pravideln\u00e9m blogu na iDnes. Odtamtud ho p\u0159evzaly des\u00edtky web\u016f, mj. Protiproud. Ten p\u0159evzat\u00e9 \u010dl\u00e1nky opat\u0159uje vlastn\u00edmi titulky, perexem i grafikou a z&nbsp;kontextu je zcela zjevn\u00e9, \u017ee nic z&nbsp;toho nen\u00ed sou\u010d\u00e1st\u00ed \u010dl\u00e1nku uveden\u00e9ho autora. V\u017edy Protiproud tak\u00e9 ud\u00e1 p\u016fvodn\u00ed zdroj. To ale Kub\u00e1tov\u00e1 ve sv\u00e9m propagandistick\u00e9m proimigra\u010dn\u00edm t\u0159e\u0161t\u011bn\u00ed p\u0159ehl\u00e9dla, na zdroj se nepod\u00edvala, p\u016fvodn\u00ed zn\u011bn\u00ed ji nezaj\u00edm\u00e1 a spokoj\u00ed se jen s&nbsp;upout\u00e1vkou jednoho z&nbsp;m\u00e9di\u00ed, kter\u00e9 n\u011bkdy m\u00e9 texty p\u0159eb\u00edraj\u00ed.<\/p>\n<p>No, kdy\u017e se bojuje za spr\u00e1vnou v\u011bc, tedy na osazen\u00ed na\u0161\u00ed krajiny Afri\u010dany a Araby, tak n\u011bjak\u00e1 novin\u00e1\u0159sk\u00e1 korektnost mus\u00ed stranou.&nbsp;<\/p>\n<p><em>L. J., 14. srp. 18<\/em><\/p>\n","protected":false},"excerpt":{"rendered":"<p>Propagandistka internetov\u00e9ho m\u00e9dia Info.cz Eli\u0161ka Kub\u00e1tov\u00e1 vyt\u00e1hla do boje (ZDE) za schv\u00e1len\u00ed Glob\u00e1ln\u00edho paktu o migraci, kter\u00fd m\u00e1 zav\u00e9st mechanismus trval\u00e9ho vl\u00e1dami podporovan\u00e9ho p\u0159esunu milion\u016f migrant\u016f nap\u0159\u00ed\u010d kontinenty. Mluv\u00ed p\u0159itom o l\u017ei a sama u toho l\u017ee. P\u0159edev\u0161\u00edm manipuluje s&nbsp;city sv\u00fdch \u010dten\u00e1\u0159\u016f, kdy\u017e sm\u011b\u0161uje individu\u00e1ln\u00ed migraci s migrac\u00ed masovou a migraci spont\u00e1nn\u00ed s migrac\u00ed \u0159\u00edzenou [&hellip;]<\/p>\n","protected":false},"author":1,"featured_media":0,"comment_status":"open","ping_status":"open","sticky":false,"template":"","format":"standard","meta":{"ngg_post_thumbnail":0,"footnotes":""},"categories":[6],"tags":[],"class_list":["post-9090","post","type-post","status-publish","format-standard","hentry","category-co-jsem-nerekl"],"_links":{"self":[{"href":"https:\/\/www.ladislavjakl.cz\/index.php?rest_route=\/wp\/v2\/posts\/9090","targetHints":{"allow":["GET"]}}],"collection":[{"href":"https:\/\/www.ladislavjakl.cz\/index.php?rest_route=\/wp\/v2\/posts"}],"about":[{"href":"https:\/\/www.ladislavjakl.cz\/index.php?rest_route=\/wp\/v2\/types\/post"}],"author":[{"embeddable":true,"href":"https:\/\/www.ladislavjakl.cz\/index.php?rest_route=\/wp\/v2\/users\/1"}],"replies":[{"embeddable":true,"href":"https:\/\/www.ladislavjakl.cz\/index.php?rest_route=%2Fwp%2Fv2%2Fcomments&post=9090"}],"version-history":[{"count":1,"href":"https:\/\/www.ladislavjakl.cz\/index.php?rest_route=\/wp\/v2\/posts\/9090\/revisions"}],"predecessor-version":[{"id":9091,"href":"https:\/\/www.ladislavjakl.cz\/index.php?rest_route=\/wp\/v2\/posts\/9090\/revisions\/9091"}],"wp:attachment":[{"href":"https:\/\/www.ladislavjakl.cz\/index.php?rest_route=%2Fwp%2Fv2%2Fmedia&parent=9090"}],"wp:term":[{"taxonomy":"category","embeddable":true,"href":"https:\/\/www.ladislavjakl.cz\/index.php?rest_route=%2Fwp%2Fv2%2Fcategories&post=9090"},{"taxonomy":"post_tag","embeddable":true,"href":"https:\/\/www.ladislavjakl.cz\/index.php?rest_route=%2Fwp%2Fv2%2Ftags&post=9090"}],"curies":[{"name":"wp","href":"https:\/\/api.w.org\/{rel}","templated":true}]}}