{"id":9092,"date":"2018-08-15T14:24:59","date_gmt":"2018-08-15T12:24:59","guid":{"rendered":"http:\/\/www.ladislavjakl.cz\/?p=9092"},"modified":"2018-08-15T14:24:59","modified_gmt":"2018-08-15T12:24:59","slug":"klaus-ml-sokoval-ods-ve-volbach-do-senatu-podpori-jakla-z-spd","status":"publish","type":"post","link":"https:\/\/www.ladislavjakl.cz\/?p=9092","title":{"rendered":"Klaus ml. \u0161okoval ODS, ve volb\u00e1ch do Sen\u00e1tu podpo\u0159\u00ed Jakla z SPD!"},"content":{"rendered":"<div class=\"perex\">\n<p>V\u00e1clav Klaus mlad\u0161\u00ed se postaral o dal\u0161\u00ed rozv\u00ed\u0159en\u00ed vod ve sv\u00e9 domovsk\u00e9 ODS. V sen\u00e1tn\u00edch volb\u00e1ch toti\u017e nepodpo\u0159\u00ed sv\u00e9ho stranick\u00e9ho kolegu Vladim\u00edra Kratinu, ale Ladislava Jakla, kter\u00fd jde do voleb s podporou SPD.<\/p>\n<\/div>\n<p><!--more--><\/p>\n<div id=\"text_clanku\" class=\"article_body\">\n<p>&#8222;Podporuji Ladislava Jakla do Sen\u00e1tu. Byl by jist\u011b ne\u00faplatn\u00fdm, svobodomysln\u00fdm a pravicov\u00fdm sen\u00e1torem. Ty, kter\u00e9 roz\u010diluje, \u017ee kandiduje s podporou SPD &#8211; v principu roz\u010diluje, \u017ee v\u016fbec kandiduje,&#8220; napsal ve statusu na facebooku Klaus mlad\u0161\u00ed.&nbsp;<\/p>\n<p><iframe loading=\"lazy\" src=\"https:\/\/www.facebook.com\/plugins\/post.php?href=https%3A%2F%2Fwww.facebook.com%2Fvaclavklausml%2Fposts%2F743227882675106&amp;width=500\" width=\"500\" height=\"290\" frameborder=\"0\" scrolling=\"no\" data-mce-fragment=\"1\"><\/iframe><\/p>\n<p>To v\u0161ak vzbudilo velkou vlnu kritiky jak v &#8222;jeho&#8220; ODS, tak u potenci\u00e1ln\u00edch voli\u010d\u016f. &#8222;Zklam\u00e1n\u00ed. Hlubok\u00e9 zklam\u00e1n\u00ed. Podporovat tvora, co by va\u0161im dcer\u00e1m nejrad\u0161i vzal volebn\u00ed pr\u00e1vo, ale vlastn\u011b ne tak docela, proto\u017ee vlastn\u011b o hlasy \u0161kemr\u00e1 ka\u017edej. No tak to ne. Takov\u00e1 \u0161p\u00edna pat\u0159\u00ed do ko\u0161e,&#8220; roz\u010d\u00edlila se pod p\u0159\u00edsp\u011bvkem jedna z komentuj\u00edc\u00edch.<\/p>\n<p>Dal\u0161\u00ed ho vyz\u00fdvali, a\u0165 rovnou rad\u0161i p\u0159ejde k SPD: &#8222;Tam se V\u00e1m bude l\u00edbit&#8230; jsou tam v\u0161ichni takov\u00ed jednodu\u0161\u0161\u00ed.&#8220; Rozhodnut\u00ed Klause ml. si ale na\u0161lo i sv\u00e9 p\u0159\u00edznivce.<\/p>\n<p>P\u0159edseda ODS Petr Fiala pro Aktu\u00e1ln\u011b.cz \u0159ekl, \u017ee n\u00e1zor Klause ml. nem\u00e1 nic spole\u010dn\u00e9ho se stanoviskem strany a plnou podporu strany m\u00e1 jen Vladim\u00edr Kratina. Stejn\u011b tak se proti vyj\u00e1d\u0159en\u00ed ohradil i m\u00edstop\u0159edseda Martin Kupka. &#8222;Pokl\u00e1d\u00e1m to za projev neloajality,&#8220; \u0159ekl.<\/p>\n<p>V\u00e1clav Klaus mlad\u0161\u00ed je posledn\u00ed dobou sv\u00fdmi v\u00fdroky pov\u011bstn\u00fd, ne v\u0161ak v dobr\u00e9m smyslu slova. U\u017e p\u0159edev\u010d\u00edrem \u0159e\u0161ili jeho politi\u010dt\u00ed kolegov\u00e9 jeho zvl\u00e1\u0161tn\u00ed koment\u00e1\u0159 k situaci s vojensk\u00fdmi misemi v Afgh\u00e1nist\u00e1nu. Pro mnoho lid\u00ed je ale vyj\u00e1d\u0159en\u00ed o Ladislavu Jaklovi mnohem v\u011bt\u0161\u00ed pr\u016f\u0161vih.<\/p>\n<p>Ladislav Jakl d\u0159\u00edv figuroval jako \u0159editel politick\u00e9ho odboru Kancel\u00e1\u0159e prezidenta republiky je\u0161t\u011b za V\u00e1clava Klause star\u0161\u00edho. Jeho jm\u00e9no prov\u00e1zelo hned n\u011bkolik skand\u00e1l\u016f, jedn\u00edm z nejz\u00e1va\u017en\u011bj\u0161\u00edch bylo, kdy\u017e v roce 2016 prohl\u00e1sil, \u017ee bylo volebn\u00ed pr\u00e1vo \u017een chyba. V roce 2013 se tak\u00e9 &#8211; ne\u00fasp\u011b\u0161n\u011b &#8211; sna\u017eil kandidovat na post prezidenta. Nyn\u00ed figuruje v SPD Tomia Okamury.<\/p>\n<p><a href=\"http:\/\/tn.nova.cz\/clanek\/klaus-ml-sokoval-ods-ve-volbach-do-senatu-podpori-jakla-z-spd.html\">Zdroj<\/a><\/p>\n<\/div>\n","protected":false},"excerpt":{"rendered":"<p>V\u00e1clav Klaus mlad\u0161\u00ed se postaral o dal\u0161\u00ed rozv\u00ed\u0159en\u00ed vod ve sv\u00e9 domovsk\u00e9 ODS. V sen\u00e1tn\u00edch volb\u00e1ch toti\u017e nepodpo\u0159\u00ed sv\u00e9ho stranick\u00e9ho kolegu Vladim\u00edra Kratinu, ale Ladislava Jakla, kter\u00fd jde do voleb s podporou SPD.<\/p>\n","protected":false},"author":1,"featured_media":0,"comment_status":"open","ping_status":"open","sticky":false,"template":"","format":"standard","meta":{"ngg_post_thumbnail":0,"footnotes":""},"categories":[11],"tags":[],"class_list":["post-9092","post","type-post","status-publish","format-standard","hentry","category-ozvena"],"_links":{"self":[{"href":"https:\/\/www.ladislavjakl.cz\/index.php?rest_route=\/wp\/v2\/posts\/9092","targetHints":{"allow":["GET"]}}],"collection":[{"href":"https:\/\/www.ladislavjakl.cz\/index.php?rest_route=\/wp\/v2\/posts"}],"about":[{"href":"https:\/\/www.ladislavjakl.cz\/index.php?rest_route=\/wp\/v2\/types\/post"}],"author":[{"embeddable":true,"href":"https:\/\/www.ladislavjakl.cz\/index.php?rest_route=\/wp\/v2\/users\/1"}],"replies":[{"embeddable":true,"href":"https:\/\/www.ladislavjakl.cz\/index.php?rest_route=%2Fwp%2Fv2%2Fcomments&post=9092"}],"version-history":[{"count":1,"href":"https:\/\/www.ladislavjakl.cz\/index.php?rest_route=\/wp\/v2\/posts\/9092\/revisions"}],"predecessor-version":[{"id":9093,"href":"https:\/\/www.ladislavjakl.cz\/index.php?rest_route=\/wp\/v2\/posts\/9092\/revisions\/9093"}],"wp:attachment":[{"href":"https:\/\/www.ladislavjakl.cz\/index.php?rest_route=%2Fwp%2Fv2%2Fmedia&parent=9092"}],"wp:term":[{"taxonomy":"category","embeddable":true,"href":"https:\/\/www.ladislavjakl.cz\/index.php?rest_route=%2Fwp%2Fv2%2Fcategories&post=9092"},{"taxonomy":"post_tag","embeddable":true,"href":"https:\/\/www.ladislavjakl.cz\/index.php?rest_route=%2Fwp%2Fv2%2Ftags&post=9092"}],"curies":[{"name":"wp","href":"https:\/\/api.w.org\/{rel}","templated":true}]}}