{"id":9096,"date":"2018-08-16T12:39:02","date_gmt":"2018-08-16T10:39:02","guid":{"rendered":"http:\/\/www.ladislavjakl.cz\/?p=9096"},"modified":"2018-08-16T12:39:02","modified_gmt":"2018-08-16T10:39:02","slug":"klaus-drazdi-ods-fandi-jaklovi-do-senatu-za-spd","status":"publish","type":"post","link":"https:\/\/www.ladislavjakl.cz\/?p=9096","title":{"rendered":"Klaus dr\u00e1\u017ed\u00ed ODS, fand\u00ed Jaklovi do Sen\u00e1tu za SPD"},"content":{"rendered":"<p>Poslanec V\u00e1clav Klaus ml. (ODS) vykopal dal\u0161\u00ed p\u0159\u00edkop mezi sebou a&nbsp;svou domovskou stranou. Klaus toti\u017e v&nbsp;\u00fater\u00fd napsal, \u017ee podpo\u0159\u00ed do Sen\u00e1tu na Praze 2&nbsp;Ladislava Jakla, kter\u00fd kandiduje za SPD. A&nbsp;to navzdory tomu, \u017ee ODS nasazuje vlastn\u00edho kandid\u00e1ta, herce Vladim\u00edra Kratinu.<\/p>\n<p><!--more--><\/p>\n<p>\u201ePodporuji&nbsp;<a title=\"https:\/\/tema.novinky.cz\/ladislav-jakl\" href=\"https:\/\/tema.novinky.cz\/ladislav-jakl\">Ladislava Jakla<\/a>&nbsp;do&nbsp;<a title=\"https:\/\/tema.novinky.cz\/senat\" href=\"https:\/\/tema.novinky.cz\/senat\">Sen\u00e1tu<\/a>. Byl by jist\u011b ne\u00faplatn\u00fdm, svobodomysln\u00fdm a&nbsp;pravicov\u00fdm sen\u00e1torem. Ty, kter\u00e9 roz\u010diluje, \u017ee kandiduje s&nbsp;podporou SPD, v&nbsp;principu roz\u010diluje, \u017ee v\u016fbec kandiduje,\u201c napsal v&nbsp;\u00fater\u00fd Klaus na soci\u00e1ln\u00ed s\u00ed\u0165 v&nbsp;reakci na kritiku sv\u00fdch spolustran\u00edk\u016f za koment\u00e1\u0159 v&nbsp;Pr\u00e1vu a&nbsp;na serveru Novinky.cz, kde se zam\u00fd\u0161lel nad smysluplnost\u00ed \u00fa\u010dasti \u010desk\u00fdch voj\u00e1k\u016f v&nbsp;<a title=\"https:\/\/tema.novinky.cz\/afghanistan\" href=\"https:\/\/tema.novinky.cz\/afghanistan\">Afgh\u00e1nist\u00e1nu<\/a>. [<a title=\"KOMENT\u00c1\u0158: Za co um\u00edraj\u00ed \u010de\u0161t\u00ed voj\u00e1ci v&nbsp;Afgh\u00e1nist\u00e1nu? \u2013&nbsp;V\u00e1clav Klaus ml.\" href=\"https:\/\/www.novinky.cz\/komentare\/480384-komentar-za-co-umiraji-cesti-vojaci-v-afghanistanu-vaclav-klaus-ml.html\">cel\u00e1 zpr\u00e1va<\/a>]<\/p>\n<div class=\"fb-post fb_iframe_widget\" data-width=\"400\" data-href=\"https:\/\/www.facebook.com\/vaclavklausml\/posts\/743227882675106\"><iframe loading=\"lazy\" class=\"\" title=\"fb:post Facebook Social Plugin\" src=\"https:\/\/www.facebook.com\/v2.4\/plugins\/post.php?app_id=495003723996844&amp;channel=https%3A%2F%2Fstaticxx.facebook.com%2Fconnect%2Fxd_arbiter%2Fr%2FQX17B8fU-Vm.js%3Fversion%3D42%23cb%3Df15a3b476db24ec%26domain%3Dwww.novinky.cz%26origin%3Dhttps%253A%252F%252Fwww.novinky.cz%252Ff2dac7e2c9ced58%26relation%3Dparent.parent&amp;container_width=400&amp;href=https%3A%2F%2Fwww.facebook.com%2Fvaclavklausml%2Fposts%2F743227882675106&amp;locale=cs_CZ&amp;sdk=joey&amp;width=400\" name=\"f34fedb0715255\" width=\"400px\" height=\"1000px\" frameborder=\"0\" scrolling=\"no\" allowfullscreen=\"allowfullscreen\" data-mce-fragment=\"1\"><\/iframe><\/div>\n<p>Jakl je dlouholet\u00fdm spolupracovn\u00edkem a&nbsp;poradcem exprezidenta \u010cR&nbsp;<a title=\"https:\/\/tema.novinky.cz\/vaclav-klaus\" href=\"https:\/\/tema.novinky.cz\/vaclav-klaus\">V\u00e1clava Klause<\/a>, otce poslance ODS. P\u0159edseda&nbsp;<a title=\"https:\/\/tema.novinky.cz\/ods\" href=\"https:\/\/tema.novinky.cz\/ods\">ODS<\/a>&nbsp;<a title=\"https:\/\/tema.novinky.cz\/petr-fiala\" href=\"https:\/\/tema.novinky.cz\/petr-fiala\">Petr Fiala<\/a>&nbsp;pro Pr\u00e1vo uvedl, \u017ee podpora ze strany Klause ml. Jaklovi je v&nbsp;rozporu se stanoviskem strany.<\/p>\n<div class=\"articlePhotos\">\n<div class=\"pictureBox\"><a href=\"https:\/\/media.novinky.cz\/449\/374492-original1-wgf0z.jpg\" target=\"_blank\" rel=\"noopener\"><img loading=\"lazy\" decoding=\"async\" id=\"singlePic_374492\" title=\"Ladislav Jakl\" src=\"https:\/\/media.novinky.cz\/449\/374492-top_foto2-wgf0z.jpg\" alt=\"Ladislav Jakl\" width=\"400\" height=\"225\"><span id=\"gallBox_singlePic_374492\" class=\"pictureZoomInButton\"><\/span><\/a><\/div>\n<\/div>\n<p class=\"acmDescription\">Ladislav Jakl<\/p>\n<p class=\"acmAuthor\">FOTO: Jan Handrejch,&nbsp;<a href=\"http:\/\/www.pravo.cz\/\">Pr\u00e1vo<\/a><\/p>\n<p>\u201eKandid\u00e1tem ODS v&nbsp;Praze 2&nbsp;je Vladim\u00edr Kratina, kter\u00fd byl schv\u00e1len v\u0161emi zodpov\u011bdn\u00fdmi org\u00e1ny ODS a&nbsp;m\u00e1 plnou podporu na\u0161\u00ed strany. Podpora jeho protikandid\u00e1ta ze strany&nbsp;<a title=\"https:\/\/tema.novinky.cz\/vaclav-klaus-ml\" href=\"https:\/\/tema.novinky.cz\/vaclav-klaus-ml\">V\u00e1clava Klause ml<\/a>. nen\u00ed ni\u010d\u00edm v\u00edce ne\u017e jeho osobn\u00edm n\u00e1zorem, kter\u00fd nen\u00ed v&nbsp;souladu s&nbsp;postojem ODS,\u201c \u0159ekl Pr\u00e1vu Fiala.<\/p>\n<p>Poslankyn\u011b a&nbsp;starostka Prahy 2&nbsp;<a title=\"https:\/\/tema.novinky.cz\/jana-cernochova\" href=\"https:\/\/tema.novinky.cz\/jana-cernochova\">Jana \u010cernochov\u00e1<\/a>, kter\u00e1 Klause mlad\u0161\u00edho kritizovala za jeho text o&nbsp;mis\u00edch, Pr\u00e1vu \u0159ekla, \u017ee ji postoj kolegy nep\u0159ekvapil. \u201eVe chv\u00edli, kdy se Jaklovo jm\u00e9no objevilo, \u0159ekla jsem si, \u017ee ho Klausovi asi podpo\u0159\u00ed. Mrz\u00ed m\u011b ale, \u017ee V\u00e1clav ani po tolika letech v&nbsp;politice a&nbsp;po roce ve Sn\u011bmovn\u011b nepochopil, \u017ee politika je t\u00fdmov\u00fd sport,\u201c uvedla.<\/p>\n<p><a href=\"https:\/\/www.novinky.cz\/domaci\/480574-klaus-drazdi-ods-fandi-jaklovi-do-senatu-za-spd.html\">Zdroj<\/a><\/p>\n","protected":false},"excerpt":{"rendered":"<p>Poslanec V\u00e1clav Klaus ml. (ODS) vykopal dal\u0161\u00ed p\u0159\u00edkop mezi sebou a&nbsp;svou domovskou stranou. Klaus toti\u017e v&nbsp;\u00fater\u00fd napsal, \u017ee podpo\u0159\u00ed do Sen\u00e1tu na Praze 2&nbsp;Ladislava Jakla, kter\u00fd kandiduje za SPD. A&nbsp;to navzdory tomu, \u017ee ODS nasazuje vlastn\u00edho kandid\u00e1ta, herce Vladim\u00edra Kratinu.<\/p>\n","protected":false},"author":1,"featured_media":0,"comment_status":"open","ping_status":"open","sticky":false,"template":"","format":"standard","meta":{"ngg_post_thumbnail":0,"footnotes":""},"categories":[11],"tags":[],"class_list":["post-9096","post","type-post","status-publish","format-standard","hentry","category-ozvena"],"_links":{"self":[{"href":"https:\/\/www.ladislavjakl.cz\/index.php?rest_route=\/wp\/v2\/posts\/9096","targetHints":{"allow":["GET"]}}],"collection":[{"href":"https:\/\/www.ladislavjakl.cz\/index.php?rest_route=\/wp\/v2\/posts"}],"about":[{"href":"https:\/\/www.ladislavjakl.cz\/index.php?rest_route=\/wp\/v2\/types\/post"}],"author":[{"embeddable":true,"href":"https:\/\/www.ladislavjakl.cz\/index.php?rest_route=\/wp\/v2\/users\/1"}],"replies":[{"embeddable":true,"href":"https:\/\/www.ladislavjakl.cz\/index.php?rest_route=%2Fwp%2Fv2%2Fcomments&post=9096"}],"version-history":[{"count":1,"href":"https:\/\/www.ladislavjakl.cz\/index.php?rest_route=\/wp\/v2\/posts\/9096\/revisions"}],"predecessor-version":[{"id":9097,"href":"https:\/\/www.ladislavjakl.cz\/index.php?rest_route=\/wp\/v2\/posts\/9096\/revisions\/9097"}],"wp:attachment":[{"href":"https:\/\/www.ladislavjakl.cz\/index.php?rest_route=%2Fwp%2Fv2%2Fmedia&parent=9096"}],"wp:term":[{"taxonomy":"category","embeddable":true,"href":"https:\/\/www.ladislavjakl.cz\/index.php?rest_route=%2Fwp%2Fv2%2Fcategories&post=9096"},{"taxonomy":"post_tag","embeddable":true,"href":"https:\/\/www.ladislavjakl.cz\/index.php?rest_route=%2Fwp%2Fv2%2Ftags&post=9096"}],"curies":[{"name":"wp","href":"https:\/\/api.w.org\/{rel}","templated":true}]}}