{"id":9098,"date":"2018-08-16T12:40:33","date_gmt":"2018-08-16T10:40:33","guid":{"rendered":"http:\/\/www.ladislavjakl.cz\/?p=9098"},"modified":"2018-08-16T12:40:33","modified_gmt":"2018-08-16T10:40:33","slug":"politicku-unesli-hromadne-znasilnili-a-pak-vydirali-spachala-sebevrazdu-komentar-stepana-chaba","status":"publish","type":"post","link":"https:\/\/www.ladislavjakl.cz\/?p=9098","title":{"rendered":"Politi\u010dku unesli, hromadn\u011b zn\u00e1silnili a pak vyd\u00edrali. Sp\u00e1chala sebevra\u017edu. Koment\u00e1\u0159 \u0160t\u011bp\u00e1na Ch\u00e1ba"},"content":{"rendered":"<p>VIDEO Holandsk\u00e1 politi\u010dka za stranu PVV Geerta Wilderse (n\u011bco jako n\u00e1\u0161 Okamura) Willie Dille byla v b\u0159eznu tohoto roku unesena gangem marock\u00fdch muslim\u016f. N\u00e1sledn\u011b byla hromadn\u011b zn\u00e1siln\u011bn\u00e1. Pak n\u00e1sledovala n\u011bkolikam\u011bs\u00ed\u010dn\u00ed tyranie vyd\u00edr\u00e1n\u00ed a vyhro\u017eov\u00e1n\u00ed. P\u0159ed t\u00fddnem politi\u010dka sp\u00e1chala sebevra\u017edu. D\u016fvod? M\u011bla okam\u017eit\u011b skon\u010dit s protiimigrantskou politikou. M\u011bla se p\u0159izp\u016fsobit progresivistick\u00e9 dob\u011b i politice a prost\u011b odt\u00e1hnout z ve\u0159ejn\u00e9ho d\u011bn\u00ed. Jinak\u2026<\/p>\n<p><!--more--><\/p>\n<p>Ve sv\u00e9m&nbsp;<a href=\"http:\/\/www.foxnews.com\/world\/2018\/08\/10\/dutch-official-willie-dille-reportedly-commits-suicide-after-posting-video-claiming-muslim-gang-rape-attack.html\" target=\"_blank\" rel=\"noopener\">posledn\u00edm videu<\/a>, kter\u00e9 nato\u010dila Willie Dille p\u0159ed sebevra\u017edou, vedle popisu cel\u00e9 situace a jej\u00edch n\u00e1sledk\u016f ozna\u010dila jako vin\u00edka tak\u00e9 sv\u00e9ho kolegu na radnici Van Doorna. Ten ve m\u011bst\u011b Haag vedl kandid\u00e1tku muslimsk\u00e9 strany. K isl\u00e1mu konvertoval p\u0159ed dv\u011bma roky. Van Doorn se k obvin\u011bn\u00ed odm\u00edtl vyj\u00e1d\u0159it a ozn\u00e1mil, \u017ee se bude br\u00e1nit soudn\u00ed cestou za o\u010di\u0161t\u011bn\u00ed sv\u00e9ho jm\u00e9na. Muslimov\u00e9 politi\u010dce vyhro\u017eovali zabit\u00edm, vyvra\u017ed\u011bn\u00edm jej\u00ed rodiny.&nbsp;<\/p>\n<h2>Politika se m\u011bn\u00ed<\/h2>\n<p>V jednot\u011b je s\u00edla. V\u011bd\u011bli to nacisti, v\u011bd\u011bli to komunisti. V\u011bd\u00ed to i isl\u00e1mist\u00e9. A pr\u00e1v\u011b z jejich st\u0159edu vych\u00e1z\u00ed ona s\u00edla, kter\u00e1 se ne\u0161t\u00edt\u00ed ni\u010deho. V jednot\u011b i z t\u011bch nejni\u017e\u0161\u00edch m\u00edst m\u016f\u017ee vych\u00e1zet teror na uml\u010den\u00ed nevyhovuj\u00edc\u00edch politik\u016f, na uml\u010den\u00ed i v\u011bt\u0161iny. Jde o to, \u017ee v na\u0161\u00ed spole\u010dnosti jsme si zvykli na princip voleb. Odvol\u00edme si ve volb\u00e1ch, a to, co z nich vzejde, zkr\u00e1tka tolerujeme. Proto\u017ee jsme si zvykli na to, \u017ee p\u0159esn\u011b tak pracuje demokracie. Isl\u00e1mist\u00e9 se ov\u0161em s v\u00fdsledkem spokojit nemus\u00ed a m\u016f\u017ee nastat teror jednoty. Teror masy. A p\u0159\u00edpad t\u00fdr\u00e1n\u00ed Willie Dille a jej\u00ed sebevra\u017edy stoj\u00ed pr\u00e1v\u011b na principu tlaku jednoty.<\/p>\n<p><iframe loading=\"lazy\" src=\"https:\/\/www.youtube.com\/embed\/ukYc8Qg5s04\" width=\"425\" height=\"350\" data-mce-fragment=\"1\"><\/iframe><\/p>\n<p>A v tom je nebezpe\u010d\u00ed. Proto\u017ee do protiimigrantsk\u00e9 strany PVV Geerta Wilderse se te\u010f za\u010dnou lid\u00e9 b\u00e1t vstoupit, p\u0159\u00edpadn\u011b za ni kandidovat. M\u016f\u017ee to ohrozit jejich \u017eivot. D\u011bsiv\u00e1 p\u0159edstava. Je p\u0159eci v\u016fli lid\u00ed, kam bude sm\u011brovat politika. P\u0159edstavte si, \u017ee by z\u00edtra n\u011bkdo zast\u0159elil Ladislava Jakla jen proto, \u017ee kandiduje za SPD a m\u00e1 nevhodn\u00e9 pozn\u00e1mky o imigraci. P\u0159i\u0161lo by n\u00e1m to, no, absurdn\u00ed, \u0161okuj\u00edc\u00ed, nesmysln\u00e9. V\u017edy\u0165 pr\u00e1v\u011b ve volb\u00e1ch se rozhodne, jestli Jaklova politika je tou ur\u010duj\u00edc\u00ed a on tedy stane na p\u016fd\u011b sen\u00e1tu. U n\u00e1s, zat\u00edm, ano. V Holandsku u\u017e o\u010dividn\u011b ne. Tam u\u017e jde s \u201enespr\u00e1vn\u00fdm\u201c n\u00e1zorem doslova o hubu.<\/p>\n<h2>Soudn\u00ed p\u0159el\u00ed\u010den\u00ed<\/h2>\n<p>A co Van Doorn? Bude se nejsp\u00ed\u0161 br\u00e1nit soudn\u00ed cestou za o\u010di\u0161t\u011bn\u00ed sv\u00e9ho jm\u00e9na. Jak to tak isl\u00e1mistick\u00e9 spolky a bu\u0148ky d\u011blaj\u00ed. Prosazuj\u00ed svou n\u00e1silnou ideologii t\u00edm, \u017ee zneu\u017e\u00edvaj\u00ed evropsk\u00e9ho pr\u00e1va k jej\u00edmu postupn\u00e9mu zlegalizov\u00e1n\u00ed. Van Doorn stoj\u00ed v Haagu v \u010dele isl\u00e1mistick\u00e9 politick\u00e9 strany. Je \u010dlenem haagsk\u00e9ho zastupitelstva. U\u017e te\u010f m\u00e1 moc. A co v\u00edc, v programu isl\u00e1mistick\u00e9 strany jsou jako programov\u00e9 body za\u0159azeny snahy o zaveden\u00ed isl\u00e1msk\u00fdch princip\u016f do haagsk\u00e9 politiky. C\u00edt\u00edte to pomal\u00e9 ovl\u00e1dnut\u00ed? Postupn\u00e9, pl\u00ed\u017eiv\u00e9\u2026 ale sakra skute\u010dn\u00e9. Willie Dille je ob\u011bt\u00ed tohoto ovl\u00e1dnut\u00ed. A to u\u017e je syst\u00e9mov\u00e9 selh\u00e1n\u00ed.<\/p>\n<p>Evropsk\u00e9 pr\u00e1vo, politick\u00fd syst\u00e9m i demokracie d\u00e1vaj\u00ed do rukou v\u0161em mo\u017enosti. Ov\u0161em je na zv\u00e1\u017eenou, jestli je dvakr\u00e1t promy\u0161len\u00e9 dovolit postupn\u00e9 ovl\u00e1dnut\u00ed ve\u0159ejn\u00e9ho prostoru lidmi, kte\u0159\u00ed jsou kulturn\u011b, politicky, n\u00e1bo\u017eensky i lidsky ale tak jinde, tak mimo, a\u017e to za\u010dne ohro\u017eovat samotn\u00e9 evropsk\u00e9 pr\u00e1vo, politick\u00fd syst\u00e9m, demokracii a ve v\u00fdsledku celou spole\u010dnost. IDnes si m\u016f\u017ee hr\u00e1t na propagandu pades\u00e1t\u00fdch let a tvrdit n\u00e1m, \u017ee nejkr\u00e1sn\u011bj\u0161\u00ed lid\u00e9 na sv\u011bt\u011b jsou pr\u00e1v\u011b muslimov\u00e9, ale pr\u00e1v\u011b takov\u00e9to p\u0159\u00edpady tvrd\u00ed opak. K tomu ov\u0161em iDnes ml\u010d\u00ed. To se do propagandy nehod\u00ed. Stejn\u011b jako propagandist\u016fm pades\u00e1t\u00fdch let informace o to gulaz\u00edch a hladomorech a zab\u00edjen\u00ed statis\u00edc\u016f lid\u00ed ve jm\u00e9nu socialismu.<\/p>\n<p><a href=\"https:\/\/www.krajskelisty.cz\/stredocesky-kraj\/20260-politicku-unesli-hromadne-znasilnili-a-pak-vydirali-spachala-sebevrazdu-komentar-stepana-chaba.htm\">Zdroj<\/a><\/p>\n","protected":false},"excerpt":{"rendered":"<p>VIDEO Holandsk\u00e1 politi\u010dka za stranu PVV Geerta Wilderse (n\u011bco jako n\u00e1\u0161 Okamura) Willie Dille byla v b\u0159eznu tohoto roku unesena gangem marock\u00fdch muslim\u016f. N\u00e1sledn\u011b byla hromadn\u011b zn\u00e1siln\u011bn\u00e1. Pak n\u00e1sledovala n\u011bkolikam\u011bs\u00ed\u010dn\u00ed tyranie vyd\u00edr\u00e1n\u00ed a vyhro\u017eov\u00e1n\u00ed. P\u0159ed t\u00fddnem politi\u010dka sp\u00e1chala sebevra\u017edu. D\u016fvod? M\u011bla okam\u017eit\u011b skon\u010dit s protiimigrantskou politikou. M\u011bla se p\u0159izp\u016fsobit progresivistick\u00e9 dob\u011b i politice a prost\u011b [&hellip;]<\/p>\n","protected":false},"author":1,"featured_media":0,"comment_status":"open","ping_status":"open","sticky":false,"template":"","format":"standard","meta":{"ngg_post_thumbnail":0,"footnotes":""},"categories":[11],"tags":[],"class_list":["post-9098","post","type-post","status-publish","format-standard","hentry","category-ozvena"],"_links":{"self":[{"href":"https:\/\/www.ladislavjakl.cz\/index.php?rest_route=\/wp\/v2\/posts\/9098","targetHints":{"allow":["GET"]}}],"collection":[{"href":"https:\/\/www.ladislavjakl.cz\/index.php?rest_route=\/wp\/v2\/posts"}],"about":[{"href":"https:\/\/www.ladislavjakl.cz\/index.php?rest_route=\/wp\/v2\/types\/post"}],"author":[{"embeddable":true,"href":"https:\/\/www.ladislavjakl.cz\/index.php?rest_route=\/wp\/v2\/users\/1"}],"replies":[{"embeddable":true,"href":"https:\/\/www.ladislavjakl.cz\/index.php?rest_route=%2Fwp%2Fv2%2Fcomments&post=9098"}],"version-history":[{"count":1,"href":"https:\/\/www.ladislavjakl.cz\/index.php?rest_route=\/wp\/v2\/posts\/9098\/revisions"}],"predecessor-version":[{"id":9099,"href":"https:\/\/www.ladislavjakl.cz\/index.php?rest_route=\/wp\/v2\/posts\/9098\/revisions\/9099"}],"wp:attachment":[{"href":"https:\/\/www.ladislavjakl.cz\/index.php?rest_route=%2Fwp%2Fv2%2Fmedia&parent=9098"}],"wp:term":[{"taxonomy":"category","embeddable":true,"href":"https:\/\/www.ladislavjakl.cz\/index.php?rest_route=%2Fwp%2Fv2%2Fcategories&post=9098"},{"taxonomy":"post_tag","embeddable":true,"href":"https:\/\/www.ladislavjakl.cz\/index.php?rest_route=%2Fwp%2Fv2%2Ftags&post=9098"}],"curies":[{"name":"wp","href":"https:\/\/api.w.org\/{rel}","templated":true}]}}