{"id":910,"date":"2011-04-15T09:12:25","date_gmt":"2011-04-15T08:12:25","guid":{"rendered":"http:\/\/www.ladislavjakl.cz\/?p=910"},"modified":"2011-04-15T09:12:25","modified_gmt":"2011-04-15T08:12:25","slug":"ct-ostrava-vystoupil-tady-tajemnik-prezidenta-ladislav-jakl-a-po-jeho-vystoupeni-se-zacala-bourliva-diskuse","status":"publish","type":"post","link":"https:\/\/www.ladislavjakl.cz\/?p=910","title":{"rendered":"\u010cT Ostrava: Vystoupil tady tajemn\u00edk prezidenta Ladislav Jakl a po jeho vystoupen\u00ed se za\u010dala bou\u0159liv\u00e1 diskuse"},"content":{"rendered":"<p>Mezin\u00e1rodn\u00ed konference Ve\u0159ejnopr\u00e1vn\u00ed m\u00e9dia v nov\u00e9m desetilet\u00ed &#8211; \u010das na privatizaci?<\/p>\n<p><!--more--><\/p>\n<p>\u010cT 24 6.4.2011 18:00 po\u0159ad: Ud\u00e1losti v regionech &#8211; Ostrava<\/p>\n<p>Jan PLACH\u00dd, moder\u00e1tor<\/p>\n<p>&#8212;&#8212;&#8212;&#8212;&#8212;&#8212;&#8211;<\/p>\n<p>Ve\u0159ejnopr\u00e1vn\u00ed m\u00e9dia &#8211; \u010das na privatizaci? To je n\u00e1zev dvoudenn\u00ed konference, kter\u00e1 dnes za\u010dala v ostravsk\u00e9m hotelu Imperial. Po\u0159\u00e1d\u00e1 ji \u010cesk\u00e1 televize spole\u010dn\u011b s Ostravskou univerzitou a Univerzitou Palack\u00e9ho v Olomouci. Konferenci po cel\u00fd den sledoval Radek Wiglasz. Radku, pro\u010d zvolili organiz\u00e1to\u0159i tak kontroverzn\u00ed n\u00e1zev konference?<\/p>\n<p>Radek WIGLASZ, redaktor \u010cT, Ostrava<\/p>\n<p>&#8212;&#8212;&#8212;&#8212;&#8212;&#8212;&#8211;<\/p>\n<p>Dobr\u00fd ve\u010der. Tak organiz\u00e1to\u0159i zvolili ten n\u00e1zev zcela z\u00e1m\u011brn\u011b. M\u00e9dia, v\u010detn\u011b t\u011bch ve\u0159ejnopr\u00e1vn\u00edch v posledn\u00ed dob\u011b toti\u017e proch\u00e1zej\u00ed zm\u011bnami, kter\u00e9 sebou nesou nap\u0159\u00edklad digitalizace nebo n\u00e1stup nov\u00fdch modern\u00edch technologi\u00ed, jako jsou mobiln\u00ed telefony, tablety nebo hybridn\u00ed televize. A pr\u00e1v\u011b tyto nov\u00e9 mo\u017enosti, kter\u00e9 dok\u00e1\u017eou uspokojit daleko v\u00edce v\u011bt\u0161\u00ed \u0161ir\u0161\u00ed spektrum div\u00e1k\u016f a p\u0159\u00edjemc\u016f, kladou ot\u00e1zku, zda je\u0161t\u011b pot\u0159ebujeme v\u016fbec ve\u0159ejnopr\u00e1vn\u00ed televizi, nebo p\u0159\u00edpadn\u011b jak\u00e1 by m\u011bla b\u00fdt jej\u00ed role. Proto organiz\u00e1to\u0159i pozvali \u0159adu host\u016f a\u0165 u\u017e z univerzitn\u00ed p\u016fdy, vystoupil tady nap\u0159\u00edklad profesor Jan Jir\u00e1k z Univerzity Karlovy, doktor Jarom\u00edr Volek z Masarykovy univerzity v Brn\u011b, nebo Ji\u0159\u00ed P\u0159ib\u00e1\u0148 z Wel\u0161sk\u00e9 univerzity v Cardiffu.<\/p>\n<p>Jan PLACH\u00dd, moder\u00e1tor<\/p>\n<p>&#8212;&#8212;&#8212;&#8212;&#8212;&#8212;&#8211;<\/p>\n<p>Radku, mluvil jsi o n\u011bkter\u00fdch t\u00e9matech, kter\u00e1 na konferenci padla. Kter\u00e9 by si ozna\u010dil za to nejv\u00edce diskutovan\u00e9?<\/p>\n<p>Radek WIGLASZ, redaktor \u010cT, Ostrava<\/p>\n<p>&#8212;&#8212;&#8212;&#8212;&#8212;&#8212;&#8211;<\/p>\n<p>Tak to nejdiskutovan\u011bj\u0161\u00ed t\u00e9ma bylo asi sama, sama debata o tom, zdali pot\u0159ebujeme tu ve\u0159ejnopr\u00e1vn\u00ed televizi. Vystoupil tady tajemn\u00edk prezidenta Ladislav Jakl a po jeho vystoupen\u00ed se za\u010dala bou\u0159liv\u00e1 diskuse. Ladislav Jakl toti\u017e tvrd\u00ed, \u017ee digitalizace vzala v\u0161em p\u0159\u00edznivc\u016fm ve\u0159ejnopr\u00e1vn\u00edch m\u00e9di\u00ed posledn\u00ed argument pro to, aby ty existovala. Podle n\u011bj jsou ve\u0159ejnopr\u00e1vn\u00ed m\u00e9dia relikt totalitn\u00ed minulosti a je t\u0159eba se bavit o tom, jestli je v\u016fbec pot\u0159ebujeme. Minim\u00e1ln\u011b ta debata by podle n\u011bj m\u011bla za\u010d\u00edt, a\u0165 u\u017e je jej\u00ed v\u00fdsledek jak\u00fdkoliv. Dal\u0161\u00ed zaj\u00edmav\u00e1 debata se rozproudila a pokra\u010duje v t\u011bchto chv\u00edl\u00edch, t\u00fdk\u00e1 se nov\u00fdch m\u00e9di\u00edch a toho, zda by \u010cesk\u00e1 televize a \u010cesk\u00fd rozhlas m\u011bly b\u00fdt l\u00eddrem v prosazov\u00e1n\u00ed t\u011bchto technologi\u00ed, zdali by to nem\u011blo b\u00fdt p\u0159ece jen p\u0159\u00edle\u017eitost pro soukrom\u00fd sektor. Ta konference bude pokra\u010dovat i z\u00edtra. Hlavn\u00edm t\u00e9matem bude region\u00e1ln\u00ed, region\u00e1ln\u00ed televize, region\u00e1ln\u00ed rozhlas a jej\u00ed budoucnosti. Vystoupit m\u00e1 nap\u0159\u00edklad sociolog Jan Keller a \u0159editel ostravsk\u00e9ho televizn\u00edho studia Ilja Racek. V\u0161echna vystoupen\u00ed m\u016f\u017eete naj\u00edt taky na internetov\u00fdch str\u00e1nk\u00e1ch \u010cesk\u00e9 televize.<\/p>\n<p>Jan PLACH\u00dd, moder\u00e1tor<\/p>\n<p>&#8212;&#8212;&#8212;&#8212;&#8212;&#8212;&#8211;<\/p>\n<p>Z ostravsk\u00e9ho hotelu Imperial kolega Radek Wiglasz, d\u00edky.<\/p>\n<p>Pr\u00edchoz\u00ed zpr\u00e1va neobsahuje viry.<\/p>\n<p>Zkontrolov\u00e1no AVG &#8211; <a href=\"http:\/\/www.avg.cz\/\">www.avg.cz<\/a><\/p>\n<p>Verze: 9.0.894 \/ Virov\u00e1 b\u00e1ze: 271.1.1\/3553 &#8211; Datum vyd\u00e1n\u00ed: 04\/06\/11 20:35:00<\/p>\n","protected":false},"excerpt":{"rendered":"<p>Mezin\u00e1rodn\u00ed konference Ve\u0159ejnopr\u00e1vn\u00ed m\u00e9dia v nov\u00e9m desetilet\u00ed &#8211; \u010das na privatizaci?<\/p>\n","protected":false},"author":1,"featured_media":0,"comment_status":"open","ping_status":"open","sticky":false,"template":"","format":"standard","meta":{"ngg_post_thumbnail":0,"footnotes":""},"categories":[11],"tags":[],"class_list":["post-910","post","type-post","status-publish","format-standard","hentry","category-ozvena"],"_links":{"self":[{"href":"https:\/\/www.ladislavjakl.cz\/index.php?rest_route=\/wp\/v2\/posts\/910","targetHints":{"allow":["GET"]}}],"collection":[{"href":"https:\/\/www.ladislavjakl.cz\/index.php?rest_route=\/wp\/v2\/posts"}],"about":[{"href":"https:\/\/www.ladislavjakl.cz\/index.php?rest_route=\/wp\/v2\/types\/post"}],"author":[{"embeddable":true,"href":"https:\/\/www.ladislavjakl.cz\/index.php?rest_route=\/wp\/v2\/users\/1"}],"replies":[{"embeddable":true,"href":"https:\/\/www.ladislavjakl.cz\/index.php?rest_route=%2Fwp%2Fv2%2Fcomments&post=910"}],"version-history":[{"count":1,"href":"https:\/\/www.ladislavjakl.cz\/index.php?rest_route=\/wp\/v2\/posts\/910\/revisions"}],"predecessor-version":[{"id":911,"href":"https:\/\/www.ladislavjakl.cz\/index.php?rest_route=\/wp\/v2\/posts\/910\/revisions\/911"}],"wp:attachment":[{"href":"https:\/\/www.ladislavjakl.cz\/index.php?rest_route=%2Fwp%2Fv2%2Fmedia&parent=910"}],"wp:term":[{"taxonomy":"category","embeddable":true,"href":"https:\/\/www.ladislavjakl.cz\/index.php?rest_route=%2Fwp%2Fv2%2Fcategories&post=910"},{"taxonomy":"post_tag","embeddable":true,"href":"https:\/\/www.ladislavjakl.cz\/index.php?rest_route=%2Fwp%2Fv2%2Ftags&post=910"}],"curies":[{"name":"wp","href":"https:\/\/api.w.org\/{rel}","templated":true}]}}