{"id":9100,"date":"2018-08-21T08:42:09","date_gmt":"2018-08-21T06:42:09","guid":{"rendered":"http:\/\/www.ladislavjakl.cz\/?p=9100"},"modified":"2018-08-21T08:42:09","modified_gmt":"2018-08-21T06:42:09","slug":"vzpurny-klaus-mladsi-do-senatu-chce-jakla-za-spd","status":"publish","type":"post","link":"https:\/\/www.ladislavjakl.cz\/?p=9100","title":{"rendered":"Vzpurn\u00fd Klaus mlad\u0161\u00ed. Do Sen\u00e1tu chce Jakla za SPD"},"content":{"rendered":"<p>Poslanec V\u00e1clav Klaus mlad\u0161\u00ed p\u0159idal dal\u0161\u00ed do \u0159ady sv\u00fdch neshod s ob\u010dansk\u00fdmi demokraty, kter\u00fdch je \u010dlenem. Na sv\u00e9m facebookov\u00e9m profilu v \u00fater\u00fd napsal, \u017ee v nadch\u00e1zej\u00edc\u00edch sen\u00e1tn\u00edch volb\u00e1ch podpo\u0159\u00ed na Praze 2 Ladislava Jakla, kter\u00fd kandiduje za SPD. Spolupracovn\u00edku V\u00e1clava Klause star\u0161\u00edho&nbsp;a n\u011bkdej\u0161\u00edmu poslanci se p\u0159itom v t\u00e9m\u017ee volebn\u00edm obvod\u011b postav\u00ed kandid\u00e1t ODS, herec Vladim\u00edr Kratina.<br \/>\n<!--more--><\/p>\n<p>Klaus ml. ve sv\u00e9m p\u0159\u00edsp\u011bvku reagoval na kritiku, kter\u00e1 se na n\u011bj snesla po pond\u011bln\u00edm n\u00e1zorov\u00e9m sloupku, v n\u011bm\u017e zpochybnil bojeschopnost \u010desk\u00e9 arm\u00e1dy. \u201eRad\u0161i vyraz\u00edme kl\u00edn kl\u00ednem:&nbsp;Podporuji Ladislava Jakla do Sen\u00e1tu.&nbsp;Byl by jist\u011b ne\u00faplatn\u00fdm, svobodomysln\u00fdm a pravicov\u00fdm sen\u00e1torem.&nbsp;Ty, kter\u00e9 roz\u010diluje, \u017ee kandiduje s podporou SPD \u2013 v principu roz\u010diluje, \u017ee v\u016fbec kandiduje,\u201c napsal.<\/p>\n<p><iframe loading=\"lazy\" src=\"https:\/\/www.facebook.com\/plugins\/post.php?href=https%3A%2F%2Fwww.facebook.com%2Fvaclavklausml%2Fposts%2F743227882675106&amp;width=500\" width=\"500\" height=\"287\" frameborder=\"0\" scrolling=\"no\" data-mce-fragment=\"1\"><\/iframe><\/p>\n<p>Ladislav Jakl byl na po\u010d\u00e1tku 90. poslancem za Ob\u010dansk\u00e9 f\u00f3rum, pozd\u011bji se dlouho objevoval po boku b\u00fdval\u00e9ho prezidenta V\u00e1clava Klause star\u0161\u00edho jako \u0159editel politick\u00e9ho odboru&nbsp;Kancel\u00e1\u0159e prezidenta republiky. Podporu sv\u00e9mu n\u011bkdej\u0161\u00edmu tajemn\u00edkovi vyj\u00e1d\u0159ila i b\u00fdval\u00e1 hlava st\u00e1tu. Podle Klause je z\u00e1sadn\u00ed, \u017ee se hnut\u00ed Tomia Okamury i Jakl stav\u00ed proti masov\u00e9 migraci.&nbsp;\u201eLadislav Jakl m\u00e1 m\u00e9 sympatie, proto\u017ee chce zvednout prapor tohoto t\u00e9matu, tedy darebnosti a nebezpe\u010dnosti masov\u00e9 migrace,\u201c \u0159ekl exprezident novin\u00e1\u0159\u016fm p\u0159i v\u00fdstupu na Sn\u011b\u017eku.<\/p>\n<h2 class=\"mezititulek\">Kritika mis\u00ed&nbsp;NATO<\/h2>\n<p>Nejedn\u00e1 se o prvn\u00ed p\u0159\u00edpad z posledn\u00edch dn\u00ed, kdy Klaus mlad\u0161\u00ed vzbudil ve sv\u00e9 stran\u011b kontroverze. Ve sv\u00e9m pond\u011bln\u00edm koment\u00e1\u0159i si kladl ot\u00e1zku, zda&nbsp;se \u010cesk\u00e1 republika m\u00e1 \u00fa\u010dastnit mis\u00ed NATO, jako byla ta, kde zahynula trojice \u010desk\u00fdch voj\u00e1k\u016f. \u201eSmyslem arm\u00e1dy je p\u0159edev\u0161\u00edm chr\u00e1nit vlastn\u00ed zemi, jej\u00ed svrchovanost. Tohoto c\u00edle by arm\u00e1da m\u011bla b\u00fdt schopn\u00e1. Na\u0161e nen\u00ed. Tato priorita by se m\u011bla zm\u011bnit, proto\u017ee sv\u011bt nen\u00ed bezpe\u010dn\u00e9 m\u00edsto a v\u017edycky v\u00e1m p\u0159\u00e1tel\u00e9 (i spojenci) nejv\u00edce pomohou, kdy\u017e jste s\u00e1m dostate\u010dn\u011b siln\u00fd a \u017eivotaschopn\u00fd,\u201c napsal&nbsp;v Pr\u00e1vu.&nbsp;\u201eFakt to chceme? Pro\u010d?\u201c. \u201eSkoro nejv\u011bt\u0161\u00ed arm\u00e1du NATO m\u00e1 Turecko \u2013 a \u017e\u00e1dn\u00e9 voj\u00e1ky v Afgh\u00e1nist\u00e1nu nem\u00e1. \u0158ada jin\u00fdch zem\u00ed tak\u00e9 ne. My tam voj\u00e1ky m\u00edt chceme, nen\u00ed to na\u0161e povinnost,\u201c prohl\u00e1sil&nbsp;Klaus ml.<\/p>\n<p>Do sv\u00e9ho stranick\u00e9ho kolegy se n\u00e1sledn\u011b op\u0159ela expertka ODS na obranu Jana \u010cernochov\u00e1. \u201eOd komunist\u016f a\u017e po p\u0159\u00edznivce SPD to \u010dek\u00e1m, od spolustran\u00edka nikoli. V\u00e1clav Klaus ml. publikoval v Pr\u00e1vu \u010dl\u00e1nek o operaci v Afgh\u00e1nist\u00e1nu a o na\u0161ich voj\u00e1c\u00edch. Je pln\u00fd faktick\u00fdch chyb a \u00fa\u010delov\u00fdch nep\u0159esnost\u00ed, kter\u00e9 evokuj\u00ed, \u017ee je v\u0161e \u0161patn\u011b a operace v Afgh\u00e1nist\u00e1nu i smrt na\u0161ich voj\u00e1k\u016f jsou zcela zbyte\u010dn\u00e9,\u201c napsala v prohl\u00e1\u0161en\u00ed&nbsp;\u010cernochov\u00e1.<\/p>\n<p>N\u00e1zory V\u00e1clava Klause ml. ozna\u010dila za \u010dist\u011b osobn\u00ed a nikoliv za n\u00e1zory ODS, za faktick\u00e9 chyby &nbsp;pak nap\u0159\u00edklad \u201e\u017ee se Turecko ne\u00fa\u010dastn\u00ed mise v Afgh\u00e1nist\u00e1nu \u2013 dvakr\u00e1t misi ISAF dokonce velelo a zem\u0159elo tam nejm\u00e9n\u011b 15 tureck\u00fdch voj\u00e1k\u016f\u201c.<\/p>\n<p>Svou chybu nicm\u00e9n\u011b Klaus odm\u00edtl p\u0159iznat. \u201eTurecko n\u011bjak\u00e9 voj\u00e1ky v Afgh\u00e1nist\u00e1nu m\u00e1, j\u00e1 jsem to nev\u011bd\u011bl (nikdy jsem o tom nesly\u0161el) a v koment\u00e1\u0159i to uvedl. Nep\u00ed\u0161u koment\u00e1\u0159e s encyklopedi\u00ed v ruce \u2013 nejsem v\u0161ev\u011bd,\u201c&nbsp;br\u00e1nil se.&nbsp;Podle n\u011bj to ale na vyzn\u011bn\u00ed jeho sloupku nic nezm\u011bnilo.<\/p>\n<p><a href=\"https:\/\/echo24.cz\/a\/SWhnf\/vzpurny-klaus-mladsi-do-senatu-chce-jakla-za-spd\">Zdroj<\/a><\/p>\n","protected":false},"excerpt":{"rendered":"<p>Poslanec V\u00e1clav Klaus mlad\u0161\u00ed p\u0159idal dal\u0161\u00ed do \u0159ady sv\u00fdch neshod s ob\u010dansk\u00fdmi demokraty, kter\u00fdch je \u010dlenem. Na sv\u00e9m facebookov\u00e9m profilu v \u00fater\u00fd napsal, \u017ee v nadch\u00e1zej\u00edc\u00edch sen\u00e1tn\u00edch volb\u00e1ch podpo\u0159\u00ed na Praze 2 Ladislava Jakla, kter\u00fd kandiduje za SPD. Spolupracovn\u00edku V\u00e1clava Klause star\u0161\u00edho&nbsp;a n\u011bkdej\u0161\u00edmu poslanci se p\u0159itom v t\u00e9m\u017ee volebn\u00edm obvod\u011b postav\u00ed kandid\u00e1t ODS, herec Vladim\u00edr [&hellip;]<\/p>\n","protected":false},"author":1,"featured_media":0,"comment_status":"open","ping_status":"open","sticky":false,"template":"","format":"standard","meta":{"ngg_post_thumbnail":0,"footnotes":""},"categories":[11],"tags":[],"class_list":["post-9100","post","type-post","status-publish","format-standard","hentry","category-ozvena"],"_links":{"self":[{"href":"https:\/\/www.ladislavjakl.cz\/index.php?rest_route=\/wp\/v2\/posts\/9100","targetHints":{"allow":["GET"]}}],"collection":[{"href":"https:\/\/www.ladislavjakl.cz\/index.php?rest_route=\/wp\/v2\/posts"}],"about":[{"href":"https:\/\/www.ladislavjakl.cz\/index.php?rest_route=\/wp\/v2\/types\/post"}],"author":[{"embeddable":true,"href":"https:\/\/www.ladislavjakl.cz\/index.php?rest_route=\/wp\/v2\/users\/1"}],"replies":[{"embeddable":true,"href":"https:\/\/www.ladislavjakl.cz\/index.php?rest_route=%2Fwp%2Fv2%2Fcomments&post=9100"}],"version-history":[{"count":1,"href":"https:\/\/www.ladislavjakl.cz\/index.php?rest_route=\/wp\/v2\/posts\/9100\/revisions"}],"predecessor-version":[{"id":9101,"href":"https:\/\/www.ladislavjakl.cz\/index.php?rest_route=\/wp\/v2\/posts\/9100\/revisions\/9101"}],"wp:attachment":[{"href":"https:\/\/www.ladislavjakl.cz\/index.php?rest_route=%2Fwp%2Fv2%2Fmedia&parent=9100"}],"wp:term":[{"taxonomy":"category","embeddable":true,"href":"https:\/\/www.ladislavjakl.cz\/index.php?rest_route=%2Fwp%2Fv2%2Fcategories&post=9100"},{"taxonomy":"post_tag","embeddable":true,"href":"https:\/\/www.ladislavjakl.cz\/index.php?rest_route=%2Fwp%2Fv2%2Ftags&post=9100"}],"curies":[{"name":"wp","href":"https:\/\/api.w.org\/{rel}","templated":true}]}}