{"id":9102,"date":"2018-08-21T08:44:12","date_gmt":"2018-08-21T06:44:12","guid":{"rendered":"http:\/\/www.ladislavjakl.cz\/?p=9102"},"modified":"2018-08-21T08:44:12","modified_gmt":"2018-08-21T06:44:12","slug":"vyhodi-klause-z-ods-po-slovech-o-vojacich-v-afghanistanu-odpalil-poslanec-dalsi-bombu","status":"publish","type":"post","link":"https:\/\/www.ladislavjakl.cz\/?p=9102","title":{"rendered":"Vyhod\u00ed Klause z ODS? Po slovech o voj\u00e1c\u00edch v Afgh\u00e1nist\u00e1nu odp\u00e1lil poslanec dal\u0161\u00ed \u201ebombu\u201c"},"content":{"rendered":"<p>Praha \u2013 Poslanec ODS V\u00e1clav Klaus mlad\u0161\u00ed d\u00e1l \u010de\u0159\u00ed vody. Pot\u00e9, co sepsal kritizovan\u00fd koment\u00e1\u0159 o \u010desk\u00fdch voj\u00e1c\u00edch v Afgh\u00e1nist\u00e1nu, se na n\u011bj sesypala cel\u00e1 \u0159ada kritik\u016f, v\u010detn\u011b lid\u00ed z jeho vlastn\u00ed strany. Klaus si ale za sv\u00fdmi slovy stoj\u00ed a dal jasn\u011b najevo, \u017ee se nenech\u00e1 od nikoho pou\u010dovat.<\/p>\n<p><!--more--><\/p>\n<p>Klaus se ve sv\u00e9m koment\u00e1\u0159i pro Novinky.cz pozastavoval nad p\u0159\u00edtomnost\u00ed \u010desk\u00fdch voj\u00e1k\u016f v Afgh\u00e1nist\u00e1nu. \u201eBojovat a um\u00edrat v ciz\u00edch zem\u00edch \u010de\u0161t\u00ed voj\u00e1ci se souhlasem vl\u00e1dy a parlamentu mohou. M\u011blo by to m\u00edt ale n\u011bjak\u00fd jasn\u00fd d\u016fvod a c\u00edl. J\u00e1 ho, promi\u0148te, v Afgh\u00e1nist\u00e1nu nevid\u00edm,\u201c uvedl mimo jin\u00e9 Klaus.<\/p>\n<p>Odm\u00edtl tak\u00e9 slova o spojeneck\u00e9 povinnosti. \u201eSkoro nejv\u011bt\u0161\u00ed arm\u00e1du NATO m\u00e1 Turecko \u2013 a \u017e\u00e1dn\u00e9 voj\u00e1ky v Afgh\u00e1nist\u00e1nu nem\u00e1. \u0158ada jin\u00fdch zem\u00ed tak\u00e9 ne. My tam voj\u00e1ky m\u00edt chceme, nen\u00ed to na\u0161e povinnost,\u201c psal Klaus. Kritici mu ale obratem jeho slova vyvr\u00e1tili a pouk\u00e1zali, \u017ee Turecko m\u00e1 podle dostupn\u00fdch \u010d\u00edsle v zemi v\u00edc ne\u017e 500 voj\u00e1k\u016f a \u017ee tedy v tomto sm\u011bru nemluv\u00ed pravdu.<\/p>\n<p>Nav\u00edc se ozvala i expertka ODS na obranu. \u201eOd smrti \u010desk\u00fdch voj\u00e1k\u016f uplynul t\u00fdden a nemine dne, kdy n\u011bkdo tu otev\u0159en\u011bji, tu zast\u0159en\u011bji o nich hovo\u0159\u00ed jako o \u017eold\u00e1c\u00edch, zpochyb\u0148uje na\u0161e nasazov\u00e1n\u00ed v zahrani\u010d\u00ed, konkr\u00e9tn\u011b v Afgh\u00e1nist\u00e1nu a na\u0161e spojeneck\u00e9 z\u00e1vazky. Od komunist\u016f a\u017e po p\u0159\u00edznivce SPD to \u010dek\u00e1m, od spolustran\u00edka nikoli,\u201c r\u00fdpnukla si do Klause p\u0159\u00edmo na webu strany.<\/p>\n<p>Zd\u016fraz\u0148uje, \u017ee Klaus\u016fv text je pln\u00fd faktick\u00fdch chyb a \u00fa\u010delov\u00fdch nep\u0159esnost\u00ed, kter\u00e9 podle n\u00ed maj\u00ed vyvolat dojem, \u017ee je v\u0161e \u0161patn\u011b a operace v Afgh\u00e1nist\u00e1nu i smrt \u010desk\u00fdch voj\u00e1k\u016f jsou zcela zbyte\u010dn\u00e9. \u201eN\u00e1zory V\u00e1clava Klause ml. jsou pouze jeho, stejn\u011b jako faktick\u00e9 chyby v \u010dl\u00e1nku (t\u0159eba ta o tom, \u017ee se Turecko ne\u00fa\u010dastn\u00ed mise v Afgh\u00e1nist\u00e1nu &#8211; dvakr\u00e1t misi ISAF dokonce velelo a zem\u0159elo tam nejm\u00e9n\u011b 15 tureck\u00fdch voj\u00e1k\u016f),\u201c pou\u010duje \u010cernochov\u00e1.<\/p>\n<p>Na z\u00e1v\u011br poslala Klausovi d\u016frazn\u00fd vzkaz. \u201eJe dob\u0159e, \u017ee postoj ODS je zcela odli\u0161n\u00fd od postoje V\u00e1clava Klause ml. a ned\u00e1vno byl potvrzen p\u0159i hlasov\u00e1n\u00ed o roz\u0161\u00ed\u0159en\u00ed operace v Afgh\u00e1nist\u00e1nu, o co\u017e n\u00e1s \u017e\u00e1dala Severoatlantick\u00e1 aliance, tedy hlavn\u00ed garant na\u0161\u00ed bezpe\u010dnosti. Pan poslanec Klaus by ud\u011blal l\u00e9pe, kdyby se v\u011bnoval \u0161kolstv\u00ed, kter\u00e9mu docela rozum\u00ed,\u201c m\u00e1 jasno poslankyn\u011b.<\/p>\n<p>Klaus ale podobn\u00e1 slova \u0161mahem smetl ze stolu. \u201eN\u011bkte\u0159\u00ed radilov\u00e9 z m\u00e9ho okol\u00ed m\u011b nab\u00e1daj\u00ed, abych p\u0159iznal chybu ve v\u010derej\u0161\u00edm koment\u00e1\u0159i na Novink\u00e1ch. To mi trochu p\u0159ipom\u00edn\u00e1 sc\u00e9nu z Formanova &#8222;Ho\u0159\u00ed m\u00e1 panenko&#8220; &#8211; v\u017edy\u0165 je to jasn\u00e9. Turecko n\u011bjak\u00e9 voj\u00e1ky v Afgh\u00e1nist\u00e1nu m\u00e1, j\u00e1 jsem to nev\u011bd\u011bl (nikdy jsem o tom nesly\u0161el) a v koment\u00e1\u0159i to uvedl. Nep\u00ed\u0161u koment\u00e1\u0159e s encyklopedi\u00ed v ruce &#8211; nejsem v\u0161ev\u011bd. M\u011bl jsem napsat Francie nebo Kanada t\u0159eba,\u201c uznal svou faktickou chybu.<\/p>\n<p>Na vyzn\u011bn\u00ed koment\u00e1\u0159e to ale podle n\u011bj nic nem\u011bn\u00ed. \u201eS\u00e1le si to mysl\u00edm a d\u011bkuji za ty stovky&nbsp;podp\u016frn\u00fdch zpr\u00e1v a mail\u016f. Nav\u00edc chybu u\u017e vesele rozmaz\u00e1vali v\u0161ichni m\u00ed politi\u010dt\u00ed p\u0159\u00e1tel\u00e9, tak co na tom \u0159e\u0161it.<br \/>\nRad\u0161i vyraz\u00edme kl\u00edn kl\u00ednem: Podporuji Ladislava Jakla do Sen\u00e1tu. Byl by jist\u011b ne\u00faplatn\u00fdm, svobodomysln\u00fdm a pravicov\u00fdm sen\u00e1torem. Ty, kter\u00e9 roz\u010diluje, \u017ee kandiduje s podporou SPD &#8211; v principu roz\u010diluje, \u017ee v\u016fbec kandiduje,\u201c dodal tvrd\u011b Klaus.&nbsp;<\/p>\n<p>Publicista, n\u011bkdej\u0161\u00ed \u0159editel politick\u00e9ho odboru kancel\u00e1\u0159e prezidenta V\u00e1clava Klause Ladislav Jakl kandiduje v obvodu Praha 2. ODS p\u0159itom m\u00e1 v tomto obvodu sv\u00e9ho kandid\u00e1ta, kter\u00fdm je herec Vladim\u00edr Kratina. O post sen\u00e1tora se zde utk\u00e1 tak\u00e9 n\u011bkdej\u0161\u00ed prezidentsk\u00fd kandid\u00e1t Marek Hil\u0161er, dosavadn\u00ed sen\u00e1tor za Pir\u00e1ty Libor Mich\u00e1lek nebo b\u00fdval\u00fd poslanec Ivan Gabal.<\/p>\n<p>Na Klausova slova zareagoval nap\u0159\u00edklad koment\u00e1tor Petr Honzejk. Ten nazna\u010dil, \u017ee by m\u011bl p\u0159edseda ODS Petr Fiala v\u011bc n\u011bjak \u0159e\u0161it.&nbsp;\u201e\u0158ekl bych, \u017ee jsou v z\u00e1sad\u011b dv\u011b mo\u017enosti. Bu\u010f te\u010f vyhod\u00ed Petr Fiala V\u00e1clava Klause mlad\u0161\u00edho z ODS, nebo Klaus mlad\u0161\u00ed Fialu zhruba za dva roky z ODSPD,&#8220; mysl\u00ed si.&nbsp;<\/p>\n<p><a href=\"https:\/\/domaci.eurozpravy.cz\/politika\/232234-vyhodi-klause-z-ods-po-slovech-o-vojacich-v-afghanistanu-odpalil-poslanec-dalsi-bombu\/\">Zdroj<\/a><\/p>\n","protected":false},"excerpt":{"rendered":"<p>Praha \u2013 Poslanec ODS V\u00e1clav Klaus mlad\u0161\u00ed d\u00e1l \u010de\u0159\u00ed vody. Pot\u00e9, co sepsal kritizovan\u00fd koment\u00e1\u0159 o \u010desk\u00fdch voj\u00e1c\u00edch v Afgh\u00e1nist\u00e1nu, se na n\u011bj sesypala cel\u00e1 \u0159ada kritik\u016f, v\u010detn\u011b lid\u00ed z jeho vlastn\u00ed strany. Klaus si ale za sv\u00fdmi slovy stoj\u00ed a dal jasn\u011b najevo, \u017ee se nenech\u00e1 od nikoho pou\u010dovat.<\/p>\n","protected":false},"author":1,"featured_media":0,"comment_status":"open","ping_status":"open","sticky":false,"template":"","format":"standard","meta":{"ngg_post_thumbnail":0,"footnotes":""},"categories":[11],"tags":[],"class_list":["post-9102","post","type-post","status-publish","format-standard","hentry","category-ozvena"],"_links":{"self":[{"href":"https:\/\/www.ladislavjakl.cz\/index.php?rest_route=\/wp\/v2\/posts\/9102","targetHints":{"allow":["GET"]}}],"collection":[{"href":"https:\/\/www.ladislavjakl.cz\/index.php?rest_route=\/wp\/v2\/posts"}],"about":[{"href":"https:\/\/www.ladislavjakl.cz\/index.php?rest_route=\/wp\/v2\/types\/post"}],"author":[{"embeddable":true,"href":"https:\/\/www.ladislavjakl.cz\/index.php?rest_route=\/wp\/v2\/users\/1"}],"replies":[{"embeddable":true,"href":"https:\/\/www.ladislavjakl.cz\/index.php?rest_route=%2Fwp%2Fv2%2Fcomments&post=9102"}],"version-history":[{"count":1,"href":"https:\/\/www.ladislavjakl.cz\/index.php?rest_route=\/wp\/v2\/posts\/9102\/revisions"}],"predecessor-version":[{"id":9103,"href":"https:\/\/www.ladislavjakl.cz\/index.php?rest_route=\/wp\/v2\/posts\/9102\/revisions\/9103"}],"wp:attachment":[{"href":"https:\/\/www.ladislavjakl.cz\/index.php?rest_route=%2Fwp%2Fv2%2Fmedia&parent=9102"}],"wp:term":[{"taxonomy":"category","embeddable":true,"href":"https:\/\/www.ladislavjakl.cz\/index.php?rest_route=%2Fwp%2Fv2%2Fcategories&post=9102"},{"taxonomy":"post_tag","embeddable":true,"href":"https:\/\/www.ladislavjakl.cz\/index.php?rest_route=%2Fwp%2Fv2%2Ftags&post=9102"}],"curies":[{"name":"wp","href":"https:\/\/api.w.org\/{rel}","templated":true}]}}