{"id":9104,"date":"2018-08-21T08:45:43","date_gmt":"2018-08-21T06:45:43","guid":{"rendered":"http:\/\/www.ladislavjakl.cz\/?p=9104"},"modified":"2018-08-21T08:45:43","modified_gmt":"2018-08-21T06:45:43","slug":"vaclav-klaus-mladsi-podpori-v-praze-2-kandidata-spd-jakla-je-to-projev-neloajality-zni-z-ods","status":"publish","type":"post","link":"https:\/\/www.ladislavjakl.cz\/?p=9104","title":{"rendered":"V\u00e1clav Klaus mlad\u0161\u00ed podpo\u0159\u00ed v Praze 2 kandid\u00e1ta SPD Jakla. Je to projev neloajality, zn\u00ed z ODS"},"content":{"rendered":"<div class=\"perex\">&#8222;M\u00e1m r\u00e1d n\u00e1zory pana Jakla i jeho osobn\u011b. Kdy\u017e bude v Sen\u00e1tu, budu r\u00e1d,&#8220; \u0159ekl Klaus Aktu\u00e1ln\u011b.cz. Podle p\u0159edsedy ODS Petra Fialy jde o osobn\u00ed n\u00e1zor, kter\u00fd nem\u00e1 nic spole\u010dn\u00e9ho se stanoviskem strany.<\/div>\n<p><!--more--><\/p>\n<div class=\"clanek-telo clearfix\" data-ec-list=\"zpravy-inlinecontent\" data-vr-zone=\"zpravy-inlinecontent\" data-main-content=\"\">\n<p><strong>Praha<\/strong>&nbsp;&#8211; Poslanec&nbsp;<a href=\"https:\/\/www.aktualne.cz\/wiki\/politika\/politicke-strany\/ods\/r~i:wiki:637\/\" type=\"tag\">ODS<\/a>&nbsp;V\u00e1clav Klaus mlad\u0161\u00ed nepodpo\u0159\u00ed v \u0159\u00edjnov\u00fdch sen\u00e1tn\u00edch volb\u00e1ch v Praze 2 kandid\u00e1ta sv\u00e9 strany&nbsp;<a href=\"https:\/\/zpravy.aktualne.cz\/vladimir-kratina\/l~i:keyword:120847\/\" type=\"tag\">Vladim\u00edra Kratinu<\/a>, ale z\u00e1stupce hnut\u00ed SPD Ladislava Jakla. V \u00fater\u00fd to napsal na sv\u016fj facebookov\u00fd profil.<\/p>\n<p>Klaus se v textu nejd\u0159\u00edve v\u011bnoval sv\u00e9mu koment\u00e1\u0159i, kter\u00fd v pond\u011bl\u00ed uve\u0159ejnil server Novinky.cz. Ten vyjad\u0159oval odm\u00edtav\u00fd postoj k zahrani\u010dn\u00edm mis\u00edm a z\u00e1rove\u0148 obsahoval faktick\u00e9 chyby, kv\u016fli \u010demu\u017e se Klaus dostal do sporu se sv\u00fdmi stranick\u00fdmi kolegy.<\/p>\n<p>&#8222;Chybu u\u017e vesele rozmaz\u00e1vali v\u0161ichni m\u00ed politi\u010dt\u00ed p\u0159\u00e1tel\u00e9, tak co na tom \u0159e\u0161it.&nbsp;Rad\u0161i vyraz\u00edme kl\u00edn kl\u00ednem: podporuji Ladislava Jakla do Sen\u00e1tu,&#8220; napsal.&nbsp;&#8222;M\u00e1m r\u00e1d n\u00e1zory pana Jakla i jeho osobn\u011b. Kdy\u017e bude v Sen\u00e1tu, budu r\u00e1d,&#8220; vysv\u011btlil sv\u00e9 rozhodnut\u00ed podpo\u0159it kandid\u00e1ta SPD pro Aktu\u00e1ln\u011b.cz<\/p>\n<p>Proti Klausov\u011b rozhodnut\u00ed podporovat Jakla se postavil m\u00edstop\u0159edseda ODS Martin Kupka. &#8222;V&nbsp;p\u0159\u00edpad\u011b poslance za ODS to pokl\u00e1d\u00e1m jako projev neloajality,&#8220; \u0159ekl Kupka Aktu\u00e1ln\u011b.cz.&nbsp;Podle jeho slov je p\u0159irozen\u00e9, aby politik strany podpo\u0159il sv\u00e9ho vlastn\u00edho kandid\u00e1ta. &#8222;Nejen ho podpo\u0159it, ale tak\u00e9 p\u0159isp\u011bt k jeho volebn\u00edmu \u00fasp\u011bchu,&#8220; dodal.<\/p>\n<p>P\u0159edseda ODS&nbsp;<a href=\"https:\/\/zpravy.aktualne.cz\/petr-fiala\/l~i:keyword:125521\/\" type=\"tag\">Petr Fiala<\/a>&nbsp;ozna\u010dil Klausovu podporu Jakla za osobn\u00ed n\u00e1zor, kter\u00fd nen\u00ed v souladu s postojem strany. &#8222;Kandid\u00e1tem ODS v Praze 2 je Vladim\u00edr Kratina, kter\u00fd byl schv\u00e1len v\u0161emi odpov\u011bdn\u00fdmi org\u00e1ny a m\u00e1 plnou podporu na\u0161\u00ed strany,&#8220; sd\u011blil Aktu\u00e1ln\u011b.cz.<\/p>\n<p>Kandid\u00e1t hnut\u00ed Svoboda a p\u0159\u00edm\u00e1 demokracie&nbsp;<a href=\"https:\/\/www.aktualne.cz\/wiki\/domaci\/tomio-okamura\/r~i:wiki:2690\/\" type=\"tag\">Tomia Okamury<\/a>&nbsp;Ladislav Jakl p\u016fsobil d\u0159\u00edve jako hudebn\u00edk \u010di novin\u00e1\u0159. Mezi lety 2003 a 2013 byl \u0159editelem Kancel\u00e1\u0159e prezidenta republiky V\u00e1clava Klause, otce V\u00e1clava Klause mlad\u0161\u00edho. V sou\u010dasnosti zased\u00e1 ve spr\u00e1vn\u00ed rad\u011b Institutu V\u00e1clava Klause. V roce 2013 cht\u011bl kandidovat na prezidenta, nepoda\u0159ilo se mu ale sesb\u00edrat dostate\u010dn\u00fd po\u010det podpis\u016f.&nbsp;<\/p>\n<p><a href=\"https:\/\/zpravy.aktualne.cz\/domaci\/klaus-mladsi\/r~cd732d109fd911e8b295ac1f6b220ee8\/?redirected=1534833859\">Zdroj<\/a><\/p>\n<\/div>\n","protected":false},"excerpt":{"rendered":"<p>&#8222;M\u00e1m r\u00e1d n\u00e1zory pana Jakla i jeho osobn\u011b. Kdy\u017e bude v Sen\u00e1tu, budu r\u00e1d,&#8220; \u0159ekl Klaus Aktu\u00e1ln\u011b.cz. Podle p\u0159edsedy ODS Petra Fialy jde o osobn\u00ed n\u00e1zor, kter\u00fd nem\u00e1 nic spole\u010dn\u00e9ho se stanoviskem strany.<\/p>\n","protected":false},"author":1,"featured_media":0,"comment_status":"open","ping_status":"open","sticky":false,"template":"","format":"standard","meta":{"ngg_post_thumbnail":0,"footnotes":""},"categories":[11],"tags":[],"class_list":["post-9104","post","type-post","status-publish","format-standard","hentry","category-ozvena"],"_links":{"self":[{"href":"https:\/\/www.ladislavjakl.cz\/index.php?rest_route=\/wp\/v2\/posts\/9104","targetHints":{"allow":["GET"]}}],"collection":[{"href":"https:\/\/www.ladislavjakl.cz\/index.php?rest_route=\/wp\/v2\/posts"}],"about":[{"href":"https:\/\/www.ladislavjakl.cz\/index.php?rest_route=\/wp\/v2\/types\/post"}],"author":[{"embeddable":true,"href":"https:\/\/www.ladislavjakl.cz\/index.php?rest_route=\/wp\/v2\/users\/1"}],"replies":[{"embeddable":true,"href":"https:\/\/www.ladislavjakl.cz\/index.php?rest_route=%2Fwp%2Fv2%2Fcomments&post=9104"}],"version-history":[{"count":1,"href":"https:\/\/www.ladislavjakl.cz\/index.php?rest_route=\/wp\/v2\/posts\/9104\/revisions"}],"predecessor-version":[{"id":9105,"href":"https:\/\/www.ladislavjakl.cz\/index.php?rest_route=\/wp\/v2\/posts\/9104\/revisions\/9105"}],"wp:attachment":[{"href":"https:\/\/www.ladislavjakl.cz\/index.php?rest_route=%2Fwp%2Fv2%2Fmedia&parent=9104"}],"wp:term":[{"taxonomy":"category","embeddable":true,"href":"https:\/\/www.ladislavjakl.cz\/index.php?rest_route=%2Fwp%2Fv2%2Fcategories&post=9104"},{"taxonomy":"post_tag","embeddable":true,"href":"https:\/\/www.ladislavjakl.cz\/index.php?rest_route=%2Fwp%2Fv2%2Ftags&post=9104"}],"curies":[{"name":"wp","href":"https:\/\/api.w.org\/{rel}","templated":true}]}}