{"id":9110,"date":"2018-08-21T08:51:15","date_gmt":"2018-08-21T06:51:15","guid":{"rendered":"http:\/\/www.ladislavjakl.cz\/?p=9110"},"modified":"2018-08-21T08:51:15","modified_gmt":"2018-08-21T06:51:15","slug":"klause-ml-vyzyva-exministr-at-zvazi-odchod-ze-strany-ods-stve-podpora-jakla","status":"publish","type":"post","link":"https:\/\/www.ladislavjakl.cz\/?p=9110","title":{"rendered":"Klause ml. vyz\u00fdv\u00e1 exministr: A\u0165 zv\u00e1\u017e\u00ed odchod ze strany. ODS \u0161tve podpora Jakla"},"content":{"rendered":"<p>Kolem V\u00e1clava Klause mlad\u0161\u00edho, poslance ODS, je v jeho stran\u011b ru\u0161no. Exministr Petr Bendl ho vyzval, aby zv\u00e1\u017eil odchod ze strany. Pouk\u00e1zal na to, \u017ee se n\u00e1zory ODS a Klause neshoduj\u00ed. Naposledy na\u0161tval Klaus n\u011bkter\u00e9 spolustran\u00edky t\u00edm, \u017ee podpo\u0159il kandid\u00e1ta do Sen\u00e1tu Ladislava Jakla (za SPD), i kdy\u017e m\u00e1 ODS kandid\u00e1ta vlastn\u00edho. V ODS nevon\u011bl ani Klaus\u016fv koment\u00e1\u0159 odm\u00edtaj\u00edc\u00ed mise v Afgh\u00e1nist\u00e1nu.<\/p>\n<p><!--more--><\/p>\n<p><a class=\"celebrity celebwiki\" href=\"http:\/\/celebwiki.blesk.cz\/osobnost\/1721\/vaclav-klaus\/\" target=\"_blank\" rel=\"noopener\">V\u00e1clav Klaus<\/a>&nbsp;mlad\u0161\u00ed podpo\u0159il p\u0159ed sen\u00e1tn\u00edmi volbami Ladislava Jakla, n\u011bkdej\u0161\u00edho poradce jeho otce. Ud\u011blal to kr\u00e1tce pot\u00e9, co Jaklovi vyj\u00e1d\u0159il ve\u0159ejn\u011b podporu i V\u00e1clav Klaus star\u0161\u00ed.&nbsp;<\/p>\n<p>V ODS se v\u0161ak to, co Klaus junior ud\u011blal, nesetkalo p\u0159\u00edli\u0161 s pochopen\u00edm. \u201eKandid\u00e1tem ODS v Praze 2 je&nbsp;<a class=\"celebrity celebwiki\" href=\"http:\/\/celebwiki.blesk.cz\/osobnost\/78\/vladimir-kratina\/\" target=\"_blank\" rel=\"noopener\">Vladim\u00edr Kratina<\/a>, kter\u00fd byl schv\u00e1len v\u0161emi odpov\u011bdn\u00fdmi org\u00e1ny ODS a m\u00e1 plnou podporu na\u0161\u00ed strany.&nbsp;<strong>Podpora jeho protikandid\u00e1ta ze strany V\u00e1clava Klause ml. nen\u00ed ni\u010d\u00edm v\u00edce ne\u017e jeho osobn\u00edm n\u00e1zorem, kter\u00fd nen\u00ed v souladu s postojem ODS,\u201c<\/strong>&nbsp;\u0159ekl Pr\u00e1vu p\u0159edseda ODS&nbsp;<a class=\"celebrity celebwiki\" href=\"http:\/\/celebwiki.blesk.cz\/osobnost\/3960\/petr-fiala\/\" target=\"_blank\" rel=\"noopener\">Petr Fiala<\/a>.<\/p>\n<p>\u201ePodporuji Ladislava Jakla do Sen\u00e1tu. Byl by jist\u011b ne\u00faplatn\u00fdm, svobodomysln\u00fdm a pravicov\u00fdm sen\u00e1torem.&nbsp;<strong>Ty, kter\u00e9 roz\u010diluje, \u017ee kandiduje s podporou SPD &#8211; v principu roz\u010diluje, \u017ee v\u016fbec kandiduje<\/strong>,\u201c uvedl p\u0159itom na Facebooku V\u00e1clav Klaus mlad\u0161\u00ed.<\/p>\n<p><strong>\u201eV p\u0159\u00edpad\u011b poslance za ODS to pokl\u00e1d\u00e1m jako projev neloajality,\u201c<\/strong>&nbsp;kontroval m\u00edstop\u0159edseda ODS Martin Kupka pro Aktu\u00e1ln\u011b.cz.&nbsp;<\/p>\n<h2>Bendl vyzval Klause: Zva\u017e \u010dlenstv\u00ed<\/h2>\n<p>Exministr Petr Bendl pak rovnou p\u0159ipomn\u011bl, \u017ee to nen\u00ed poprv\u00e9, co se Klaus s ODS n\u00e1zorov\u011b rozch\u00e1z\u00ed. \u201eNen\u00ed \u017e\u00e1dn\u00fdm tajemstv\u00edm, \u017ee V\u00e1clav Klaus mlad\u0161\u00ed ne v\u017edy reprezentuje n\u00e1zory ODS. Nejviditeln\u011bj\u0161\u00ed to bylo p\u0159i snaze dohodnout se na koalici s&nbsp;<a class=\"celebrity celebwiki\" href=\"http:\/\/celebwiki.blesk.cz\/osobnost\/2367\/andrej-babis\/\" target=\"_blank\" rel=\"noopener\">Andrejem Babi\u0161em<\/a>nebo p\u0159i nekolegialit\u011b v\u016f\u010di Mirce N\u011bmcov\u00e9.&nbsp;<strong>M\u011bl by zv\u00e1\u017eit, jestli jeho p\u016fsoben\u00ed je vz\u00e1jemn\u011b prosp\u011b\u0161n\u00e9 a nebylo by lep\u0161\u00ed ODS opustit<\/strong>,\u201c vyzval Bendl na Twitteru.&nbsp;<\/p>\n<h2>Vad\u00ed i Klaus\u016fv postoj k mis\u00edm<\/h2>\n<p>Podpora pro Jakla p\u0159itom byla dal\u0161\u00edm zklam\u00e1n\u00edm pro poslankyni ODS Janu&nbsp;<a class=\"celebrity celebwiki\" href=\"http:\/\/celebwiki.blesk.cz\/osobnost\/4831\/jana-cernochova\/\" target=\"_blank\" rel=\"noopener\">\u010cernochovou<\/a>. Ta Klause mlad\u0161\u00edho kritizovala za jeho odm\u00edtav\u00fd postoj k vojensk\u00fdm mis\u00edm pod hlavi\u010dkou NATO, kter\u00e9 ve Sn\u011bmovn\u011b kritizuj\u00ed i SPD a KS\u010cM. U Jakla v\u0161ak p\u0159ece jen \u010dekala, \u017ee se Klaus takto m\u016f\u017ee projevit.&nbsp;<strong>\u201eVe chv\u00edli, kdy se Jaklovo jm\u00e9no objevilo, \u0159ekla jsem si, \u017ee ho Klausovi asi podpo\u0159\u00ed,\u201c<\/strong>&nbsp;p\u0159iznala Pr\u00e1vu s t\u00edm, \u017ee Klaus ml. podle n\u00ed ani po roce v Poslaneck\u00e9 sn\u011bmovn\u011b a dal\u0161\u00edch letech v politice nepochopil, \u017ee je politika t\u00fdmov\u00fd sport. &nbsp;<\/p>\n<p>Klaus mlad\u0161\u00ed p\u0159edt\u00edm kritizoval nasazen\u00ed \u010desk\u00fdch voj\u00e1k\u016f p\u0159i mis\u00edch v Afgh\u00e1nist\u00e1nu ve sv\u00e9m koment\u00e1\u0159i pro Novinky s n\u00e1zvem \u201eZa co um\u00edraj\u00ed \u010de\u0161t\u00ed voj\u00e1ci v Afgh\u00e1nist\u00e1nu?\u201c, v n\u011bm\u017e mj. uvedl, \u017ee na m\u00edst\u011b jsou ot\u00e1zky o smyslu arm\u00e1dy a na\u0161ich zahrani\u010dn\u00edch akc\u00edch.&nbsp;<\/p>\n<p><strong>\u201eBojovat a um\u00edrat v ciz\u00edch zem\u00edch \u010de\u0161t\u00ed voj\u00e1ci se souhlasem vl\u00e1dy a parlamentu mohou. M\u011blo by to m\u00edt ale n\u011bjak\u00fd jasn\u00fd d\u016fvod a c\u00edl. J\u00e1 ho, promi\u0148te, v Afgh\u00e1nist\u00e1nu nevid\u00edm.&nbsp;<\/strong>Je to zem\u011b mnoho tis\u00edc kilometr\u016f daleko. Bl\u00ed\u017e k n\u00e1m le\u017e\u00ed \u0159ada zem\u00ed, kde se tak\u00e9 vra\u017ed\u00ed, v\u00e1l\u010d\u00ed, mu\u010d\u00ed lid\u00e9, um\u00edraj\u00ed civilist\u00e9,\u201c napsal Klaus.<\/p>\n<p>R\u00fdpl si do n\u011bj mj. lidoveck\u00fd exposlanec a dal\u0161\u00ed kandid\u00e1t do Sen\u00e1tu Ivan Gabal. \u201eNabyl jsem jistotu, \u017ee pro n\u00e1s&nbsp;<strong>bude lep\u0161\u00ed, kdy\u017e se V. Klaus ml. bude v\u011bnovat v\u00edc Afgh\u00e1nist\u00e1nu, obran\u011b a arm\u00e1d\u011b, ne\u017e kdyby se se stejnou mor\u00e1lkou a solidnost\u00ed v\u011bnoval na\u0161emu \u0161kolstv\u00ed.<\/strong>&nbsp;Voj\u00e1ci to vydr\u017e\u00ed, \u017e\u00e1kyn\u011b a studenty to m\u016f\u017ee ochr\u00e1nit,\u201c napsal Gabal, kter\u00fd kandiduje s podporou Strany zelen\u00fdch.<\/p>\n<p>Klaus mlad\u0161\u00ed je p\u0159itom \u0161\u00e9fem \u0161kolsk\u00e9ho v\u00fdboru ve Sn\u011bmovn\u011b (V\u00fdbor pro v\u011bdu, vzd\u011bl\u00e1n\u00ed, kulturu, ml\u00e1de\u017e a t\u011blov\u00fdchovu) a tak\u00e9 n\u011bkdej\u0161\u00edm \u0159editelem presti\u017en\u00edho soukrom\u00e9ho gymn\u00e1zia PORG.<\/p>\n<p>Klaus argumentoval i t\u00edm, \u017ee \u0159ada zem\u00ed voj\u00e1ky v Afgh\u00e1nist\u00e1nu nem\u00e1, zat\u00edmco my je tam m\u00edt chceme. Uvedl t\u0159eba Turecko. Spletl se. \u201eTurecko n\u011bjak\u00e9 voj\u00e1ky v Afgh\u00e1nist\u00e1nu m\u00e1, j\u00e1 jsem to nev\u011bd\u011bl (nikdy jsem o tom nesly\u0161el) a v koment\u00e1\u0159i to uvedl. Nep\u00ed\u0161u koment\u00e1\u0159e s encyklopedi\u00ed v ruce &#8211; nejsem v\u0161ev\u011bd,\u201c zareagoval.&nbsp;<strong>\u201eNav\u00edc chybu u\u017e vesele rozmaz\u00e1vali v\u0161ichni m\u00ed politi\u010dt\u00ed p\u0159\u00e1tel\u00e9, tak co na tom \u0159e\u0161it. Rad\u0161i vyraz\u00edme kl\u00edn kl\u00ednem,\u201c<\/strong>&nbsp;dodal Klaus a spustil o podpo\u0159e Jakla, kter\u00e9ho ve\u0159ejn\u011b podpo\u0159il i jeho otec.<\/p>\n<p>\u201eV\u00e1clav Klaus ml. podpo\u0159\u00ed v sen\u00e1tn\u00edm volebn\u00edm obvod\u011b Praha 2 na m\u00edsto kandid\u00e1ta ODS kandid\u00e1ta SPD. No tak hur\u00e1. Kone\u010dn\u011b&nbsp;se dal na cestu ke sv\u00fdm,\u201c reagoval sen\u00e1tor V\u00e1clav L\u00e1ska (Sen\u00e1tor 21) na Twitteru.<\/p>\n<p><a href=\"http:\/\/www.blesk.cz\/clanek\/zpravy-politika\/559422\/klause-ml-vyzyva-exministr-at-zvazi-odchod-ze-strany-ods-stve-podpora-jakla.html\">Zdroj<\/a><\/p>\n","protected":false},"excerpt":{"rendered":"<p>Kolem V\u00e1clava Klause mlad\u0161\u00edho, poslance ODS, je v jeho stran\u011b ru\u0161no. Exministr Petr Bendl ho vyzval, aby zv\u00e1\u017eil odchod ze strany. Pouk\u00e1zal na to, \u017ee se n\u00e1zory ODS a Klause neshoduj\u00ed. Naposledy na\u0161tval Klaus n\u011bkter\u00e9 spolustran\u00edky t\u00edm, \u017ee podpo\u0159il kandid\u00e1ta do Sen\u00e1tu Ladislava Jakla (za SPD), i kdy\u017e m\u00e1 ODS kandid\u00e1ta vlastn\u00edho. V ODS nevon\u011bl [&hellip;]<\/p>\n","protected":false},"author":1,"featured_media":0,"comment_status":"open","ping_status":"open","sticky":false,"template":"","format":"standard","meta":{"ngg_post_thumbnail":0,"footnotes":""},"categories":[11],"tags":[],"class_list":["post-9110","post","type-post","status-publish","format-standard","hentry","category-ozvena"],"_links":{"self":[{"href":"https:\/\/www.ladislavjakl.cz\/index.php?rest_route=\/wp\/v2\/posts\/9110","targetHints":{"allow":["GET"]}}],"collection":[{"href":"https:\/\/www.ladislavjakl.cz\/index.php?rest_route=\/wp\/v2\/posts"}],"about":[{"href":"https:\/\/www.ladislavjakl.cz\/index.php?rest_route=\/wp\/v2\/types\/post"}],"author":[{"embeddable":true,"href":"https:\/\/www.ladislavjakl.cz\/index.php?rest_route=\/wp\/v2\/users\/1"}],"replies":[{"embeddable":true,"href":"https:\/\/www.ladislavjakl.cz\/index.php?rest_route=%2Fwp%2Fv2%2Fcomments&post=9110"}],"version-history":[{"count":1,"href":"https:\/\/www.ladislavjakl.cz\/index.php?rest_route=\/wp\/v2\/posts\/9110\/revisions"}],"predecessor-version":[{"id":9111,"href":"https:\/\/www.ladislavjakl.cz\/index.php?rest_route=\/wp\/v2\/posts\/9110\/revisions\/9111"}],"wp:attachment":[{"href":"https:\/\/www.ladislavjakl.cz\/index.php?rest_route=%2Fwp%2Fv2%2Fmedia&parent=9110"}],"wp:term":[{"taxonomy":"category","embeddable":true,"href":"https:\/\/www.ladislavjakl.cz\/index.php?rest_route=%2Fwp%2Fv2%2Fcategories&post=9110"},{"taxonomy":"post_tag","embeddable":true,"href":"https:\/\/www.ladislavjakl.cz\/index.php?rest_route=%2Fwp%2Fv2%2Ftags&post=9110"}],"curies":[{"name":"wp","href":"https:\/\/api.w.org\/{rel}","templated":true}]}}