{"id":9112,"date":"2018-08-21T08:52:23","date_gmt":"2018-08-21T06:52:23","guid":{"rendered":"http:\/\/www.ladislavjakl.cz\/?p=9112"},"modified":"2018-08-21T08:52:23","modified_gmt":"2018-08-21T06:52:23","slug":"coze-pribeh-klause-ml-nabira-obratky-jde-do-tuheho","status":"publish","type":"post","link":"https:\/\/www.ladislavjakl.cz\/?p=9112","title":{"rendered":"Co\u017ee? P\u0159\u00edb\u011bh Klause ml. nab\u00edr\u00e1 obr\u00e1tky. Jde do tuh\u00e9ho"},"content":{"rendered":"<p>Poslanec za ODS V\u00e1clav Klaus mlad\u0161\u00ed d\u00e1l dr\u00e1\u017ed\u00ed rozd\u00edln\u00fdmi stanovisky svou mate\u0159skou stranu. V\u010dera se toti\u017e rozhodl podpo\u0159it na Praze 2 kandid\u00e1ta do Sen\u00e1tu za SPD Ladislava Jakla. A to p\u0159esto, \u017ee v Praze kandiduje i kandid\u00e1t ODS, herec Vladim\u00edr Kratina.<\/p>\n<p><!--more--><\/p>\n<p>Klaus mlad\u0161\u00ed v minul\u00fdch dnech roz\u010d\u00edlil spolustran\u00edky sv\u00fdm n\u00e1zorem na mise v Afgh\u00e1nist\u00e1nu, nyn\u00ed se rozhodl, jak napsal, vyrazit kl\u00edn kl\u00ednem. \u201ePodporuji Ladislava Jakla do Sen\u00e1tu.&nbsp;Byl by jist\u011b ne\u00faplatn\u00fdm, svobodomysln\u00fdm a pravicov\u00fdm sen\u00e1torem.&nbsp;Ty, kter\u00e9 roz\u010diluje, \u017ee kandiduje s podporou SPD \u2013 v principu roz\u010diluje, \u017ee v\u016fbec kandiduje,\u201c poznamenal Klaus mlad\u0161\u00ed na sv\u00e9m facebookov\u00e9m profilu.&nbsp;<\/p>\n<div>&nbsp;<\/div>\n<p>Proti Klausov\u011b stanovisku se ohradil p\u0159edseda strany Petr Fiala, jen\u017e pro Novinky.cz uvedl, \u017ee podpora Klause Jaklovi je v rozporu se stanoviskem strany. \u201ePodpora Ladislava Jakla ze strany&nbsp;V\u00e1clava Klause ml. nen\u00ed ni\u010d\u00edm v\u00edce ne\u017e jeho osobn\u00edm n\u00e1zorem, kter\u00fd nen\u00ed v&nbsp;souladu s&nbsp;postojem ODS,\u201c uvedl Fiala.<\/p>\n<p>Poslankyn\u011b Jana \u010cernochov\u00e1 pak dodala, \u017ee ji mrz\u00ed, \u017ee V\u00e1clav Klaus mlad\u0161\u00ed nen\u00ed schopen pochopit, \u017ee politika je t\u00fdmov\u00fd sport.<\/p>\n<p>\u201ePan Fiala to s V\u00e1mi nem\u00e1 lehk\u00e9. Dob\u0159e v\u00ed, \u017ee ODS jde pomalu nahoru d\u00edky V\u00e1m, a taky dob\u0159e v\u00ed, \u017ee ho jednou vyst\u0159\u00edd\u00e1te na postu p\u0159edsedy strany&#8230;\u201c napsal pak v reakci Klausovi jeden z diskut\u00e9r\u016f. \u201eVy jste komik,\u201c odv\u011btil Klaus mlad\u0161\u00ed.<\/p>\n<p>Jakl m\u00e1 podporu i exprezidenta V\u00e1clava Klause. Ten mu ji vyj\u00e1d\u0159il minul\u00fd t\u00fdden po v\u00fdstupu na Sn\u011b\u017eku v r\u00e1mci Svatovav\u0159ineck\u00e9 pouti.<\/p>\n<p><a href=\"https:\/\/www.parlamentnilisty.cz\/arena\/monitor\/Coze-Pribeh-Klause-ml-nabira-obratky-Jde-do-tuheho-547709\">Zdroj<\/a><\/p>\n","protected":false},"excerpt":{"rendered":"<p>Poslanec za ODS V\u00e1clav Klaus mlad\u0161\u00ed d\u00e1l dr\u00e1\u017ed\u00ed rozd\u00edln\u00fdmi stanovisky svou mate\u0159skou stranu. V\u010dera se toti\u017e rozhodl podpo\u0159it na Praze 2 kandid\u00e1ta do Sen\u00e1tu za SPD Ladislava Jakla. A to p\u0159esto, \u017ee v Praze kandiduje i kandid\u00e1t ODS, herec Vladim\u00edr Kratina.<\/p>\n","protected":false},"author":1,"featured_media":0,"comment_status":"open","ping_status":"open","sticky":false,"template":"","format":"standard","meta":{"ngg_post_thumbnail":0,"footnotes":""},"categories":[11],"tags":[],"class_list":["post-9112","post","type-post","status-publish","format-standard","hentry","category-ozvena"],"_links":{"self":[{"href":"https:\/\/www.ladislavjakl.cz\/index.php?rest_route=\/wp\/v2\/posts\/9112","targetHints":{"allow":["GET"]}}],"collection":[{"href":"https:\/\/www.ladislavjakl.cz\/index.php?rest_route=\/wp\/v2\/posts"}],"about":[{"href":"https:\/\/www.ladislavjakl.cz\/index.php?rest_route=\/wp\/v2\/types\/post"}],"author":[{"embeddable":true,"href":"https:\/\/www.ladislavjakl.cz\/index.php?rest_route=\/wp\/v2\/users\/1"}],"replies":[{"embeddable":true,"href":"https:\/\/www.ladislavjakl.cz\/index.php?rest_route=%2Fwp%2Fv2%2Fcomments&post=9112"}],"version-history":[{"count":1,"href":"https:\/\/www.ladislavjakl.cz\/index.php?rest_route=\/wp\/v2\/posts\/9112\/revisions"}],"predecessor-version":[{"id":9113,"href":"https:\/\/www.ladislavjakl.cz\/index.php?rest_route=\/wp\/v2\/posts\/9112\/revisions\/9113"}],"wp:attachment":[{"href":"https:\/\/www.ladislavjakl.cz\/index.php?rest_route=%2Fwp%2Fv2%2Fmedia&parent=9112"}],"wp:term":[{"taxonomy":"category","embeddable":true,"href":"https:\/\/www.ladislavjakl.cz\/index.php?rest_route=%2Fwp%2Fv2%2Fcategories&post=9112"},{"taxonomy":"post_tag","embeddable":true,"href":"https:\/\/www.ladislavjakl.cz\/index.php?rest_route=%2Fwp%2Fv2%2Ftags&post=9112"}],"curies":[{"name":"wp","href":"https:\/\/api.w.org\/{rel}","templated":true}]}}