{"id":9114,"date":"2018-08-21T08:56:47","date_gmt":"2018-08-21T06:56:47","guid":{"rendered":"http:\/\/www.ladislavjakl.cz\/?p=9114"},"modified":"2018-08-31T08:43:42","modified_gmt":"2018-08-31T06:43:42","slug":"ladislav-jakl-pro-ctidoma-cz-vyroky-clenu-spd-me-nezajimaji-a-o-nekterych-vecech-by-se-nemelo-vubec-hlasovat","status":"publish","type":"post","link":"https:\/\/www.ladislavjakl.cz\/?p=9114","title":{"rendered":"Ladislav Jakl pro \u010ctidoma.cz: V\u00fdroky \u010dlen\u016f SPD m\u011b nezaj\u00edmaj\u00ed a o n\u011bkter\u00fdch v\u011bcech by se nem\u011blo v\u016fbec hlasovat"},"content":{"rendered":"<p><strong>Jak byste ve stru\u010dnosti popsal svou dlouholetou spolupr\u00e1ci s V\u00e1clavem Klausem?<\/strong><\/p>\n<p>M\u00e1 sv\u00e9 kouzlo, kdy\u017e se v jedn\u00e9 v\u011bt\u011b objev\u00ed vedle sebe slova \u201eve stru\u010dnosti\u201c a \u201edlouholetou\u201c. Ale pro\u010d ne, zkus\u00edm to. Svou pomoc jsem V\u00e1clavu Klausovi nab\u00eddl v roce 1997 v dob\u011b, kdy se po Sarajevsk\u00e9m atent\u00e1tu od n\u011bj v\u0161ichni odvraceli. A vybral jsem si ho coby \u010dlov\u011bka, kter\u00e9mu chci pom\u00e1hat, proto\u017ee zrovna on v m\u00fdch o\u010d\u00edch nejv\u00edce reprezentoval takov\u00e9 n\u00e1zory, kter\u00e9 i mn\u011b byly a dodnes jsou bl\u00edzk\u00e9. Na\u0161e spolupr\u00e1ce je profesion\u00e1ln\u00ed, funguj\u00edc\u00ed a navzdory tomu, \u017ee jsme ka\u017ed\u00fd jin\u00fd, si rozum\u00edme i lidsky.<\/p>\n<p><!--more--><\/p>\n<p><strong>Stoj\u00edte si s odstupem \u010dasu za amnesti\u00ed z roku 2013? Nejpal\u010div\u011bj\u0161\u00ed pak byl druh\u00fd \u010dl\u00e1nek, kter\u00fd zastavil mnoho p\u0159\u00edpad\u016f hospod\u00e1\u0159sk\u00e9 kriminality a korup\u010dn\u00ed \u010dinnosti.<\/strong><\/p>\n<p>Stoj\u00edm. Prosazoval jsem ji p\u011bt let a usp\u011bl a\u017e po \u0159ad\u011b r\u016fzn\u00fdch debat a polemik. \u00dapln\u011b nev\u00edm, co znamen\u00e1 obrat \u201ezastavil mnoho p\u0159\u00edpad\u016f\u201c. Nen\u00ed to snad stra\u0161liv\u00fd pr\u016f\u0161vih na\u0161\u00ed justice, \u017ee \u201emnoho p\u0159\u00edpad\u016f\u201c nebylo deset \u010di patn\u00e1ct let v\u016fbec do\u0159e\u0161eno? Amnestie dopadla na dva okruhy lid\u00ed: na delikventy odsouzen\u00e9 za neplacen\u00ed aliment\u016f za \u010di drobn\u00e9 kr\u00e1de\u017ee, co\u017e jsou skutky, za kter\u00e9 se ve v\u011bt\u0161in\u011b zem\u00ed do v\u011bzen\u00ed ani nechod\u00ed. A ta druh\u00e1 skupina byli lid\u00e9, kter\u00fdm \u017e\u00e1dn\u00fd soud neprok\u00e1zal vinu ani za dobu p\u0159esahuj\u00edc\u00ed osm let. Z\u00e1va\u017en\u00e9 p\u0159\u00edpady kriminality \u010di korupce mezi nimi b\u00fdt nemohly, proto\u017ee u nich je vy\u0161\u0161\u00ed potenci\u00e1ln\u00ed sazba, ne\u017e na kterou se amnestie vztahovala. Um\u00ed si n\u011bkdo p\u0159edstavit \u017eivot lid\u00ed, kter\u00fdm n\u011bkdo p\u0159ed 25 lety nezaplatil za zbo\u017e\u00ed, a oni pak v nouzi m\u011bli dluh na pojistn\u00e9m, p\u0159i\u010dem\u017e soud s nimi se po dobu p\u016fl generace vlekl, nikdo jim nic neprok\u00e1zal, ale ani je neosvobodil, jim se zat\u00edm zhroutilo zdrav\u00ed, podnik\u00e1n\u00ed, rodiny, rozvr\u00e1til cel\u00fd \u017eivot? A konec v nedohlednu? A jak by to s nimi bylo bez amnestie? N\u011bjak\u00fdm z\u00e1zrakem by se najednou v\u0161e ihned do\u0159e\u0161ilo? Ne, ty p\u0159\u00edpady by byly otev\u0159en\u00e9 dodnes. Dod\u00e1v\u00e1m, \u017ee amnestie se nijak nedotkla dluh\u016f, \u0161kod a z\u00e1vazk\u016f, tak\u017ee l\u017ee ka\u017ed\u00fd, kdo tvrd\u00ed, \u017ee kv\u016fli n\u00ed se n\u011bkdo nemohl domoci n\u011bjak\u00e9ho od\u0161kodn\u011bn\u00ed. \u017d\u00e1dn\u00fd krok nikdy nebyl tak zkarikov\u00e1n a p\u0159ekroucen, jako tento legitimn\u00ed \u00fastavn\u00ed krok prezidenta Klause. Jeho p\u0159edch\u016fdce vyhl\u00e1sil amnestie \u010dty\u0159i, n\u011bkter\u00e9 z nich dopadaly na vrahy a lupi\u010de, a nijak se o nich nemluv\u00ed.<\/p>\n<p><strong>Tvrd\u00edte o sob\u011b, \u017ee jste \u010desk\u00fd vlastenec. Co to vlastn\u011b doopravdy znamen\u00e1?<\/strong><\/p>\n<p>Co znamen\u00e1? \u017de si nehraju na sv\u011bt\u00e1\u010dka, \u017ee se ke sv\u00e9mu \u010de\u0161stv\u00ed hl\u00e1s\u00edm, \u017ee neopovrhuji sv\u00fdmi spoluob\u010dany, \u017ee miluju svou zem, jej\u00ed d\u011bjiny, tradice, kulturu. A \u017ee to v\u0161e chci chr\u00e1nit. Je zvl\u00e1\u0161tn\u00ed, \u017ee se dnes lid\u00e9 na takovou samoz\u0159ejmost ptaj\u00ed. P\u0159ed sto lety jist\u011b nikdo nemusel vysv\u011btlovat, co znamen\u00e1 slovo vlastenec.<\/p>\n<p><strong>Jak\u00fd je V\u00e1\u0161 n\u00e1zor na p\u0159\u00edmou demokracii? Jste zast\u00e1ncem referenda?<\/strong><\/p>\n<p>Jsem zast\u00e1ncem referenda ve speci\u00e1ln\u00edch p\u0159\u00edpadech (t\u0159eba vystoupen\u00ed z EU). Nejsem zast\u00e1ncem obecn\u00e9ho referenda, pokud by m\u011b n\u011bjak neuklidnil prov\u00e1d\u011bc\u00ed z\u00e1kon. Z nadu\u017e\u00edv\u00e1n\u00ed referend m\u00e1m ale opa\u010dn\u00e9 obavy, ne\u017e ty, kter\u00e9 obvykle sl\u00fdch\u00e1me. V\u011bt\u0161inou sl\u00fdch\u00e1me v\u00fdhrady, \u017ee referenda mohou naru\u0161it chod st\u00e1tu. Za touto n\u00e1mitkou je obvykle obava mocn\u00fdch o sebe sama. M\u00e1 v\u00fdhrada je jin\u00e1: nen\u00ed d\u016fle\u017eit\u00e9 jen to, jak se o n\u011b\u010dem rozhoduje. D\u016fle\u017eit\u011bj\u0161\u00ed je, o \u010dem se rozhoduje. A podle mne se o n\u011bkter\u00fdch v\u011bcech hlasovat v\u011bt\u0161inov\u011b nesm\u00ed. N\u011bkter\u00e9 v\u011bci si mus\u00ed rozhodovat ka\u017ed\u00fd s\u00e1m individu\u00e1ln\u011b a nikdo dal\u0161\u00ed mu do toho nesm\u00ed mluvit. T\u0159eba o tom, zda s n\u011bk\u00fdm jin\u00fdm uzav\u0159e vz\u00e1jemn\u011b v\u00fdhodnou smlouvu. Pro\u010d jim to t\u0159i dal\u0161\u00ed, kter\u00fdch se to net\u00fdk\u00e1, maj\u00ed zak\u00e1zat t\u00edm, \u017ee je p\u0159ehlasuj\u00ed? A zde m\u00e1m obavu, \u017ee nadu\u017e\u00edv\u00e1n\u00ed referend m\u016f\u017ee v\u00e9st k tomu, \u017ee se bude hlasovat i o tom, co si m\u00e1 pr\u00e1vo ka\u017ed\u00fd rozhodovat s\u00e1m. P\u0159edstavte si situaci, kdy zav\u0159ete sto lid\u00ed do jedn\u00e9 m\u00edstnosti a \u017ee o tom, kdo kdy sm\u00ed nav\u0161t\u00edvit toaletu, se bude hlasovat. Bude to demokratick\u00e9? Jist\u011b. Bude to zr\u016fdn\u00e9? Jist\u011b. O n\u011bkter\u00fdch v\u011bcech se hlasovat nesm\u00ed ani v parlamentu, ani v referendu.<\/p>\n<p><strong>Z Va\u0161ich rozhovor\u016f nen\u00ed \u00fapln\u011b patrn\u00e1 vazba k hnut\u00ed SPD. Pro\u010d jste si vybral pr\u00e1v\u011b tento subjekt?<\/strong><\/p>\n<p>Mysl\u00edm, \u017ee to v\u0161ude \u0159\u00edk\u00e1m jasn\u011b. Vazba spo\u010d\u00edv\u00e1 v tom, \u017ee jsem souhlasil s nab\u00eddkou SPD, aby m\u011b coby nestran\u00edka mohla navrhnout na sen\u00e1tora. A tento subjekt jsem si z t\u011bch, kter\u00e9 mi nab\u00edzely tot\u00e9\u017e, vybral kv\u016fli jasn\u00e9mu postoji SPD ve dvou podle mne aktu\u00e1ln\u011b nejd\u016fle\u017eit\u011bj\u0161\u00edch t\u00e9matech. T\u011bmi je bruselsk\u00e1 centralizace a um\u011ble \u0159\u00edzen\u00e1 masov\u00e1 imigrace.<\/p>\n<p><strong>Nevad\u00ed V\u00e1m, \u017ee \u010dlenov\u00e9 SPD (Rozner, Okamura) zpochyb\u0148uj\u00ed koncentra\u010dn\u00ed t\u00e1bor Lety a naz\u00fdvaj\u00ed ho pseudokoncentr\u00e1kem?<\/strong><\/p>\n<p>J\u00e1 nezn\u00e1m v\u00fdroky jednotliv\u00fdch \u010dlen\u016f SPD a nezaj\u00edmaj\u00ed m\u011b. A Lety? N\u011bkolikr\u00e1t jsem tam byl osobn\u011b uct\u00edt pam\u00e1tku ob\u011bt\u00ed. Houfy novin\u00e1\u0159\u016f, politik\u016f, aktivist\u016f, jinak nikdo. K tomu byl sou\u010dasn\u00fd pam\u00e1tn\u00edk dostate\u010dn\u00fd. Nebudu si hr\u00e1t na historika, ale podle mne letsk\u00fd t\u00e1bor, navzdory sv\u00e9 hr\u016fznosti, nelze ozna\u010dovat stejn\u00fdm term\u00ednem jako masov\u00e9 vyhlazovac\u00ed koncentr\u00e1ky. Mysl\u00edm, \u017ee toto t\u00e9ma je um\u011ble vyhraban\u00e9 z jedin\u00e9ho d\u016fvodu, pokusit se ud\u011blat symetrii viny mezi N\u011bmci a \u010cechy za zlo\u010diny Druh\u00e9 sv\u011btov\u00e9 v\u00e1lky. \u0160pin\u011bn\u00edm \u010cech\u016f vyvinit N\u011bmce.<\/p>\n<p><strong>Jak nebezpe\u010dn\u00e9 m\u016f\u017ee b\u00fdt, kdy\u017e se ve\u0159ejn\u011b zn\u00e1m\u00e1 politick\u00e1 osobnost pou\u0161t\u00ed do voln\u00e9ho v\u00fdkladu historie?<\/strong><\/p>\n<p>Nijak. V\u0161ichni se pou\u0161t\u011bjme do v\u00fdkladu \u010dehokoli, t\u0159eba Markomansk\u00fdch v\u00e1lek. A neskandalizujme se navz\u00e1jem v p\u0159\u00edpadech, kdy se n\u00e1\u0161 v\u00fdklad li\u0161\u00ed.<\/p>\n<p><strong>Z Va\u0161ich vyj\u00e1d\u0159en\u00ed je patrn\u00e9, \u017ee jste proti setrv\u00e1n\u00ed \u010cR v EU. Nemysl\u00edte si, \u017ee izolovanost a stav\u011bn\u00ed barik\u00e1d je pro zdravou spole\u010dnost velmi nebezpe\u010dn\u00e9?<\/strong><\/p>\n<p>A kdo chce izolovanost a stav\u011bn\u00ed barik\u00e1d? J\u00e1 ne. To je jen stra\u0161en\u00ed: nechce\u0161 tuhou bruselskou centralizaci a dikt\u00e1t i v sebemen\u0161\u00edch v\u011bcech, nechce\u0161 tot\u00e1ln\u00ed ztr\u00e1tu vlastn\u00ed suverenity a rozhodov\u00e1n\u00ed kdejak\u00e9ho ciz\u00edho \u00fa\u0159edn\u00edka o sv\u00e9m \u017eivot\u011b, tak chce\u0161 asi b\u00eddu a utrpen\u00ed. Stejn\u011b to d\u011blali komunisti: jestli n\u00e1s bude\u0161 kritizovat, m\u00edsto n\u00e1s p\u0159ijdou revan\u0161isti, vr\u00e1t\u00ed se protektor\u00e1t a bude v\u00e1lka. P\u0159eji si \u017e\u00edt ve sv\u011bt\u011b demokratick\u00fdch, svobodn\u00fdch a spolupracuj\u00edc\u00edch suver\u00e9nn\u00edch zem\u00ed. To pro zdravou spole\u010dnost nebezpe\u010dn\u00e9 b\u00fdt nem\u016f\u017ee. Stav\u00ed snad \u0160v\u00fdcarsko \u010di Norsko n\u011bjak\u00e9 barik\u00e1dy? Jsou v izolaci?<\/p>\n<p><strong>S\u00e1m jste se ned\u00e1vno stal ter\u010dem ot\u00e1zek v r\u00e1mci va\u0161eho vyj\u00e1d\u0159en\u00ed, \u201c\u017ee hlasovac\u00ed pr\u00e1vo \u017een byla chyba.&#8220; Ch\u00e1pu, \u017ee jde o v\u00fdrok vytr\u017een\u00fd z kontextu, ale nen\u00ed v tom trochu programov\u00e9 provokace?<\/strong><\/p>\n<p>\u0158\u00edk\u00e1te \u201ened\u00e1vno\u201c. Ten v\u00fdrok jsem pronesl v r\u00e1mci p\u0159edn\u00e1\u0161ky Hovory na pravici p\u0159ed dv\u011bma lety. Za tu dobu jsem pronesl tis\u00edc dal\u0161\u00edch v\u00fdrok\u016f. Dne\u0161n\u00ed t\u00e9ma z toho ud\u011blala jedna feministka, mysl\u00edm jm\u00e9nem Zwyrtekov\u00e1, kter\u00e1 m\u016fj v\u00fdrok vy\u0161\u0165ourala, p\u0159ekroutila, postavila mimo historick\u00fd kontext p\u0159edn\u00e1\u0161ky a roz\u0161\u00ed\u0159ila po internetu. No a novin\u00e1\u0159i \u010dasto z pohodlnosti berou to, co je zrovna poruce, a tak z toho ud\u011blali dne\u0161n\u00ed t\u00e9ma. \u017d\u00e1dn\u00fd z\u00e1sadn\u00ed ohlas m\u016fj v\u00fdrok p\u0159itom tehdy nem\u011bl, \u0161lo o debatu na t\u00e9ma, jak\u00e1 rozhodnut\u00ed z dob kolem konce 19. stolet\u00ed \u010di prvn\u00ed sv\u011btov\u00e9 v\u00e1lky m\u011bla dopady na dal\u0161\u00ed v\u00fdvoj spole\u010dnosti. M\u00e1 snad n\u011bkdo patent na pravdu v ot\u00e1zce, zda bylo lep\u0161\u00ed uz\u00e1konit volebn\u00ed pr\u00e1vo \u017een jako Nov\u00fd Z\u00e9land v roce 1983, nebo v roce 1917 jako Rusko, nebo 1919 jako my, nebo 1920 jako USA, nebo 1945 jako Francie, nebo 1948 jako Belgie, nebo 1971 jako \u0160v\u00fdcarsko, nebo snad 1984 jako Lichten\u0161tejnsko? Je to v\u00fdsostn\u011b historick\u00e1 debata a na sou\u010dasn\u00e9 volebn\u00ed pr\u00e1vo \u017een se nijak nevztahuje. Jen je to zamy\u0161len\u00ed, zda p\u0159esn\u011b v dob\u011b p\u0159evratn\u00e9 industrializace, sekularizace a proletarizace m\u011blo p\u0159ij\u00edt nav\u00edc i \u201eotev\u0159en\u00ed\u201c rodiny pro st\u00e1tn\u00ed org\u00e1ny, zda by stabilit\u011b po tuto p\u0159echodnou dobu neprosp\u011blo v\u00edc hlasovac\u00ed pr\u00e1vo za rodinu, a\u0165 u\u017e by ho uplat\u0148oval mu\u017e nebo \u017eena. Mimochodem, pojem \u201etotalitn\u00ed re\u017eim\u201c znamen\u00e1 takov\u00fd typ diktatury, \u017ee dr\u017eiteli moci u\u017e nesta\u010d\u00ed moc samotn\u00e1 plus moc ekonomick\u00e1, ale chce sv\u00e9 prsty vno\u0159it \u201etot\u00e1ln\u011b\u201c do v\u0161ech mezilidsk\u00fdch vztah\u016f, i do t\u011bch intimn\u00edch, i do t\u011bch rodinn\u00fdch. Pokud by rodina byla \u201e\u010dernou sk\u0159\u00ednkou\u201c, pro st\u00e1t zven\u010d\u00ed nedobytnou, totalitn\u00ed re\u017eim by se nekonal. Ale kdy\u017e st\u00e1t rodinu \u201eodemkl\u201c a objektem sv\u00e9 moci u\u010dinil jej\u00ed jednotliv\u00e9 \u010dleny, m\u011bl \u010dlov\u011bka teprve kone\u010dn\u011b v hrsti. M\u00e1 \u00favaha sm\u011b\u0159ovala k dne\u0161ku. Zda i nyn\u00ed ned\u011bl\u00e1me kroky, kter\u00e9 budou m\u00edt za n\u011bkolik desetilet\u00ed zcela nezam\u00fd\u0161len\u00e9 d\u016fsledky. Mluv\u00edm t\u0159eba o tendenc\u00edch, aby si d\u00edt\u011b mohlo u soudu vymoci na rodi\u010d\u00edch k\u00fd\u017eenou hra\u010dku.<\/p>\n<p><strong>Ur\u010dit\u011b se nebudete br\u00e1nit, kdy\u017e V\u00e1s tituluji, jako konzervativn\u011b sm\u00fd\u0161lej\u00edc\u00ed osobnost. Nem\u00fdl\u00edm se?<\/strong><\/p>\n<p>Ne, to se br\u00e1nit nebudu.<\/p>\n<p><strong>Jak je podle V\u00e1s d\u016fle\u017eit\u00e1 ob\u010dansk\u00e1 aktivita? Aktu\u00e1ln\u011b se chce omezit financov\u00e1n\u00ed neziskov\u00e9ho sektoru. Jak\u00fd je V\u00e1\u0161 n\u00e1zor?<\/strong><\/p>\n<p>To jsou ale p\u0159ece v\u011bci, kter\u00e9 spolu v\u016fbec nesouvisej\u00ed. Ob\u010dansk\u00e1 aktivita existovala, existuje a bude existovat, a je to dob\u0159e, je to jeden z projev\u016f \u017eivota spole\u010dnosti. Ale nijak z toho neplyne neot\u0159esiteln\u00fd n\u00e1rok r\u016fzn\u00fdch organizac\u00ed na pen\u00edze da\u0148ov\u00fdch poplatn\u00edk\u016f. Poplatn\u00edk se neum\u00ed br\u00e1nit, st\u00e1t od n\u011bj pen\u00edze vym\u016f\u017ee n\u00e1sil\u00edm, a pak je v\u011bnuje i na v\u011bci, se kter\u00fdmi by t\u0159eba onen obran\u00fd poplatn\u00edk nikdy nesouhlasil. Podpora mus\u00ed b\u00fdt dobrovoln\u00e1, ne vynucen\u00e1 st\u00e1tem.<\/p>\n<p><strong>Jako nejv\u011bt\u0161\u00ed ohro\u017een\u00ed tradi\u010dn\u00ed rodiny vn\u00edm\u00e1te feminismus, genderismus. Vysv\u011btlete pro\u010d?<\/strong><\/p>\n<p>Proto\u017ee stoupenci feminismu a genderismu vid\u00ed jako hlavn\u00ed p\u0159ek\u00e1\u017eku v cest\u011b za sv\u00fdm c\u00edlem pr\u00e1v\u011b tradi\u010dn\u00ed rodinu. To jsou jejich slova, ne moje.<\/p>\n<p><strong>Jak\u00e9 \u0161ance si do sen\u00e1tn\u00edch voleb d\u00e1v\u00e1te a sledujete svoj\u00ed konkurenci na Praze 2?<\/strong><\/p>\n<p>Konkurenci nijak nesleduji, jen jsem si v\u0161iml, \u017ee Andrej Babi\u0161 postavil v tomto obvod\u011b n\u011bjak\u00e9ho l\u00e9ka\u0159e, a doktory m\u00edvaj\u00ed voli\u010di r\u00e1di bez ohledu na n\u00e1zory. O ostatn\u00ed kandid\u00e1ty jsem se dosud nezaj\u00edmal, ale mysl\u00edm, \u017ee ka\u017ed\u00fd voli\u010d si m\u00e1 vz\u00edt jednoho po druh\u00e9m a \u0159\u00edct si: v\u00edm o n\u011bm dost? Zn\u00e1m jeho n\u00e1zory? I ty, kter\u00e9 zast\u00e1val p\u0159ed p\u011bti lety nebo t\u0159eba p\u0159ed dvaceti? Jsou ve\u0159ejn\u011b dohledateln\u00e9? \u010cetl jsem jeho rozhovory, \u010dl\u00e1nky, vid\u011bl jeho ve\u0159ejn\u00e1 vystoupen\u00ed, besedy v m\u00e9di\u00edch? Moje postoje ka\u017ed\u00fd zn\u00e1 a ka\u017ed\u00fd si je m\u016f\u017ee dohledat. Ob\u00e1v\u00e1m se, \u017ee u t\u011bch ostatn\u00edch nikdo \u017e\u00e1dn\u00e9 n\u00e1zory nezn\u00e1. Mo\u017en\u00e1 ani \u017e\u00e1dn\u00e9 nemaj\u00ed a v Sen\u00e1tu by se rozhodovali podle sv\u00e9 n\u00e1lady nebo podle v\u011bt\u0161iny. To u mne opravu nikdo \u010dekat nem\u016f\u017ee.<\/p>\n<p>&nbsp;<\/p>\n","protected":false},"excerpt":{"rendered":"<p>Jak byste ve stru\u010dnosti popsal svou dlouholetou spolupr\u00e1ci s V\u00e1clavem Klausem? M\u00e1 sv\u00e9 kouzlo, kdy\u017e se v jedn\u00e9 v\u011bt\u011b objev\u00ed vedle sebe slova \u201eve stru\u010dnosti\u201c a \u201edlouholetou\u201c. Ale pro\u010d ne, zkus\u00edm to. Svou pomoc jsem V\u00e1clavu Klausovi nab\u00eddl v roce 1997 v dob\u011b, kdy se po Sarajevsk\u00e9m atent\u00e1tu od n\u011bj v\u0161ichni odvraceli. A vybral jsem [&hellip;]<\/p>\n","protected":false},"author":1,"featured_media":0,"comment_status":"open","ping_status":"open","sticky":false,"template":"","format":"standard","meta":{"ngg_post_thumbnail":0,"footnotes":""},"categories":[22,13],"tags":[],"class_list":["post-9114","post","type-post","status-publish","format-standard","hentry","category-jakl-senator","category-rozhovory"],"_links":{"self":[{"href":"https:\/\/www.ladislavjakl.cz\/index.php?rest_route=\/wp\/v2\/posts\/9114","targetHints":{"allow":["GET"]}}],"collection":[{"href":"https:\/\/www.ladislavjakl.cz\/index.php?rest_route=\/wp\/v2\/posts"}],"about":[{"href":"https:\/\/www.ladislavjakl.cz\/index.php?rest_route=\/wp\/v2\/types\/post"}],"author":[{"embeddable":true,"href":"https:\/\/www.ladislavjakl.cz\/index.php?rest_route=\/wp\/v2\/users\/1"}],"replies":[{"embeddable":true,"href":"https:\/\/www.ladislavjakl.cz\/index.php?rest_route=%2Fwp%2Fv2%2Fcomments&post=9114"}],"version-history":[{"count":2,"href":"https:\/\/www.ladislavjakl.cz\/index.php?rest_route=\/wp\/v2\/posts\/9114\/revisions"}],"predecessor-version":[{"id":9192,"href":"https:\/\/www.ladislavjakl.cz\/index.php?rest_route=\/wp\/v2\/posts\/9114\/revisions\/9192"}],"wp:attachment":[{"href":"https:\/\/www.ladislavjakl.cz\/index.php?rest_route=%2Fwp%2Fv2%2Fmedia&parent=9114"}],"wp:term":[{"taxonomy":"category","embeddable":true,"href":"https:\/\/www.ladislavjakl.cz\/index.php?rest_route=%2Fwp%2Fv2%2Fcategories&post=9114"},{"taxonomy":"post_tag","embeddable":true,"href":"https:\/\/www.ladislavjakl.cz\/index.php?rest_route=%2Fwp%2Fv2%2Ftags&post=9114"}],"curies":[{"name":"wp","href":"https:\/\/api.w.org\/{rel}","templated":true}]}}