{"id":9116,"date":"2018-08-21T08:58:08","date_gmt":"2018-08-21T06:58:08","guid":{"rendered":"http:\/\/www.ladislavjakl.cz\/?p=9116"},"modified":"2018-08-21T08:58:08","modified_gmt":"2018-08-21T06:58:08","slug":"klaus-ml-drazdi-okamurou-podporuje-jakla-ktery-kandiduje-za-spd-ods-zuri","status":"publish","type":"post","link":"https:\/\/www.ladislavjakl.cz\/?p=9116","title":{"rendered":"Klaus ml. dr\u00e1\u017ed\u00ed Okamurou: Podporuje Jakla, kter\u00fd kandiduje za SPD, ODS zu\u0159\u00ed!"},"content":{"rendered":"<div class=\"opener\">Poslanec V\u00e1clav Klaus mlad\u0161\u00ed (ODS) se otev\u0159en\u011b postavil za b\u00fdval\u00e9ho tajemn\u00edka sv\u00e9ho otce Ladislava Jakla, kter\u00fd do Sen\u00e1tu kandiduje za SPD Tomia Okamury. Dob\u0159e v\u011bd\u011bl, co t\u00edm rozpout\u00e1! Z mate\u0159sk\u00e9 strany toti\u017e \u017e\u00e1dn\u00e9 chvalozp\u011bvy nezn\u00ed, naopak. ODS do voleb ve stejn\u00e9m okrsku v Praze 2 nasadila herce Vladim\u00edra Kratinu.<\/div>\n<p><!--more--><\/p>\n<div id=\"art-text\" class=\"text\">\n<div class=\"bbtext\">\n<p>B\u00fdval\u00fd tajemn\u00edk prezidenta&nbsp;<a class=\"text-link\" href=\"https:\/\/www.expres.cz\/vaclav-klaus-c9e-\/zpravy.aspx?klic=628029\" target=\"_blank\" rel=\"noopener\">V\u00e1clava Klause<\/a>&nbsp;zafungoval jako po\u0159\u00e1dn\u011b t\u0159askav\u00e1 sm\u011bs.&nbsp;<i><b>\u201ePodporuji Ladislava Jakla do Sen\u00e1tu. Byl by jist\u011b ne\u00faplatn\u00fdm, svobodomysln\u00fdm a pravicov\u00fdm sen\u00e1torem. Ty, kter\u00e9 roz\u010diluje, \u017ee kandiduje s podporou SPD, v principu roz\u010diluje, \u017ee v\u016fbec kandiduje,\u201c&nbsp;<\/b><\/i>shrnul celou v\u011bc&nbsp;<a class=\"text-link\" href=\"https:\/\/www.expres.cz\/vaclav-klaus-mladsi-04g-\/zpravy.aspx?klic=956481\" target=\"_blank\" rel=\"noopener\">V\u00e1clav Klaus mlad\u0161\u00ed<\/a>.<\/p>\n<p>Proti Klausov\u011b rozhodnut\u00ed podporovat Jakla se vz\u00e1p\u011bt\u00ed postavil m\u00edstop\u0159edseda&nbsp;<a class=\"text-link\" href=\"https:\/\/www.expres.cz\/ods-cke-\/zpravy.aspx?klic=959927\" target=\"_blank\" rel=\"noopener\">ODS<\/a>&nbsp;<a class=\"text-link\" href=\"https:\/\/www.expres.cz\/ods-cke-\/zpravy.aspx?klic=959927\" target=\"_blank\" rel=\"noopener\">Martin Kupka<\/a>.&nbsp;<i><b>\u201eV p\u0159\u00edpad\u011b poslance za ODS to pokl\u00e1d\u00e1m jako projev neloajality,\u201c<\/b><\/i>&nbsp;\u0159ekl Kupka Aktu\u00e1ln\u011b.cz. Politik by m\u011bl podle jeho n\u00e1zoru podporovat hlavn\u011b&nbsp;<a class=\"text-link\" href=\"https:\/\/www.expres.cz\/senat-caj-\/archiv.aspx?klic=956432\" target=\"_blank\" rel=\"noopener\">kandid\u00e1ty<\/a>&nbsp;sv\u00e9 strany.&nbsp;<i><b>\u201eNejen ho podpo\u0159it, ale tak\u00e9 p\u0159isp\u011bt k jeho volebn\u00edmu \u00fasp\u011bchu,\u201c&nbsp;<\/b><\/i>dodal.<\/p>\n<p>Ani p\u0159edseda&nbsp;<a class=\"text-link\" href=\"https:\/\/www.expres.cz\/ods-cke-\/zpravy.aspx?klic=959927\" target=\"_blank\" rel=\"noopener\">strany<\/a>&nbsp;Petr Fiala nebyl ve sv\u00e9m vyj\u00e1d\u0159en\u00ed m\u00edrn\u011bj\u0161\u00ed.&nbsp;<i><b>\u201eKandid\u00e1tem ODS v Praze 2 je Vladim\u00edr Kratina, kter\u00fd byl schv\u00e1len v\u0161emi odpov\u011bdn\u00fdmi org\u00e1ny a m\u00e1 plnou podporu na\u0161\u00ed strany,\u201c<\/b><\/i>uvedl a dodal, \u017ee podpora Jakla nen\u00ed v souladu s postojem strany, ale osobn\u00ed&nbsp;<a class=\"text-link\" href=\"https:\/\/www.expres.cz\/tomio-okamura-0db-\/zpravy.aspx?klic=649013\" target=\"_blank\" rel=\"noopener\">n\u00e1zor<\/a>&nbsp;<a class=\"text-link\" href=\"https:\/\/www.expres.cz\/ods-cke-\/zpravy.aspx?klic=959927\" target=\"_blank\" rel=\"noopener\">Klause<\/a>&nbsp;mlad\u0161\u00edho.<\/p>\n<p>Tomu podle v\u0161eho&nbsp;\u201eDrtikol\u201c&nbsp;<a class=\"text-link\" href=\"https:\/\/www.expres.cz\/vladimir-kratina-0ec-\/celebrity.aspx?klic=958925\" target=\"_blank\" rel=\"noopener\">Vladim\u00edr Kratina<\/a>&nbsp;nen\u00ed tak bl\u00edzk\u00fd jako otc\u016fv bl\u00edzk\u00fd spolupracovn\u00edk. Toho ale za ta l\u00e9ta dob\u0159e zn\u00e1, a tak lze jeho pohnutky a palec nahoru pro konkurenta pochopit.&nbsp;<b>S Jaklem v sen\u00e1tu nuda rozhodn\u011b nebude, nepodce\u0148ovali bychom ale ani Kratinu&#8230;<\/b><\/p>\n<p><a href=\"https:\/\/www.expres.cz\/vaclav-klaus-ml-ladislav-jakl-spd-senat-dys-\/zpravy.aspx?c=A180815_134136_dx-zpravy_vlt\">Zdroj<\/a><\/p>\n<\/div>\n<\/div>\n","protected":false},"excerpt":{"rendered":"<p>Poslanec V\u00e1clav Klaus mlad\u0161\u00ed (ODS) se otev\u0159en\u011b postavil za b\u00fdval\u00e9ho tajemn\u00edka sv\u00e9ho otce Ladislava Jakla, kter\u00fd do Sen\u00e1tu kandiduje za SPD Tomia Okamury. Dob\u0159e v\u011bd\u011bl, co t\u00edm rozpout\u00e1! Z mate\u0159sk\u00e9 strany toti\u017e \u017e\u00e1dn\u00e9 chvalozp\u011bvy nezn\u00ed, naopak. ODS do voleb ve stejn\u00e9m okrsku v Praze 2 nasadila herce Vladim\u00edra Kratinu.<\/p>\n","protected":false},"author":1,"featured_media":0,"comment_status":"open","ping_status":"open","sticky":false,"template":"","format":"standard","meta":{"ngg_post_thumbnail":0,"footnotes":""},"categories":[11],"tags":[],"class_list":["post-9116","post","type-post","status-publish","format-standard","hentry","category-ozvena"],"_links":{"self":[{"href":"https:\/\/www.ladislavjakl.cz\/index.php?rest_route=\/wp\/v2\/posts\/9116","targetHints":{"allow":["GET"]}}],"collection":[{"href":"https:\/\/www.ladislavjakl.cz\/index.php?rest_route=\/wp\/v2\/posts"}],"about":[{"href":"https:\/\/www.ladislavjakl.cz\/index.php?rest_route=\/wp\/v2\/types\/post"}],"author":[{"embeddable":true,"href":"https:\/\/www.ladislavjakl.cz\/index.php?rest_route=\/wp\/v2\/users\/1"}],"replies":[{"embeddable":true,"href":"https:\/\/www.ladislavjakl.cz\/index.php?rest_route=%2Fwp%2Fv2%2Fcomments&post=9116"}],"version-history":[{"count":1,"href":"https:\/\/www.ladislavjakl.cz\/index.php?rest_route=\/wp\/v2\/posts\/9116\/revisions"}],"predecessor-version":[{"id":9117,"href":"https:\/\/www.ladislavjakl.cz\/index.php?rest_route=\/wp\/v2\/posts\/9116\/revisions\/9117"}],"wp:attachment":[{"href":"https:\/\/www.ladislavjakl.cz\/index.php?rest_route=%2Fwp%2Fv2%2Fmedia&parent=9116"}],"wp:term":[{"taxonomy":"category","embeddable":true,"href":"https:\/\/www.ladislavjakl.cz\/index.php?rest_route=%2Fwp%2Fv2%2Fcategories&post=9116"},{"taxonomy":"post_tag","embeddable":true,"href":"https:\/\/www.ladislavjakl.cz\/index.php?rest_route=%2Fwp%2Fv2%2Ftags&post=9116"}],"curies":[{"name":"wp","href":"https:\/\/api.w.org\/{rel}","templated":true}]}}