{"id":9118,"date":"2018-08-22T14:45:44","date_gmt":"2018-08-22T12:45:44","guid":{"rendered":"http:\/\/www.ladislavjakl.cz\/?p=9118"},"modified":"2018-08-23T09:56:23","modified_gmt":"2018-08-23T07:56:23","slug":"ods-ma-dva-zasadni-problemy","status":"publish","type":"post","link":"https:\/\/www.ladislavjakl.cz\/?p=9118","title":{"rendered":"Pehe to v\u017edy myslel s ODS dob\u0159e"},"content":{"rendered":"<p>Ob\u010dansk\u00e1 demokratick\u00e1 strana v posledn\u00edch volb\u00e1ch m\u00edrn\u011b pos\u00edlila, m\u00edrn\u011b stoup\u00e1 i v \u017eeb\u0159\u00ed\u010dc\u00edch stranick\u00fdch preferenc\u00ed, kter\u00e9 zve\u0159ej\u0148uj\u00ed r\u016fzn\u00e9 agentury. V&nbsp;tom, aby mohla vystoupat je\u0161t\u011b v\u00fd\u0161, j\u00ed ale br\u00e1n\u00ed dva z\u00e1sadn\u00ed probl\u00e9my. Jeden je person\u00e1ln\u00ed a jmenuje se V\u00e1clav Klaus mlad\u0161\u00ed. Druh\u00fdm je jej\u00ed obraz v\u00fdrazn\u011b euroskeptick\u00e9 strany, kter\u00fd si udr\u017euje u\u017e od dob, kdy stran\u011b \u0161\u00e9foval V\u00e1clav Klaus star\u0161\u00ed.<\/p>\n<p><!--more--><\/p>\n<p>Klaus mlad\u0161\u00ed je v&nbsp;ODS zcela zjevn\u011b omylem. Vstoupil do n\u00ed z\u0159ejm\u011b p\u0159edev\u0161\u00edm proto, \u017ee je to strana, kterou zakl\u00e1dal jeho otec, tedy z&nbsp;jak\u00e9si nostalgie. Snad i s&nbsp;p\u0159edstavou, \u017ee se mu poda\u0159\u00ed ji \u010dasem p\u0159evz\u00edt a u\u010dinit ji op\u011bt platformou pro n\u00e1zory sv\u00e9ho otce.<\/p>\n<p>Pot\u00ed\u017e je v&nbsp;tom, \u017ee Klaus star\u0161\u00ed se b\u011bhem posledn\u00edch let n\u00e1zorov\u011b posunul sm\u011brem ke krajn\u00ed pravici, a souzn\u00ed mnohem v\u00edce kup\u0159\u00edkladu s&nbsp;n\u011bmeckou Alternativou pro N\u011bmecko, jejich\u017e shrom\u00e1\u017ed\u011bn\u00ed se \u00fa\u010dastn\u00ed, ne\u017e s&nbsp;t\u00edm, co se sna\u017e\u00ed reprezentovat ODS pod veden\u00edm um\u00edrn\u011bn\u00e9ho konzervativce, jak\u00fdm je Petr Fiala.<\/p>\n<p>U n\u00e1s se n\u00e1zory Klause star\u0161\u00edho p\u0159ekr\u00fdvaj\u00ed v&nbsp;\u0159ad\u011b bod\u016f s&nbsp;programem hnut\u00ed Svoboda a p\u0159\u00edm\u00e1 demokracie Tomia Okamury, v\u010detn\u011b jednozna\u010dn\u00e9ho odm\u00edt\u00e1n\u00ed Evropsk\u00e9 unie.<\/p>\n<p>Jeho n\u00e1zorov\u00fd posun p\u011bkn\u011b dokresluje i posledn\u00ed my\u0161lenkov\u00fd v\u00fdboj z&nbsp;d\u00edlny Institutu V\u00e1clava Klause, j\u00edm\u017e se sna\u017e\u00ed ve\u0159ejnost p\u0159esv\u011bd\u010dit, \u017ee liber\u00e1ln\u00ed demokracie nen\u00ed ani demokratick\u00e1, ani nem\u00e1 nic spole\u010dn\u00e9ho s&nbsp;liberalismem.<\/p>\n<p>Je to v&nbsp;podstat\u011b pokus vystav\u011bt jakousi ideologickou klenbu nad nejr\u016fzn\u011bj\u0161\u00edmi \u00fatoky sou\u010dasn\u00fdch nacion\u00e1ln\u00edch populist\u016f nap\u0159\u00ed\u010d politick\u00fdm spektrem proti liber\u00e1ln\u00ed demokracii.<\/p>\n<h2>Nad \u00farove\u0148 sou\u010dasn\u00fdch preferenc\u00ed<\/h2>\n<p>Klaus mlad\u0161\u00ed n\u00e1zory sv\u00e9ho otce kop\u00edruje, a snad aby uk\u00e1zal, \u017ee m\u00e1 na v\u00edc, p\u0159eb\u00edj\u00ed je ob\u010das n\u00e1zory je\u0161t\u011b extr\u00e9mn\u011bj\u0161\u00edmi. Naposledy dostal kolegy v&nbsp;ODS do varu, kdy\u017e zpochybnil \u00fa\u010dast \u010desk\u00fdch voj\u00e1k\u016f na misi v&nbsp;Afgh\u00e1nist\u00e1nu, nebo kdy\u017e se rozhodl v&nbsp;sen\u00e1tn\u00edch volb\u00e1ch podpo\u0159it Ladislava Jakla, b\u00fdval\u00e9ho poradce sv\u00e9ho otce, kter\u00fd kandiduje za SPD.<\/p>\n<p>C\u00edlem toho koment\u00e1\u0159e nen\u00ed s&nbsp;n\u00e1zory obou Klaus\u016f polemizovat. Sta\u010d\u00ed \u0159\u00edct, \u017ee se dnes v\u00edcem\u00e9n\u011b shoduj\u00ed s politiky nap\u0159\u00ed\u010d Evropou, kter\u00e9 b\u00fdval\u00fd poradce americk\u00e9ho prezidenta Donalda Trumpa Steve Bannon ozna\u010duje za \u201epravicov\u00e9 nacionalistick\u00e9 populisty\u201c.<\/p>\n<p>Nen\u00ed n\u00e1hoda, \u017ee kdy\u017e Bannon za\u010dal ned\u00e1vno propagovat vznik spole\u010dn\u00e9 fronty t\u011bchto hnut\u00ed a stran v Evrop\u011b, Klaus\u016fv institut ho podpo\u0159il.<\/p>\n<p>Ot\u00e1zkou je, co si s&nbsp;Klausem mlad\u0161\u00edm po\u010dne ODS. Za\u010d\u00edn\u00e1 j\u00ed zjevn\u011b p\u0159er\u016fstat p\u0159es hlavu a kaz\u00ed ji obraz um\u00edrn\u011bn\u00e9 konzervativn\u00ed strany, kter\u00fd by r\u00e1d vytvo\u0159il Fiala. Je u\u017e zcela zjevn\u00e9, \u017ee do ODS Klaus mlad\u0161\u00ed n\u00e1zorov\u011b nepat\u0159\u00ed.<\/p>\n<p>A i kdy\u017e sly\u0161\u00edme, \u017ee sv\u00fdmi extr\u00e9mn\u00edmi n\u00e1zory p\u0159itahuje k&nbsp;ODS i voli\u010de, kte\u0159\u00ed by jinak volili krajn\u00ed pravici, je ot\u00e1zkou, kolik z\u00e1rove\u0148 odpuzuje voli\u010d\u016f um\u00edrn\u011bn\u00fdch.<\/p>\n<p>Podobn\u00fd probl\u00e9m m\u00e1 ODS s&nbsp;n\u011bkter\u00fdmi politiky, kte\u0159\u00ed se u\u017e v&nbsp;dob\u00e1ch p\u0159edsednictv\u00ed Klause star\u0161\u00edho za\u010dali profilovat jako euroskeptici. ODS by mohla p\u0159il\u00e1kat nov\u00e9 voli\u010de, kdyby se profilovala jako strana, kter\u00e1 je k&nbsp;EU vst\u0159\u00edcn\u011bj\u0161\u00ed, o \u010dem\u017e se v&nbsp;jej\u00edch \u0159ad\u00e1ch za\u010dalo ned\u00e1vno diskutovat.<\/p>\n<p>Kdy\u017e ale hned pot\u00e9, co se za\u010dnou oz\u00fdvat i v&nbsp;ODS podobn\u00e9 \u00favahy, prohl\u00e1s\u00ed neofici\u00e1ln\u00ed \u0161\u00e9f euroskeptik\u016f v&nbsp;jej\u00edch \u0159ad\u00e1ch, europoslanec Jan Zahradil, \u017ee c\u00edlem ODS je v\u00edcerychlostn\u00ed EU, p\u0159\u00edli\u0161 mnoho proevropsk\u00fdch voli\u010d\u016f ODS nez\u00edsk\u00e1.<\/p>\n<p>Probl\u00e9m je stejn\u011b jako v&nbsp;p\u0159\u00edpad\u011b Klause mlad\u0161\u00edho i osobn\u00ed. Dokud bude Zahradil hlavn\u00edm mluv\u010d\u00edm evropsk\u00e9 politiky ODS, pravicov\u00ed proevrop\u0161t\u00ed voli\u010di budou rad\u011bji volit TOP 09, lidovce nebo hnut\u00ed STAN.<\/p>\n<p>Jin\u00fdmi slovy: pokud se bude ODS cht\u00edt vyhoupnout nad \u00farove\u0148 sv\u00fdch sou\u010dasn\u00fdch preferenc\u00ed, bude si muset ud\u011blat ve sv\u00fdch \u0159ad\u00e1ch ur\u010dit\u00fd person\u00e1ln\u00ed \u00faklid.<\/p>\n<p><a href=\"https:\/\/www.irozhlas.cz\/komentare\/ods-vaclav-klaus-mladsi-petr-fiala-spd-ladislav-jakl-senat-praha-2_1808160630_jgr\">Zdroj<\/a><\/p>\n","protected":false},"excerpt":{"rendered":"<p>Ob\u010dansk\u00e1 demokratick\u00e1 strana v posledn\u00edch volb\u00e1ch m\u00edrn\u011b pos\u00edlila, m\u00edrn\u011b stoup\u00e1 i v \u017eeb\u0159\u00ed\u010dc\u00edch stranick\u00fdch preferenc\u00ed, kter\u00e9 zve\u0159ej\u0148uj\u00ed r\u016fzn\u00e9 agentury. V&nbsp;tom, aby mohla vystoupat je\u0161t\u011b v\u00fd\u0161, j\u00ed ale br\u00e1n\u00ed dva z\u00e1sadn\u00ed probl\u00e9my. Jeden je person\u00e1ln\u00ed a jmenuje se V\u00e1clav Klaus mlad\u0161\u00ed. Druh\u00fdm je jej\u00ed obraz v\u00fdrazn\u011b euroskeptick\u00e9 strany, kter\u00fd si udr\u017euje u\u017e od dob, kdy stran\u011b [&hellip;]<\/p>\n","protected":false},"author":1,"featured_media":0,"comment_status":"open","ping_status":"open","sticky":false,"template":"","format":"standard","meta":{"ngg_post_thumbnail":0,"footnotes":""},"categories":[11],"tags":[],"class_list":["post-9118","post","type-post","status-publish","format-standard","hentry","category-ozvena"],"_links":{"self":[{"href":"https:\/\/www.ladislavjakl.cz\/index.php?rest_route=\/wp\/v2\/posts\/9118","targetHints":{"allow":["GET"]}}],"collection":[{"href":"https:\/\/www.ladislavjakl.cz\/index.php?rest_route=\/wp\/v2\/posts"}],"about":[{"href":"https:\/\/www.ladislavjakl.cz\/index.php?rest_route=\/wp\/v2\/types\/post"}],"author":[{"embeddable":true,"href":"https:\/\/www.ladislavjakl.cz\/index.php?rest_route=\/wp\/v2\/users\/1"}],"replies":[{"embeddable":true,"href":"https:\/\/www.ladislavjakl.cz\/index.php?rest_route=%2Fwp%2Fv2%2Fcomments&post=9118"}],"version-history":[{"count":2,"href":"https:\/\/www.ladislavjakl.cz\/index.php?rest_route=\/wp\/v2\/posts\/9118\/revisions"}],"predecessor-version":[{"id":9127,"href":"https:\/\/www.ladislavjakl.cz\/index.php?rest_route=\/wp\/v2\/posts\/9118\/revisions\/9127"}],"wp:attachment":[{"href":"https:\/\/www.ladislavjakl.cz\/index.php?rest_route=%2Fwp%2Fv2%2Fmedia&parent=9118"}],"wp:term":[{"taxonomy":"category","embeddable":true,"href":"https:\/\/www.ladislavjakl.cz\/index.php?rest_route=%2Fwp%2Fv2%2Fcategories&post=9118"},{"taxonomy":"post_tag","embeddable":true,"href":"https:\/\/www.ladislavjakl.cz\/index.php?rest_route=%2Fwp%2Fv2%2Ftags&post=9118"}],"curies":[{"name":"wp","href":"https:\/\/api.w.org\/{rel}","templated":true}]}}