{"id":912,"date":"2011-04-15T09:13:24","date_gmt":"2011-04-15T08:13:24","guid":{"rendered":"http:\/\/www.ladislavjakl.cz\/?p=912"},"modified":"2011-04-15T09:15:32","modified_gmt":"2011-04-15T08:15:32","slug":"jakl-nevim-co-si-o-kauze-skarka-mysli-prezident-nejsem-telepat","status":"publish","type":"post","link":"https:\/\/www.ladislavjakl.cz\/?p=912","title":{"rendered":"Jakl: Nev\u00edm, co si o kauze \u0160k\u00e1rka mysl\u00ed prezident. Nejsem telepat"},"content":{"rendered":"<p><strong>Tajemn\u00edk prezidenta republiky Ladislav Jakl se v \u010cesk\u00e9 televizi  pobavil, kdy\u017e m\u011bl odpov\u011bd\u011bt na jeden z div\u00e1ck\u00fdch dotaz\u016f, co si mysl\u00ed  V\u00e1clav Klaus o krizi ve V\u011bcech ve\u0159ejn\u00fdch. Vzhledem k tomu, \u017ee je v  sou\u010dasn\u00e9 dob\u011b hlava st\u00e1tu na zp\u00e1te\u010dn\u00ed cest\u011b ze zahrani\u010d\u00ed, nem\u00e1 pon\u011bt\u00ed.  Sd\u011blil proto sv\u016fj n\u00e1zor. V\u011bcem ve\u0159ejn\u00fdm pr\u00fd nikdy nev\u011b\u0159il.<\/strong><\/p>\n<p><strong><!--more--><\/strong><\/p>\n<p>Jakl v\u00a0\u010cT odpov\u011bd\u011bl stru\u010dn\u011b na dotaz moder\u00e1tora, \u017ee reakce prezidenta na  sou\u010dasn\u00e9 d\u011bn\u00ed na dom\u00e1c\u00ed politick\u00e9 sc\u00e9n\u011b, p\u0159edev\u0161\u00edm ve V\u011bcech ve\u0159ejn\u00fdch,  nen\u00ed \u017e\u00e1dn\u00e1. \u201eMusel jsem se zasm\u00e1t, \u017ee bych mohl v\u011bd\u011bt n\u011bco v\u00edce o  my\u0161lenk\u00e1ch prezidenta Klause. Nem\u00e1m \u017e\u00e1dn\u00e9 telepatick\u00e9 schopnosti, pan  prezident je n\u011bkde na druh\u00e9 stran\u011b zem\u011bkoule, mo\u017en\u00e1 v\u00a0letadle,&#8220;  p\u0159ipomn\u011bl Jakl, \u017ee se m\u00e1 ve \u010dtvrtek ve\u010der vracet Klaus ze zahrani\u010dn\u00ed  cesty v\u00a0ji\u017en\u00ed Americe.<\/p>\n<p><strong>Klaus: Jsou to jen zbyte\u010dn\u00e9 v\u00fdk\u0159iky<\/strong><\/p>\n<p>Ke krizi ve V\u011bcech ve\u0159ejn\u00fdch nicm\u00e9n\u011b \u0159ekl, \u017ee mu tato strana p\u0159ipadala  od za\u010d\u00e1tku jej\u00edho p\u016fsoben\u00ed jako \u201ejednor\u00e1zov\u00fd podnikatelsk\u00fd projekt&#8220;, od  kter\u00e9ho si nic velk\u00e9ho nesliboval. Ne\u010dekal od n\u011bho stabilitu, ale mo\u017en\u00e1  nov\u00e9 zaj\u00edmav\u00e9 osobnosti.<\/p>\n<p>\u201eCo m\u011b p\u0159ekvapilo, \u017ee lid\u00e9, kte\u0159\u00ed se n\u011bjakou dobu znaj\u00ed a n\u011bjakou dobu  spolu spolupracovali, \u017ee mohou b\u00fdt na sebe takto zl\u00ed,&#8220; \u0159ekl d\u00e1le Jakl  s\u00a0t\u00edm, \u017ee takto moc d\u016fv\u011bry politici z\u00a0V\u011bc\u00ed ve\u0159ejn\u00fdch nevzbuzuj\u00ed.<\/p>\n<p>Do kauzy upl\u00e1cen\u00ed ve V\u011bcech ve\u0159ejn\u00fdch vstoupil prezident V\u00e1clav Klaus.  Tedy alespo\u0148 na d\u00e1lku, v sou\u010dasn\u00e9 dob\u011b je toti\u017e v Ji\u017en\u00ed Americe. Celou  v\u011bc ale do jist\u00e9 m\u00edry bagatelizoval &#8211; nem\u011bly by se \u0159e\u0161it v\u00fdk\u0159iky do tmy,  n\u00fdbr\u017e m\u011blo by se po\u010dkat a\u017e na d\u016fkladn\u00e9 vy\u0161et\u0159en\u00ed v\u011bci.<\/p>\n<p>O kauze, kter\u00e1 cloum\u00e1 nejmen\u0161\u00ed vl\u00e1dn\u00ed stranou, je pr\u00fd prezident zb\u011b\u017en\u011b  informov\u00e1n. &#8222;\u010cetl jsem n\u011bjak\u00e9 stru\u010dn\u00e9 zpr\u00e1vy. Samoz\u0159ejm\u011b, \u017ee to je v\u011bc  naprosto ne\u0161\u0165astn\u00e1 a pro m\u011b opravdu nepochopiteln\u00e1, ur\u010dit\u011b z n\u00ed nem\u00e1m  radost a k ni\u010demu n\u00e1m nepom\u00e1h\u00e1,&#8220; \u0159ekl Klaus report\u00e9rovi Lidov\u00fdch novin v  Kapverd\u00e1ch.<\/p>\n<p><a href=\"http:\/\/www.parlamentnilisty.cz\/zpravy\/193583.aspx\" target=\"_blank\">Zdroj<\/a><\/p>\n","protected":false},"excerpt":{"rendered":"<p>Tajemn\u00edk prezidenta republiky Ladislav Jakl se v \u010cesk\u00e9 televizi pobavil, kdy\u017e m\u011bl odpov\u011bd\u011bt na jeden z div\u00e1ck\u00fdch dotaz\u016f, co si mysl\u00ed V\u00e1clav Klaus o krizi ve V\u011bcech ve\u0159ejn\u00fdch. Vzhledem k tomu, \u017ee je v sou\u010dasn\u00e9 dob\u011b hlava st\u00e1tu na zp\u00e1te\u010dn\u00ed cest\u011b ze zahrani\u010d\u00ed, nem\u00e1 pon\u011bt\u00ed. Sd\u011blil proto sv\u016fj n\u00e1zor. V\u011bcem ve\u0159ejn\u00fdm pr\u00fd nikdy nev\u011b\u0159il.<\/p>\n","protected":false},"author":1,"featured_media":0,"comment_status":"open","ping_status":"open","sticky":false,"template":"","format":"standard","meta":{"ngg_post_thumbnail":0,"footnotes":""},"categories":[11],"tags":[],"class_list":["post-912","post","type-post","status-publish","format-standard","hentry","category-ozvena"],"_links":{"self":[{"href":"https:\/\/www.ladislavjakl.cz\/index.php?rest_route=\/wp\/v2\/posts\/912","targetHints":{"allow":["GET"]}}],"collection":[{"href":"https:\/\/www.ladislavjakl.cz\/index.php?rest_route=\/wp\/v2\/posts"}],"about":[{"href":"https:\/\/www.ladislavjakl.cz\/index.php?rest_route=\/wp\/v2\/types\/post"}],"author":[{"embeddable":true,"href":"https:\/\/www.ladislavjakl.cz\/index.php?rest_route=\/wp\/v2\/users\/1"}],"replies":[{"embeddable":true,"href":"https:\/\/www.ladislavjakl.cz\/index.php?rest_route=%2Fwp%2Fv2%2Fcomments&post=912"}],"version-history":[{"count":2,"href":"https:\/\/www.ladislavjakl.cz\/index.php?rest_route=\/wp\/v2\/posts\/912\/revisions"}],"predecessor-version":[{"id":916,"href":"https:\/\/www.ladislavjakl.cz\/index.php?rest_route=\/wp\/v2\/posts\/912\/revisions\/916"}],"wp:attachment":[{"href":"https:\/\/www.ladislavjakl.cz\/index.php?rest_route=%2Fwp%2Fv2%2Fmedia&parent=912"}],"wp:term":[{"taxonomy":"category","embeddable":true,"href":"https:\/\/www.ladislavjakl.cz\/index.php?rest_route=%2Fwp%2Fv2%2Fcategories&post=912"},{"taxonomy":"post_tag","embeddable":true,"href":"https:\/\/www.ladislavjakl.cz\/index.php?rest_route=%2Fwp%2Fv2%2Ftags&post=912"}],"curies":[{"name":"wp","href":"https:\/\/api.w.org\/{rel}","templated":true}]}}