{"id":9120,"date":"2018-08-22T14:46:48","date_gmt":"2018-08-22T12:46:48","guid":{"rendered":"http:\/\/www.ladislavjakl.cz\/?p=9120"},"modified":"2018-08-22T14:46:48","modified_gmt":"2018-08-22T12:46:48","slug":"zlobivy-klaus-junior-od-taty-ale-na-zadek-nedostane","status":"publish","type":"post","link":"https:\/\/www.ladislavjakl.cz\/?p=9120","title":{"rendered":"Zlobiv\u00fd Klaus junior. Od t\u00e1ty ale na zadek nedostane"},"content":{"rendered":"<p>M\u00e1 to t\u011b\u017ek\u00e9 synek exprezidenta. Sd\u011bl\u00ed n\u00e1zor a bu\u010f n\u00e1sleduje potlesk, nebo p\u011bkn\u00e1 mela. Fialova ODS v\u0161ak mohla po\u010d\u00edtat s t\u00edm, \u017ee V\u00e1clav Klaus junior bude v\u00edc solit\u00e9r, ne\u017e cokoliv jin\u00e9ho. M\u00e1 to v genech a o tom \u017e\u00e1dn\u00e1. Nicm\u00e9n\u011b ani ty geny nemus\u00ed n\u011bkdy hr\u00e1t dominanci v my\u0161lenkov\u00fdch pochodech \u010dlov\u011bka.<\/p>\n<p><!--more--><\/p>\n<p>M\u00e1-li n\u011bjak\u00fd n\u00e1zor a stoj\u00ed-li za n\u00edm, pak \u0161up s n\u00edm ven. A kdy\u017e u\u017e je venku, pak si za n\u00edm st\u00e1t. Co\u017e mlad\u0161\u00ed Klaus d\u011bl\u00e1 a ob\u010dan\u0161t\u00ed demokrat\u00e9 si rvou vlasy. Nen\u00ed t\u00fdmov\u00fd hr\u00e1\u010d, jak jej kritizovala Jana \u010cernochov\u00e1. Tak za prv\u00e9: Politika nen\u00ed sportovn\u00fd t\u00fdm v rovin\u011b v\u0161ichni za jednoho, jeden za v\u0161echny. Je to p\u0159edev\u0161\u00edm slu\u017eba n\u00e1rodu, kter\u00fd je do figur zvolil. M\u00edt sv\u016fj n\u00e1zor, nota bene u\u017e z obsahu n\u00e1zvu strany, je p\u0159ece samoz\u0159ejm\u00e9. A\u0165 u\u017e je jak\u00fdkoliv. Jinak nech\u0165 si z n\u00e1zvu strany slovo demokratick\u00e1 urychlen\u011b vyma\u017ee.<\/p>\n<p>Jde tady ale z\u0159ejm\u011b je\u0161t\u011b o n\u011bco jin\u00e9ho. Ladislav Jakl je p\u00edskem v oku mnoha lidem v ODS. Oblib\u011b se net\u011b\u0161\u00ed ani Klaus senior, jak je z historie jeho p\u016fsoben\u00ed ve vysok\u00e9 politice v\u0161eobecn\u011b zn\u00e1mo. L\u00eddr partaje Petr Fiala byl v dob\u011b p\u0159ij\u00edm\u00e1n\u00ed Klause juniora v nevd\u011b\u010dn\u00e9 pozici. Nep\u0159ijmout ho, znamenalo by do nebe volaj\u00edc\u00ed pop\u0159en\u00ed v\u0161eho, co dosud tato partaj v boji za svobodomyslnost hl\u00e1sala. P\u0159ijmout \u201eV\u00e1clava Druh\u00e9ho\u201c bylo z\u00e1rove\u0148 i vzet\u00ed rizika, co se n\u011bkdy m\u016f\u017ee st\u00e1t. Tedy svobodomyslnost, pro kterou Klaus junior nikdy ne\u0161el daleko. A dokazoval to ve sv\u00fdch medi\u00e1ln\u00edch sd\u011blen\u00edch dost \u010dasto. Te\u010f ale do\u0161el k hranici, kdy se ve\u0159ejn\u011b pere se svou vlastn\u00ed stranou. Nic moc by se ned\u011blo, kdy sv\u00e9 n\u00e1zory sd\u011bloval jako n\u011bjak\u00fd bezejmenn\u00fd poslanec. Strana by mu v kulo\u00e1rech dala hezky demokraticky po papuli, a po maxim\u00e1ln\u011b dvou dnech a p\u011bti \u0159\u00e1dc\u00edch v m\u00e9di\u00edch by si toho rebela u\u017e nikdo ani nev\u0161iml.<\/p>\n<p>Kruhy ve vod\u011b, zp\u016fsoben\u00e9 hozen\u00edm Klausova \u0161utru do medi\u00e1ln\u00ed hladiny, se ale st\u00e1le zjevuj\u00ed.&nbsp; Proto\u017ee ten \u0161utr je Klaus s\u00e1m. Vlo\u017eil se nav\u00edc do rukou Okamurovy SPD. A taky Institutu V\u00e1clava Klause star\u0161\u00edho, ve kter\u00e9m jako naschv\u00e1l p\u016fsob\u00ed i Ladislav Jakl, st\u00e1le v\u011brn\u00fd to pano\u0161 exprezidenta. Tak\u017ee z podstaty v\u011bci exprezident sv\u00e9mu synku za odbojn\u00fd postoj v ODS na zadek ned\u00e1. Jeho syn u\u017e vlastn\u011b ani nen\u00ed \u017e\u00e1dn\u00fdm \u0161utrem, ale p\u0159\u00edmo odji\u0161t\u011bn\u00fdm gran\u00e1tem. Kdo ho kam te\u010f hod\u00ed? Tuto ot\u00e1zku si z\u0159ejm\u011b nej\u010dast\u011bji klade ODS \u2013 v\u0161em te\u010f mus\u00ed b\u00fdt jasn\u00e9, \u017ee Klause mlad\u0161\u00edho u\u017e odepsala. Jen naj\u00edt cestu, jak to co nejstraviteln\u011bji zd\u016fvodnit. Paradoxn\u011b na tom ale nevyd\u011bl\u00e1 nikdo. Ani Okamura, ani Jakl, ani ODS. V podstat\u011b ani Klaus junior. Budou se ho b\u00e1t te\u010f v\u0161echny strany. Pro jeho solit\u00e9rstv\u00ed a svobodomyslnost. T\u00fdmov\u00fdm hr\u00e1\u010dem toti\u017e dovede b\u00fdt jen s\u00e1m se sebou. Co\u017e je u\u017e ze sam\u00e9 podstaty nebezpe\u010dn\u00e1 kombinace. Od te\u010f i pro Klause juniora.<\/p>\n<p><a href=\"http:\/\/www.ucho24.cz\/clanky\/zlobivy-klaus-junior-od-taty-ale-na-zadek-nedostane\/\">Zdroj<\/a><\/p>\n","protected":false},"excerpt":{"rendered":"<p>M\u00e1 to t\u011b\u017ek\u00e9 synek exprezidenta. Sd\u011bl\u00ed n\u00e1zor a bu\u010f n\u00e1sleduje potlesk, nebo p\u011bkn\u00e1 mela. Fialova ODS v\u0161ak mohla po\u010d\u00edtat s t\u00edm, \u017ee V\u00e1clav Klaus junior bude v\u00edc solit\u00e9r, ne\u017e cokoliv jin\u00e9ho. M\u00e1 to v genech a o tom \u017e\u00e1dn\u00e1. Nicm\u00e9n\u011b ani ty geny nemus\u00ed n\u011bkdy hr\u00e1t dominanci v my\u0161lenkov\u00fdch pochodech \u010dlov\u011bka.<\/p>\n","protected":false},"author":1,"featured_media":0,"comment_status":"open","ping_status":"open","sticky":false,"template":"","format":"standard","meta":{"ngg_post_thumbnail":0,"footnotes":""},"categories":[11],"tags":[],"class_list":["post-9120","post","type-post","status-publish","format-standard","hentry","category-ozvena"],"_links":{"self":[{"href":"https:\/\/www.ladislavjakl.cz\/index.php?rest_route=\/wp\/v2\/posts\/9120","targetHints":{"allow":["GET"]}}],"collection":[{"href":"https:\/\/www.ladislavjakl.cz\/index.php?rest_route=\/wp\/v2\/posts"}],"about":[{"href":"https:\/\/www.ladislavjakl.cz\/index.php?rest_route=\/wp\/v2\/types\/post"}],"author":[{"embeddable":true,"href":"https:\/\/www.ladislavjakl.cz\/index.php?rest_route=\/wp\/v2\/users\/1"}],"replies":[{"embeddable":true,"href":"https:\/\/www.ladislavjakl.cz\/index.php?rest_route=%2Fwp%2Fv2%2Fcomments&post=9120"}],"version-history":[{"count":1,"href":"https:\/\/www.ladislavjakl.cz\/index.php?rest_route=\/wp\/v2\/posts\/9120\/revisions"}],"predecessor-version":[{"id":9121,"href":"https:\/\/www.ladislavjakl.cz\/index.php?rest_route=\/wp\/v2\/posts\/9120\/revisions\/9121"}],"wp:attachment":[{"href":"https:\/\/www.ladislavjakl.cz\/index.php?rest_route=%2Fwp%2Fv2%2Fmedia&parent=9120"}],"wp:term":[{"taxonomy":"category","embeddable":true,"href":"https:\/\/www.ladislavjakl.cz\/index.php?rest_route=%2Fwp%2Fv2%2Fcategories&post=9120"},{"taxonomy":"post_tag","embeddable":true,"href":"https:\/\/www.ladislavjakl.cz\/index.php?rest_route=%2Fwp%2Fv2%2Ftags&post=9120"}],"curies":[{"name":"wp","href":"https:\/\/api.w.org\/{rel}","templated":true}]}}