{"id":9122,"date":"2018-08-22T14:49:33","date_gmt":"2018-08-22T12:49:33","guid":{"rendered":"http:\/\/www.ladislavjakl.cz\/?p=9122"},"modified":"2018-08-22T14:49:33","modified_gmt":"2018-08-22T12:49:33","slug":"okamura-to-rika-nejlepe-jakl-lici-proc-chce-do-senatu-za-spd","status":"publish","type":"post","link":"https:\/\/www.ladislavjakl.cz\/?p=9122","title":{"rendered":"Okamura to \u0159\u00edk\u00e1 nejl\u00e9pe. Jakl l\u00ed\u010d\u00ed, pro\u010d chce do Sen\u00e1tu za SPD"},"content":{"rendered":"<p>Je\u0161t\u011b p\u0159ed t\u00fddnem nev\u011bd\u011bl, co znamen\u00e1 zkratka SPD. Na podzim ale Ladislav Jakl bude na kandid\u00e1tce hnut\u00ed Tomia Okamury usilovat o vstup do Sen\u00e1tu v Praze 2. B\u00fdval\u00fd politick\u00fd tajemn\u00edk prezidenta V\u00e1clava Klause m\u011bl v\u017edy pom\u011brn\u011b vyost\u0159en\u00e9 n\u00e1zory a neb\u00e1l se je pou\u017e\u00edt. Od dob Ob\u010dansk\u00e9ho f\u00f3ra na za\u010d\u00e1tku 90. let si ov\u0161em od aktivn\u00ed stranick\u00e9 politiky dr\u017eel odstup.<\/p>\n<p><!--more--><\/p>\n<p><b>Ne\u017e jste ozn\u00e1mil kandidaturu, mluvilo se o v\u00e1s nejv\u00edc v souvislosti s vystoupen\u00edm v Ud\u00e1lostech, koment\u00e1\u0159\u00edch \u010cT. P\u0159i debat\u011b o politice Donalda Trumpa tam na va\u0161i adresu bostonsk\u00fd profesor Igor Luke\u0161 \u0159ekl, \u017ee v\u016fbec nev\u00ed, pro\u010d m\u00e1 diskutovat s n\u011bk\u00fdm, kdo nos\u00ed \u201eko\u0148sk\u00fd ohon\u201c. Kouk\u00e1m, \u017ee m\u00e1te rozpu\u0161t\u011bn\u00e9 vlasy. Vzal jste si to k srdci?<br \/>\n<\/b>Nikdy v \u017eivot\u011b jsem \u017e\u00e1dn\u00fd ohon nenosil. N\u011bkdy p\u0159ed deseti lety jsem se p\u0159i n\u011bjak\u00e9 debat\u011b potkal s p\u00e1terem Hal\u00edkem, kter\u00fd tak\u00e9 \u0159\u00edkal, \u017ee jsem zm\u011bnil image. Jen jsem vyvalil o\u010di. Nikdy jsem ohon nenosil, u\u017e asi p\u011bta\u010dty\u0159icet let&nbsp;chod\u00edm&nbsp;tak, jako te\u010f. S naprostou v\u00fdjimkou: kdy\u017e jsem byl na p\u016fd\u011b n\u011bjak\u00e9 instituce ve st\u00e1tn\u00edch&nbsp;slu\u017eb\u00e1ch&nbsp;a k obleku a kravat\u011b. U\u017e kdy\u017e jsem ale byl p\u0159i cest\u011b z&nbsp;pr\u00e1ce&nbsp;na schodech, tak jsem si gumi\u010dku sundal. Kdybych ale byl politik, asi bych se na to vyka\u0161lal.&nbsp;<\/p>\n<p><b>Co jste si vlastn\u011b p\u0159\u00edmo ve vys\u00edl\u00e1n\u00ed o Luke\u0161ov\u011b argumentu s ohonem pomyslel?<\/b><br \/>\nZaujalo m\u011b n\u011bkolik v\u011bc\u00ed. U\u017e kdy\u017e pan Luke\u0161 \u0159ekl, \u017ee a\u010dkoli 63 a\u017e 73 procent republik\u00e1nsk\u00e9ho elektor\u00e1tu Trumpovu politiku okolo summitu v Helsink\u00e1ch&nbsp;<i>(Trump se tam setkal s Vladimirem Putinem \u2013 pozn. red.)<\/i>podporuje, seri\u00f3zn\u00ed lidi si mysl\u00ed n\u011bco jin\u00e9ho. To jsem vyvalil o\u010di, \u017ee se podle toho p\u00e1na&nbsp;d\u011bl\u00ed&nbsp;lidi na voli\u010de republik\u00e1n\u016f a na ty seri\u00f3zn\u00ed. Pokra\u010dovalo to t\u00edm, \u017ee se nezab\u00fdval samotnou agendou summitu, o tom nepadlo ani slovo.<\/p>\n<p>No, a pak nezvl\u00e1dl ohromn\u00e9 p\u0159ekvapen\u00ed, \u017ee byl konfrontov\u00e1n s \u010dlov\u011bkem, kter\u00fd politiku Donalda Trumpa podporuje. Pan Luke\u0161 a jemu podobn\u00ed \u017eij\u00ed v uzav\u0159enosti akademick\u00fdch&nbsp;kruh\u016f&nbsp;a sv\u00e9ho okol\u00ed a \u017e\u00e1dn\u00e9 takov\u00e9 lidi neznaj\u00ed. Nutn\u011b si mysl\u00ed, \u017ee takov\u00ed lid\u00e9 mus\u00ed b\u00fdt bu\u010f zl\u00ed, nebo hloup\u00ed. On si je zjevn\u011b p\u0159edstavuje jako n\u011bjak\u00e9 slizk\u00e9 \u010dervy, nebo hejkaly z poh\u00e1dek. Tak\u017ee byl p\u0159ekvapen, konsternov\u00e1n, nebyl to schopen str\u00e1vit. Proto ta jeho emotivn\u00ed reakce. Nejsem z cukru, p\u0159i t\u00e9 debat\u011b jsem nereagoval jedin\u00fdm slovem, byla to pro m\u011b sp\u00ed\u0161 sranda.<\/p>\n<p><b>P\u0159ed chv\u00edl\u00ed jste \u0159\u00edkal, \u017ee jako politik byste si u\u017e na hlav\u011b \u201eohon\u201c neud\u011blal. Rozpu\u0161t\u011bn\u00e9 vlasy byste tedy mohl nosit i\u00ad v Sen\u00e1tu, kam kandidujete za SPD Tomia Okamury. Pro\u010d zrovna za n\u011bj?<\/b><\/p>\n<p>Nab\u00eddek kandidovat do Sen\u00e1tu jsem m\u011bl v\u00edc, stejn\u011b jako v minul\u00fdch letech. Up\u0159\u00edmn\u011b \u0159e\u010deno, nijak jsem se do toho nehrnul. Um\u011bl jsem si spo\u010d\u00edtat, \u017ee m\u011b to taky bude n\u011bco st\u00e1t, \u017ee n\u011bjakou da\u0148 za exponovanost zaplat\u00edm. Nicm\u00e9n\u011b letos byl z\u00e1jem z r\u016fzn\u00fdch stran i m\u00e9ho okol\u00ed o mnoho v\u011bt\u0161\u00ed. A pro\u010d jsem p\u0159ijal zrovna nab\u00eddku SPD? Mysl\u00edm, \u017ee v \u010dase se hierarchie na\u0161ich priorit m\u011bn\u00ed. Pro m\u011b aktu\u00e1ln\u011b t\u00e9m\u011b\u0159 v\u0161e p\u0159ekr\u00fdvaj\u00ed ot\u00e1zky bruselsk\u00e9 centralizace a masov\u011b \u0159\u00edzen\u00e9 migrace. U\u017e d\u0159\u00edve jsem \u0159ekl, \u017ee na referendu o odchodu z EU bych byl ochoten spolupracovat s kdek\u00fdm.<\/p>\n<p>M\u00e1m pocit, \u017ee v t\u011bchto t\u00e9matech je SPD nejsrozumiteln\u011bj\u0161\u00ed, nejd\u016fsledn\u011bj\u0161\u00ed a nejv\u00fdrazn\u011bj\u0161\u00ed. Samoz\u0159ejm\u011b \u017ee mezi n\u00e1mi existuj\u00ed z\u00e1sadn\u00ed a podstatn\u00e9 rozd\u00edly. Ale pro\u010d v moment\u011b, kdy se o nich zrovna nerozhoduje, \u010dinit p\u0159\u00edkopy i v t\u00e9matech, kde si rozum\u00edme a m\u016f\u017eeme spolu efektivn\u011b spolupracovat. Ostatn\u00ed v\u011bci prost\u011b tolik ne\u0159e\u0161\u00edm. Fanou\u0161ci Sparty a Slavie spolu asi tak\u00e9 nikdy nebudou nijak zvl\u00e1\u0161\u0165 vych\u00e1zet, ale kdy\u017e jim n\u011bkdo zven\u010d\u00ed bude cht\u00edt ukr\u00e1st h\u0159i\u0161t\u011b, asi se tak\u00e9 domluv\u00ed na n\u011bjak\u00e9 spolupr\u00e1ci. Aby si to h\u0159i\u0161t\u011b vzali zp\u011bt a na n\u011bm si to mezi sebou mohli rozdat.<\/p>\n<p><b>N\u00e1lada&nbsp;sm\u011brem k migraci se ve spole\u010dnosti za posledn\u00ed dobu obr\u00e1tila. Dnes pou\u017e\u00edv\u00e1 protimigra\u010dn\u00ed r\u00e9toriku kdekdo. V \u010cesku t\u0159eba ODS, premi\u00e9r Andrej Babi\u0161 se dokonce nazval \u201el\u00eddr protimigrantsk\u00e9 agendy\u201c. Pro\u010d zrovna SPD?<\/b><br \/>\nZaprv\u00e9 ODS v\u016fbec nebojuje proti migraci, to je takov\u00fd m\u00edrn\u00fd pokrok v mez\u00edch z\u00e1kona. Jejich eurohujerstv\u00ed je takov\u00e9, \u017ee p\u0159ekr\u00fdv\u00e1 \u00fapln\u011b v\u0161echno. Je to odpor jen proto, aby nep\u0159i\u0161li o \u010d\u00e1st sv\u00e9ho elektor\u00e1tu. Co se t\u00fdk\u00e1 Babi\u0161e, tomu j\u00e1 v t\u00e9to v\u011bci nev\u011b\u0159\u00edm skoro nic. Je \u010dlov\u011bkem, kter\u00fd velmi dob\u0159e vn\u00edm\u00e1&nbsp;atmosf\u00e9ru&nbsp;ve spole\u010dnosti a v\u00ed, \u017ee lid\u00e9 maj\u00ed opr\u00e1vn\u011bn\u00e9 obavy. Ale v\u017edy bude d\u011blat, co je pro n\u011bj v\u00fdhodn\u00e9. Kdy\u017e mu ale n\u011bkdo z mocn\u00fdch zahrani\u010dn\u00edch koleg\u016f vysv\u011btl\u00ed, \u017ee by na tento postoj mohl doplatit nap\u0159\u00edklad ve sv\u00fdch obchodn\u00edch z\u00e1jmech, tak jsem p\u0159esv\u011bd\u010den, \u017ee je klidn\u011b schopen oto\u010dit. Neoto\u010d\u00ed pouze v p\u0159\u00edpad\u011b, kdy bude c\u00edtit tlak zevnit\u0159 \u2013 od n\u00e1s. Pokud by ten tlak nebyl dostate\u010dn\u011b hroziv\u00fd, tak mysl\u00edm, \u017ee n\u00e1s prod\u00e1.<\/p>\n<p><b>Nen\u00ed to stejn\u00e9 s Tomiem Okamurou, kter\u00fd m\u00e1 SPD v podstat\u011b jako v\u00fdnosn\u00fd podnikatelsk\u00fd projekt a pochopil, \u017ee toto t\u00e9ma zkr\u00e1tka \u201efunguje\u201c? P\u0159i\u010dem\u017e kdyby tady lidi uprchl\u00edky v\u00edtali, nejsp\u00ed\u0161 je sem bude osobn\u011b vozit na gumov\u00fdch \u010dlunech, ne?<\/b><br \/>\nJ\u00e1 tento pocit nem\u00e1m. \u010cetl jsem n\u011bkolik jeho rozhovor\u016f na toto t\u00e9ma a mysl\u00edm, \u017ee mu nejde o to, zda n\u011bkdo m\u00e1 \u010di nem\u00e1 r\u00e1d jinak vypadaj\u00edc\u00ed lidi. N\u011bkolikr\u00e1t se zam\u00fd\u0161lel i\u00ad nad t\u00edm, jak to funguje v EU, a sd\u00edl\u00ed n\u00e1zor, \u017ee evropsk\u00e1 integrace ohro\u017euje demokracii i svobodu u n\u00e1s. \u017de migrace nespadla z Marsu, ale je produktem stejn\u00fdch struktur, kter\u00e9 se staraj\u00ed o utahov\u00e1n\u00ed \u0161roub\u016f bruselsk\u00e9 integrace, co\u017e kritizoval v\u017edy. Proto mu tuto problematiku v\u011b\u0159\u00edm podstatn\u011b v\u00edc ne\u017e Babi\u0161ovi. No, a pak jsem tady je\u0161t\u011b j\u00e1. A j\u00e1 \u0159\u00edk\u00e1m v\u011bci, o nich\u017e jsem p\u0159esv\u011bd\u010den, ani\u017e bych \u010dekal, \u017ee m\u011b za n\u011b n\u011bkdo pochv\u00e1l\u00ed. Vyu\u017e\u00edv\u00e1m t\u00e9to konstelace, abych tato t\u00e9mata prodal na ve\u0159ejnosti a vzbudil o n\u011b v\u011bt\u0161\u00ed z\u00e1jem.<\/p>\n<p><b>Je\u0161t\u011b minul\u00fd t\u00fdden jste ani nev\u011bd\u011bl, co zkratka SPD znamen\u00e1. S \u0159adou Okamurov\u00fdch programov\u00fdch tez\u00ed \u2013 t\u0159eba prvky p\u0159\u00edm\u00e9 demokracie \u2013 m\u00e1te l\u00e9ta siln\u00fd ideologick\u00fd probl\u00e9m. Tak\u017ee prost\u011b zav\u0159ete o\u010di kv\u016fli t\u011bm dv\u011bma v\u011bcem, proto\u017ee jste dostal nejlep\u0161\u00ed nab\u00eddku do Sen\u00e1tu?<\/b><br \/>\nZaj\u00edmalo m\u011b, jestli jsou ta dv\u011b hlavn\u00ed t\u00e9mata artikulov\u00e1na dostate\u010dn\u011b v\u00fdrazn\u011b, srozumiteln\u011b a nealibisticky.<\/p>\n<p><b>V\u00e1m cel\u00e9 hnut\u00ed SPD nep\u0159ipad\u00e1 trochu eklhaft? Se v\u0161emi Roznery, kte\u0159\u00ed rozbru\u0161uj\u00ed, Koteny, kte\u0159\u00ed se zab\u00fdvaj\u00ed \u0161kodlivost\u00ed mikrovlnn\u00fdch trub, poslankyn\u011bmi Hy\u0165hov\u00fdmi, kter\u00e9 se zast\u00e1vaj\u00ed rasist\u016f, anebo tajemn\u00edky Stan\u00edky, kte\u0159\u00ed pos\u00edlaj\u00ed lidi do&nbsp;plynu&nbsp;p\u0159\u00edmo ve Sn\u011bmovn\u011b?<\/b><br \/>\nMus\u00edm \u0159\u00edct, \u017ee o tom v\u0161em v\u00edm asi tak desetkr\u00e1t m\u00e9n\u011b ne\u017e vy. Tato jm\u00e9na t\u00e9m\u011b\u0159 v\u016fbec nezn\u00e1m, stejn\u011b jako jejich v\u00fdroky. M\u016fj krok se n\u011bkomu m\u016f\u017ee zd\u00e1t a\u017e trochu donkichotsk\u00fd, bl\u00e1hov\u00fd, nebo idealistick\u00fd. Ale j\u00e1 t\u00edm chci \u0159\u00edct n\u011bco d\u016fle\u017eit\u00e9ho. \u017de pr\u00e1v\u011b navzdory tomu, \u017ee m\u00e1 n\u011bkdo v n\u011bkter\u00fdch v\u011bcech t\u0159eba i nep\u0159ekonateln\u00e9 odli\u0161nosti, tak poj\u010fme nap\u0159\u00ed\u010d politickou sc\u00e9nou spolupracovat ve v\u011bcech, ve kter\u00fdch m\u00e1me spole\u010dn\u00e1 prioritn\u00ed v\u00fdchodiska a postoje. A to bez ohledu na ostatn\u00ed t\u00e9mata, o kter\u00fd moment\u00e1ln\u011b nen\u00ed \u0159e\u010d. Proto jsem se ani po\u0159\u00e1dn\u011b nezaj\u00edmal o to, jak se ta strana jmenuje a co ve sv\u00e9m programu m\u00e1. Pro m\u011b v\u0161echno p\u0159ekryla autenti\u010dnost protibruselsk\u00e9ho a protimigra\u010dn\u00edho postoje.<\/p>\n<p><b>Podle t\u00e9to argumentace byste v roce 1933 klidn\u011b mohl v N\u011bmecku kandidovat za NSDAP a \u0159\u00edkat, \u017ee v\u00e1s prioritn\u011b zaj\u00edm\u00e1 tvrd\u00fd postup Adolfa Hitlera proti reparac\u00edm vych\u00e1zej\u00edc\u00edm z versaillesk\u00e9&nbsp;smlouvy&nbsp;a v\u0161echny ostatn\u00ed v\u011bci z jeho programu jsou v\u00e1m fuk. Nep\u0159ipad\u00e1 v\u00e1m to podobn\u00e9?<\/b><br \/>\nV\u00edte, m\u016f\u017eeme si zvolit jak\u00fdkoli tvrd\u00fd p\u0159\u00edm\u011br. Proto\u017ee v roce 1933 byly v programu NSDAP projekty obsahuj\u00edc\u00ed n\u00e1sil\u00ed v\u016f\u010di r\u016fzn\u00fdm skupin\u00e1m lid\u00ed. Pro m\u011b by odpor k reparac\u00edm nemohl p\u0159ekr\u00fdt pl\u00e1ny na zru\u0161en\u00ed parlamentn\u00ed demokracie a zru\u0161en\u00ed svobody. \u010cili m\u011b to shodn\u00e9 nep\u0159ipad\u00e1. Ano, my si m\u016f\u017eeme takov\u00e9 p\u0159\u00edm\u011bry vesele vym\u00fd\u0161let d\u00e1l. Ale v podstat\u011b vedou k tomu, \u017ee kdy\u017e m\u00e1 ten \u010di onen jin\u00fd n\u00e1zor k n\u011bjak\u00e9 v\u011bci, tak s n\u00edm nebudu komunikovat ani v tom, v \u010dem m\u00e1me n\u00e1zory \u00fapln\u011b stejn\u00e9. Nevyb\u00edz\u00edm nikoho, aby zapom\u00ednal na n\u011bjak\u00e9 programov\u00e9 odli\u0161nosti, nuance a rozpory. Ale a\u0165 si uv\u011bdom\u00ed, zda jsou te\u010f nejv\u011bt\u0161\u00ed prioritou, anebo je j\u00ed snaha vz\u00edt si to h\u0159i\u0161t\u011b zp\u00e1tky.<\/p>\n<p><b>N\u011bco jin\u00e9ho je p\u0159ece m\u00edt na n\u011bjakou konkr\u00e9tn\u00ed v\u011bc s n\u011bk\u00fdm stejn\u00fd n\u00e1zor, a\u00ad n\u011bco jin\u00e9ho za n\u011bj rovnou kandidovat, ne?<\/b><br \/>\nJ\u00e1 si mysl\u00edm, \u017ee je absolutn\u011b na ka\u017ed\u00e9m, jakou formu si zvol\u00ed. Mo\u017enosti jsou na stupn\u00edch od jedni\u010dky do des\u00edtky r\u016fzn\u00e9. Bohu\u017eel, u v\u011bt\u0161iny lid\u00ed ty mo\u017enosti z\u016fst\u00e1vaj\u00ed na stupn\u00edch nula \u010di jedna. Kandidovat jako nez\u00e1visl\u00fd na kandid\u00e1tce do Sen\u00e1tu je ur\u010dit\u011b v\u00edc ne\u017e p\u011bt. Deset to ale nen\u00ed. To bych do t\u00e9 strany musel vstoupit a usilovat o n\u011bjak\u00e9 \u010dlenstv\u00ed ve veden\u00ed, nebo n\u011bco podobn\u00e9ho. Takovou ambici nem\u00e1m. Pro m\u011b je to p\u0159\u00edle\u017eitost, jak nad\u0159adit priority v\u011bcem, o kter\u00fdch se po\u0159\u00e1d h\u00e1d\u00e1me, a p\u0159itom prioritou nejsou. H\u00e1dat se na pot\u00e1p\u011bj\u00edc\u00ed se lodi, co m\u00e1 b\u00fdt k ve\u010de\u0159i, m\u016f\u017ee b\u00fdt pro n\u011bkoho d\u016fle\u017eit\u00e9, ale d\u016fle\u017eit\u011bj\u0161\u00ed je ur\u010dit\u011b tu lo\u010f zachr\u00e1nit.<\/p>\n<p><b>Mohl jste p\u0159ece se stejn\u00fdmi tezemi kandidovat s\u00e1m za sebe jako \u00fapln\u011b nez\u00e1visl\u00fd.<\/b><br \/>\nJasn\u011b, i takov\u00e1 mo\u017enost byla. Nebo jsem mohl kandidovat za jin\u00fd subjekt, proto\u017ee nab\u00eddek bylo v\u00edc. Ale up\u0159\u00edmn\u011b \u0159e\u010deno t\u00edm, \u017ee jsem hned na za\u010d\u00e1tku \u0159ekl, \u017ee jsem se do kandidatury nijak extra nehrnul, tak nem\u00e1m natolik vysokou motivaci, abych si sh\u00e1n\u011bl podpisy a vehementn\u011b o ni usiloval. P\u0159ijal jsem nab\u00eddku, k \u010demu\u017e jsem m\u00edru motivace pot\u0159eboval v\u00fdrazn\u011b ni\u017e\u0161\u00ed, ne\u017e abych si ji vydup\u00e1val na vlastn\u00ed n\u00e1klady. Ano, asi by m\u011b to m\u00e9n\u011b zavazovalo. Na druh\u00e9 stran\u011b, t\u00e9mata, o nich\u017e mluv\u00edm, by mo\u017en\u00e1 nikoho nezaj\u00edmaly. Proto\u017ee by si t\u0159eba ani nev\u0161iml, \u017ee kandiduji.<\/p>\n<p><b>V\u0161iml by si ur\u010dit\u011b. Nejste p\u0159eci \u201ejen\u201c Ladislav Jakl, ale p\u0159edev\u0161\u00edm dlouholet\u00fd bl\u00edzk\u00fd spojenec b\u00fdval\u00e9ho premi\u00e9ra a prezidenta V\u00e1clava Klause. On v\u00e1s za kandidaturu v barv\u00e1ch SPD pochv\u00e1lil. Nem\u016f\u017ee to b\u00fdt br\u00e1no i tak, \u017ee tak Klaus legitimizuje Okamurovu stranu, politick\u00fd styl, r\u00e9toriku, program a tak\u00e9 v\u0161echny ty ob\u010das obskurn\u00ed lidi, kte\u0159\u00ed v SPD jsou?<\/b><br \/>\nKdy\u017e se zamiluji do n\u011bjak\u00e9 \u017eeny a budu si ji cht\u00edt vz\u00edt, tak si budu cht\u00edt vz\u00edt ji. A nemysl\u00edm, \u017ee bych si t\u00edmto aktem z\u00e1rove\u0148 bral jej\u00ed \u0161irok\u00e9 p\u0159\u00edbuzenstvo, kolegy v pr\u00e1ci, sousedy v&nbsp;dom\u011b. J\u00e1 se t\u00edmto hl\u00e1s\u00edm ke dv\u011bma hlavn\u00edm priorit\u00e1m a sousedi v dom\u011b \u010di kolegov\u00e9 v pr\u00e1ci m\u011b opravdu moc nezaj\u00edmaj\u00ed. Ty jsem si nevybral. Vybral jsem si tu p\u011bknou sympatickou babu, ke kter\u00e9 se hl\u00e1s\u00edm.<\/p>\n<p><b>Ta baba je Okamura?<\/b><br \/>\nTa baba je boj s imigrac\u00ed a s bruselskou centralizac\u00ed. Kdy\u017e jste se ptal na pana prezidenta, tak mysl\u00edm, \u017ee to m\u00e1 podobn\u011b. Oce\u0148uje, \u017ee n\u011bkdo tyto my\u0161lenky ve\u0159ejn\u011b zast\u00e1v\u00e1. \u017de t\u0159eba i j\u00e1 \u2013 bez ohledu na n\u011bjakou \u00fajmu, kter\u00e1 mi z toho hroz\u00ed \u2013 se anga\u017euji v t\u011bchto dvou d\u016fle\u017eit\u00fdch v\u011bcech. Prezident Klaus je pova\u017euje za natolik d\u016fle\u017eit\u00e9 a v\u00e1\u017en\u00e9, \u017ee p\u0159ed jejich d\u016fle\u017eitost\u00ed blednou n\u011bkter\u00e9 dal\u0161\u00ed v\u011bci, kter\u00e9 pro n\u011bj nejsou tak podstatn\u00e9. Dopodrobna jsem to s n\u00edm tedy nerozeb\u00edral, ale takto to \u010dtu a mysl\u00edm, \u017ee by to tak mohli \u010d\u00edst i ostatn\u00ed. Neznamen\u00e1 to, \u017ee by se t\u00edm hl\u00e1sil \u00fapln\u011b ke v\u0161emu.<\/p>\n<p><a href=\"https:\/\/zpravy.idnes.cz\/ladislav-jakl-tomio-okamura-spd-kandidatura-senat-volby-p2p-\/domaci.aspx?c=A180816_191312_domaci_amu\">Zdroj<\/a><\/p>\n","protected":false},"excerpt":{"rendered":"<p>Je\u0161t\u011b p\u0159ed t\u00fddnem nev\u011bd\u011bl, co znamen\u00e1 zkratka SPD. Na podzim ale Ladislav Jakl bude na kandid\u00e1tce hnut\u00ed Tomia Okamury usilovat o vstup do Sen\u00e1tu v Praze 2. B\u00fdval\u00fd politick\u00fd tajemn\u00edk prezidenta V\u00e1clava Klause m\u011bl v\u017edy pom\u011brn\u011b vyost\u0159en\u00e9 n\u00e1zory a neb\u00e1l se je pou\u017e\u00edt. Od dob Ob\u010dansk\u00e9ho f\u00f3ra na za\u010d\u00e1tku 90. let si ov\u0161em od aktivn\u00ed [&hellip;]<\/p>\n","protected":false},"author":1,"featured_media":0,"comment_status":"open","ping_status":"open","sticky":false,"template":"","format":"standard","meta":{"ngg_post_thumbnail":0,"footnotes":""},"categories":[22,13],"tags":[],"class_list":["post-9122","post","type-post","status-publish","format-standard","hentry","category-jakl-senator","category-rozhovory"],"_links":{"self":[{"href":"https:\/\/www.ladislavjakl.cz\/index.php?rest_route=\/wp\/v2\/posts\/9122","targetHints":{"allow":["GET"]}}],"collection":[{"href":"https:\/\/www.ladislavjakl.cz\/index.php?rest_route=\/wp\/v2\/posts"}],"about":[{"href":"https:\/\/www.ladislavjakl.cz\/index.php?rest_route=\/wp\/v2\/types\/post"}],"author":[{"embeddable":true,"href":"https:\/\/www.ladislavjakl.cz\/index.php?rest_route=\/wp\/v2\/users\/1"}],"replies":[{"embeddable":true,"href":"https:\/\/www.ladislavjakl.cz\/index.php?rest_route=%2Fwp%2Fv2%2Fcomments&post=9122"}],"version-history":[{"count":1,"href":"https:\/\/www.ladislavjakl.cz\/index.php?rest_route=\/wp\/v2\/posts\/9122\/revisions"}],"predecessor-version":[{"id":9123,"href":"https:\/\/www.ladislavjakl.cz\/index.php?rest_route=\/wp\/v2\/posts\/9122\/revisions\/9123"}],"wp:attachment":[{"href":"https:\/\/www.ladislavjakl.cz\/index.php?rest_route=%2Fwp%2Fv2%2Fmedia&parent=9122"}],"wp:term":[{"taxonomy":"category","embeddable":true,"href":"https:\/\/www.ladislavjakl.cz\/index.php?rest_route=%2Fwp%2Fv2%2Fcategories&post=9122"},{"taxonomy":"post_tag","embeddable":true,"href":"https:\/\/www.ladislavjakl.cz\/index.php?rest_route=%2Fwp%2Fv2%2Ftags&post=9122"}],"curies":[{"name":"wp","href":"https:\/\/api.w.org\/{rel}","templated":true}]}}