{"id":9124,"date":"2018-08-22T14:57:16","date_gmt":"2018-08-22T12:57:16","guid":{"rendered":"http:\/\/www.ladislavjakl.cz\/?p=9124"},"modified":"2018-08-22T14:57:16","modified_gmt":"2018-08-22T12:57:16","slug":"cim-by-chtel-obohatit-senat-o-sve-kandidature-promluvi-jakl-v-rozstrelu","status":"publish","type":"post","link":"https:\/\/www.ladislavjakl.cz\/?p=9124","title":{"rendered":"\u010c\u00edm by cht\u011bl obohatit Sen\u00e1t? O sv\u00e9 kandidatu\u0159e promluv\u00ed Jakl v Rozst\u0159elu"},"content":{"rendered":"<p>S v\u011bt\u0161inou priorit strany Svoboda a p\u0159\u00edm\u00e1 demokracie se Ladislav Jakl, n\u011bkdej\u0161\u00ed poradce prezidenta V\u00e1clava Klause, n\u00e1zorov\u011b rozch\u00e1z\u00ed. P\u0159esto bude v sen\u00e1tn\u00edch volb\u00e1ch kandidovat pr\u00e1v\u011b za hnut\u00ed Tomia Okamury. O sv\u00e9 kandidatu\u0159e v Praze 2 promluv\u00ed ve \u010dtvrtek od 12:30 v diskuzn\u00edm po\u0159adu Rozst\u0159el.<\/p>\n<p><!--more--><\/p>\n<p><a href=\"https:\/\/wiki.idnes.cz\/ladislav-jakl-00u-\/politici.aspx?klic=455060\">Jakl<\/a> se&nbsp;rozhodl kandidovat podle sv\u00fdch slov&nbsp;z obav, \u017ee v ohro\u017een\u00ed je st\u00e1tn\u00ed suverenita nebo \u017ee \u010cesko zni\u010d\u00ed \u201eob\u0159\u00ed soci\u00e1ln\u011b-in\u017een\u00fdrsk\u00fd nezodpov\u011bdn\u00fd experiment s rafinovan\u011b \u0159\u00edzenou masovou imigrac\u00ed, kter\u00e1 m\u00e1 rozb\u00edt \u010deskou spole\u010denskou kulturou\u201c.<\/p>\n<p>Je\u0161t\u011b t\u00fdden p\u0159ed ozn\u00e1men\u00edm kandidatury p\u0159itom nev\u011bd\u011bl, co zkratka SPD znamen\u00e1, a ne\u010detl pr\u00fd ani program hnut\u00ed. V&nbsp;<a href=\"https:\/\/zpravy.idnes.cz\/ladislav-jakl-tomio-okamura-spd-kandidatura-senat-volby-p2p-\/domaci.aspx?c=A180816_191312_domaci_amu\">rozhovoru pro MF DNES<\/a> pozd\u011bji uvedl, \u017ee jsou pro n\u011bj nejd\u016fle\u017eit\u011bj\u0161\u00ed ot\u00e1zky bruselsk\u00e9 centralizace a masov\u011b \u0159\u00edzen\u00e9 migrace a m\u00e1&nbsp;podle sv\u00fdch slov pocit, \u017ee je v t\u011bchto t\u00e9matech SPD nejsrozumiteln\u011bj\u0161\u00ed, nejd\u016fsledn\u011bj\u0161\u00ed a nejv\u00fdrazn\u011bj\u0161\u00ed.<\/p>\n<p>B\u00fdval\u00fd prezident&nbsp;V\u00e1clav Klaus <a href=\"https:\/\/hradec.idnes.cz\/klaus-cesta-na-snezku-jakl-spd-volby-d7f-\/hradec-zpravy.aspx?c=A180810_141944_hradec-zpravy_zuf\">\u00famysl sv\u00e9ho dlouholet\u00e9ho bl\u00edzk\u00e9ho spolupracovn\u00edka podpo\u0159il.<\/a>\u201eRozum\u00edm tomu, \u017ee pan Jakl souc\u00edt\u00ed se stranou, za kterou kandiduje, jednu z\u00e1sadn\u00ed v\u011bc. A sice neuv\u011b\u0159itelnou hrozbu, kterou p\u0159edstavuje masov\u00e1 migrace do Evropy a tato strana, cokoli dal\u0161\u00edho si o n\u00ed m\u016f\u017eeme myslet, je u n\u00e1s jedin\u00e1, kter\u00e1 m\u00e1 v tomto smyslu zcela jednozna\u010dn\u00fd n\u00e1zor,\u201c \u0159ekl exprezident.<\/p>\n<p><a href=\"https:\/\/zpravy.idnes.cz\/rozstrel-ladislav-jakl-spd-senat-kandidat-praha-2-f6e-\/domaci.aspx?c=A180822_123825_domaci_pmk\">Zdroj<\/a><\/p>\n","protected":false},"excerpt":{"rendered":"<p>S v\u011bt\u0161inou priorit strany Svoboda a p\u0159\u00edm\u00e1 demokracie se Ladislav Jakl, n\u011bkdej\u0161\u00ed poradce prezidenta V\u00e1clava Klause, n\u00e1zorov\u011b rozch\u00e1z\u00ed. P\u0159esto bude v sen\u00e1tn\u00edch volb\u00e1ch kandidovat pr\u00e1v\u011b za hnut\u00ed Tomia Okamury. O sv\u00e9 kandidatu\u0159e v Praze 2 promluv\u00ed ve \u010dtvrtek od 12:30 v diskuzn\u00edm po\u0159adu Rozst\u0159el.<\/p>\n","protected":false},"author":1,"featured_media":0,"comment_status":"open","ping_status":"open","sticky":false,"template":"","format":"standard","meta":{"ngg_post_thumbnail":0,"footnotes":""},"categories":[22],"tags":[],"class_list":["post-9124","post","type-post","status-publish","format-standard","hentry","category-jakl-senator"],"_links":{"self":[{"href":"https:\/\/www.ladislavjakl.cz\/index.php?rest_route=\/wp\/v2\/posts\/9124","targetHints":{"allow":["GET"]}}],"collection":[{"href":"https:\/\/www.ladislavjakl.cz\/index.php?rest_route=\/wp\/v2\/posts"}],"about":[{"href":"https:\/\/www.ladislavjakl.cz\/index.php?rest_route=\/wp\/v2\/types\/post"}],"author":[{"embeddable":true,"href":"https:\/\/www.ladislavjakl.cz\/index.php?rest_route=\/wp\/v2\/users\/1"}],"replies":[{"embeddable":true,"href":"https:\/\/www.ladislavjakl.cz\/index.php?rest_route=%2Fwp%2Fv2%2Fcomments&post=9124"}],"version-history":[{"count":1,"href":"https:\/\/www.ladislavjakl.cz\/index.php?rest_route=\/wp\/v2\/posts\/9124\/revisions"}],"predecessor-version":[{"id":9125,"href":"https:\/\/www.ladislavjakl.cz\/index.php?rest_route=\/wp\/v2\/posts\/9124\/revisions\/9125"}],"wp:attachment":[{"href":"https:\/\/www.ladislavjakl.cz\/index.php?rest_route=%2Fwp%2Fv2%2Fmedia&parent=9124"}],"wp:term":[{"taxonomy":"category","embeddable":true,"href":"https:\/\/www.ladislavjakl.cz\/index.php?rest_route=%2Fwp%2Fv2%2Fcategories&post=9124"},{"taxonomy":"post_tag","embeddable":true,"href":"https:\/\/www.ladislavjakl.cz\/index.php?rest_route=%2Fwp%2Fv2%2Ftags&post=9124"}],"curies":[{"name":"wp","href":"https:\/\/api.w.org\/{rel}","templated":true}]}}