{"id":9128,"date":"2018-08-23T11:13:43","date_gmt":"2018-08-23T09:13:43","guid":{"rendered":"http:\/\/www.ladislavjakl.cz\/?p=9128"},"modified":"2018-08-23T11:13:43","modified_gmt":"2018-08-23T09:13:43","slug":"omyl-stranickych-sekretariatu","status":"publish","type":"post","link":"https:\/\/www.ladislavjakl.cz\/?p=9128","title":{"rendered":"OMYL STRANICK\u00ddCH SEKRETARI\u00c1T\u016e"},"content":{"rendered":"<p>\u010clen ODS V\u00e1clav Klaus junior podpo\u0159il nestran\u00edka Ladislava Jakla na kandid\u00e1tce SPD do sen\u00e1tu, proti kandid\u00e1tovi vlastn\u00ed strany herci Vladim\u00edru Kratinovi a je ohe\u0148 na st\u0159e\u0161e! Ud\u011blal, ale spr\u00e1vnou v\u011bc\u2026<\/p>\n<p><!--more--><\/p>\n<p><strong>A pro\u010d?<\/strong><\/p>\n<p>Nap\u0159ed k postoj\u016fm obou dvou kandid\u00e1t\u016f.<\/p>\n<p>Ladislava Jakla zn\u00e1m osobn\u011b (chod\u00edm za n\u00edm do hospody na pivo), jeho n\u00e1zory konvenuj\u00ed s t\u011bmi m\u00fdmi a jsem r\u00e1d, \u017ee kandiduje! Jeho postoje jsou v\u0161eobecn\u011b zn\u00e1m\u00e9 a nem\u011bnn\u00e9\u2026<\/p>\n<p>Vladim\u00edra Kratinu zn\u00e1m z normaliza\u010dn\u00edch film\u016f a seri\u00e1l\u016f, jeho n\u00e1zory nezn\u00e1m v\u016fbec a pamatuji si, \u017ee figuroval v kauze rozkraden\u00ed \u010cesk\u00e9 lotynky\u2026<\/p>\n<p>Kdo m\u00e1 pro m\u011b v politice v\u011bt\u0161\u00ed cenu?<\/p>\n<p>Je to ten, koho v\u016fbec nezn\u00e1m, kter\u00fd si najedou vzpomn\u011bl, \u017ee by mohl n\u011bkam kandidovat a jeho\u017e minulost je pro mne minim\u00e1ln\u011b trapn\u00e1 (nevad\u00ed mi, \u017ee je herec, vad\u00ed mi, \u017ee si mysl\u00ed, \u017ee je garant mor\u00e1lky).<\/p>\n<p>Nebo ten, koho zn\u00e1m osobn\u011b, jeho n\u00e1zory jsou konzistentn\u00ed, politice se v\u011bnuje dlouhodob\u011b a jeho minulost je pro m\u011b v pohod\u011b?<\/p>\n<p>R\u016fzn\u00ed lid\u00e9 \u0159\u00edkaj\u00ed, \u017ee by m\u011bl b\u00fdt VK junior loaj\u00e1ln\u00ed ke kandid\u00e1tovi vlastn\u00ed strany. To je pro m\u011b dost hloup\u00e9. Pro\u010d by m\u011bl podporovat n\u011bkoho, s k\u00fdm nesouhlas\u00ed, proti n\u011bkomu, s k\u00fdm souhlas\u00ed? Jen proto, aby ODS m\u011bla sen\u00e1tora, kter\u00fd tam bude 6 let sed\u011bt a bude k ni\u010demu? Bude jen poslouchat stranick\u00fd sekretari\u00e1t a pl\u00e1cat nesmysln\u00e9 fr\u00e1ze podle toho co mu veden\u00ed \u0159ekne?<\/p>\n<p>Sen\u00e1torem m\u00e1 b\u00fdt ten, kter\u00fd konvenuje voli\u010d\u016fm, kter\u00fd otev\u00edr\u00e1 aktu\u00e1ln\u00ed t\u00e9mata, neboj\u00ed se j\u00edt do sporu s mainstream medii. \u017d\u00e1dn\u00fd stranick\u00fd sekretari\u00e1t nen\u00ed d\u016fle\u017eit\u011bj\u0161\u00ed, ne\u017e ob\u010dan\u00e9 tohoto st\u00e1tu! \u017d\u00e1dn\u00fd stranick\u00fd z\u00e1jem nen\u00ed d\u016fle\u017eit\u011bj\u0161\u00ed! D\u016fle\u017eit\u00ed jsou ob\u010dan\u00e9! ODS m\u011bla oslovit Ladislava Jakla, ale rad\u0161i oslovila herce, kter\u00fd jen \u017eovi\u00e1ln\u011b \u017evan\u00ed a hraje si na mor\u00e1ln\u00edho arbitra\u2026<\/p>\n<p>Pokud si jak\u00e1koliv strana mysl\u00ed, \u017ee je v\u00edc ne\u017e ob\u010dan\u00e9 zem\u011b ve kter\u00e9 se uch\u00e1z\u00ed o jejich hlasy, pak je to partaj fale\u0161n\u00e1 a pr\u00e1zdn\u00e1 a k ni\u010demu! Takovou se stala dne\u0161n\u00ed ODS\u2026<\/p>\n<p>Budu volit Ladislava Jakla do sen\u00e1tu, proto\u017ee m\u00e1 moji d\u016fv\u011bru, v\u00edm \u017ee jeho postoje jsou jasn\u00e9 a \u017ee je nezrad\u00ed\u2026Na herce si zajdu do divadla, kdy\u017e na to budu m\u00edt n\u00e1ladu\u2026( a sorry Kratina opravdu nen\u00ed Reagan).<\/p>\n<div><a href=\"https:\/\/www.ladislavjakl.cz\/wp-admin\/post-new.php\">Zdroj<\/a><\/div>\n","protected":false},"excerpt":{"rendered":"<p>\u010clen ODS V\u00e1clav Klaus junior podpo\u0159il nestran\u00edka Ladislava Jakla na kandid\u00e1tce SPD do sen\u00e1tu, proti kandid\u00e1tovi vlastn\u00ed strany herci Vladim\u00edru Kratinovi a je ohe\u0148 na st\u0159e\u0161e! Ud\u011blal, ale spr\u00e1vnou v\u011bc\u2026<\/p>\n","protected":false},"author":1,"featured_media":0,"comment_status":"open","ping_status":"open","sticky":false,"template":"","format":"standard","meta":{"ngg_post_thumbnail":0,"footnotes":""},"categories":[11],"tags":[],"class_list":["post-9128","post","type-post","status-publish","format-standard","hentry","category-ozvena"],"_links":{"self":[{"href":"https:\/\/www.ladislavjakl.cz\/index.php?rest_route=\/wp\/v2\/posts\/9128","targetHints":{"allow":["GET"]}}],"collection":[{"href":"https:\/\/www.ladislavjakl.cz\/index.php?rest_route=\/wp\/v2\/posts"}],"about":[{"href":"https:\/\/www.ladislavjakl.cz\/index.php?rest_route=\/wp\/v2\/types\/post"}],"author":[{"embeddable":true,"href":"https:\/\/www.ladislavjakl.cz\/index.php?rest_route=\/wp\/v2\/users\/1"}],"replies":[{"embeddable":true,"href":"https:\/\/www.ladislavjakl.cz\/index.php?rest_route=%2Fwp%2Fv2%2Fcomments&post=9128"}],"version-history":[{"count":1,"href":"https:\/\/www.ladislavjakl.cz\/index.php?rest_route=\/wp\/v2\/posts\/9128\/revisions"}],"predecessor-version":[{"id":9129,"href":"https:\/\/www.ladislavjakl.cz\/index.php?rest_route=\/wp\/v2\/posts\/9128\/revisions\/9129"}],"wp:attachment":[{"href":"https:\/\/www.ladislavjakl.cz\/index.php?rest_route=%2Fwp%2Fv2%2Fmedia&parent=9128"}],"wp:term":[{"taxonomy":"category","embeddable":true,"href":"https:\/\/www.ladislavjakl.cz\/index.php?rest_route=%2Fwp%2Fv2%2Fcategories&post=9128"},{"taxonomy":"post_tag","embeddable":true,"href":"https:\/\/www.ladislavjakl.cz\/index.php?rest_route=%2Fwp%2Fv2%2Ftags&post=9128"}],"curies":[{"name":"wp","href":"https:\/\/api.w.org\/{rel}","templated":true}]}}