{"id":9130,"date":"2018-08-23T11:15:27","date_gmt":"2018-08-23T09:15:27","guid":{"rendered":"http:\/\/www.ladislavjakl.cz\/?p=9130"},"modified":"2018-08-23T11:15:27","modified_gmt":"2018-08-23T09:15:27","slug":"bendl-nohama-stira-rosu-na-kolejich-i-klause-ml-bude-rebel-z-ods-po-skole","status":"publish","type":"post","link":"https:\/\/www.ladislavjakl.cz\/?p=9130","title":{"rendered":"Bendl nohama st\u00edr\u00e1 rosu na kolej\u00edch i Klause ml.: Bude rebel z ODS po \u0161kole?"},"content":{"rendered":"<p>&gt;Zasel v\u00edtr, sklidil bou\u0159il. P\u0159ekvapen\u00fd ale poslanec V\u00e1clav Klaus mlad\u0161\u00ed (ODS) jist\u011b nen\u00ed. Ve\u0159ejn\u00e1 podpora Ladislava Jakla, kter\u00fd za SPD Tomia Okamura kandiduje do Sen\u00e1tu, na \u0161pi\u010dky ODS zafungovala jako rud\u00fd \u201elajntuch\u201c na b\u00fdka. Do t\u00fddne se m\u00e1 veden\u00ed strany rozhodnout, co s n\u00edm. \u201eA\u0165 zv\u00e1\u017e\u00ed svoje setrv\u00e1n\u00ed,\u201c \u0159\u00edk\u00e1 exministr zem\u011bd\u011blstv\u00ed a b\u00fdval\u00fd m\u00edstop\u0159edseda strany Petr Bendl.<\/p>\n<p><!--more--><br \/>\nU\u017e u\u017e to vypadalo, \u017ee se&nbsp;<a class=\"text-link\" href=\"https:\/\/www.expres.cz\/ods-cke-\/zpravy.aspx?klic=959927\" target=\"_blank\" rel=\"noopener\">ODS<\/a>&nbsp;znovu nadechla a jej\u00ed cest\u011b na vrchol voli\u010dsk\u00fdch preferenc\u00ed nic nebr\u00e1n\u00ed. Jen\u017ee to by ve t\u0159\u00edd\u011b pln\u00e9 piln\u00fdch a poslu\u0161n\u00fdch \u017e\u00e1\u010dk\u016f nesm\u011bl b\u00fdt takov\u00fd kverulant jako&nbsp;<a class=\"text-link\" href=\"https:\/\/www.expres.cz\/vaclav-klaus-mladsi-04g-\/zpravy.aspx?klic=956481\" target=\"_blank\" rel=\"noopener\">V\u00e1clav Klaus mlad\u0161\u00ed<\/a>.&nbsp;<b>Pozn\u00e1mek ve stranick\u00e9&nbsp;\u201e\u017e\u00e1kajd\u011b\u201c m\u00e1 jako m\u00e1ku a co se jeho chov\u00e1n\u00ed t\u00fd\u010de, i pov\u011bstn\u00fd \u0159eznick\u00fd pes by zbledl z\u00e1vist\u00ed&#8230;&nbsp;<\/b>Tolik alespo\u0148 aktu\u00e1ln\u00ed z\u00e1pis z klasifika\u010dn\u00ed porady.<\/p>\n<p>Podpora kandid\u00e1ta SPD&nbsp;<a class=\"text-link\" href=\"https:\/\/www.expres.cz\/ladislav-jakl-00u-\/zpravy.aspx?klic=956518\" target=\"_blank\" rel=\"noopener\">Ladislava Jakla<\/a>, kter\u00fd jde v&nbsp;<a class=\"text-link\" href=\"https:\/\/www.expres.cz\/senat-caj-\/archiv.aspx?klic=956432\" target=\"_blank\" rel=\"noopener\">sen\u00e1tn\u00edch<\/a>volb\u00e1ch proti kandid\u00e1tovi&nbsp;<a class=\"text-link\" href=\"https:\/\/www.expres.cz\/ods-cke-\/zpravy.aspx?klic=959927\" target=\"_blank\" rel=\"noopener\">ODS<\/a>, herci&nbsp;<a class=\"text-link\" href=\"https:\/\/www.expres.cz\/vladimir-kratina-0ec-\/celebrity.aspx?klic=958925\" target=\"_blank\" rel=\"noopener\">Vladim\u00edru Kratinovi<\/a>, byla posledn\u00ed kapkou.&nbsp;<\/p>\n<p><i><b>\u201eNen\u00ed \u017e\u00e1dn\u00fdm tajemstv\u00edm, \u017ee V\u00e1clav Klaus mlad\u0161\u00ed ne v\u017edy reprezentuje n\u00e1zory ODS. Nejviditeln\u011bj\u0161\u00ed to bylo p\u0159i snaze dohodnout se na koalici s Andrejem Babi\u0161em nebo p\u0159i nekolegialit\u011b v\u016f\u010di Mirce N\u011bmcov\u00e9,\u201c<\/b><\/i>&nbsp;rozohnil se b\u00fdval\u00fd ministr zem\u011bd\u011blstv\u00ed&nbsp;<a class=\"text-link\" href=\"https:\/\/www.expres.cz\/ods-cke-\/zpravy.aspx?klic=959927\" target=\"_blank\" rel=\"noopener\">Petr Bendl<\/a>, kter\u00fd na \u010das odlo\u017eil&nbsp;\u201esladk\u00e9 d\u0159evo\u201c a zp\u011bvn\u00edk J\u00e1, p\u00edsni\u010dka a vplul op\u011bt do politick\u00e9ho stejnokroje.<\/p>\n<p><i><b>\u201eM\u011bl by zv\u00e1\u017eit, jestli jeho p\u016fsoben\u00ed je vz\u00e1jemn\u011b prosp\u011b\u0161n\u00e9 a nebylo by lep\u0161\u00ed ODS opustit,\u201c<\/b><\/i>&nbsp;dodal n\u011bkdej\u0161\u00ed m\u00edstop\u0159edseda Bendl, kter\u00fd na\u0161el zast\u00e1n\u00ed i u n\u011bkter\u00fdch koleg\u016f.&nbsp;<\/p>\n<p><b>To Miroslava N\u011bmcov\u00e1 se zat\u00edm nechce moc vyjad\u0159ovat a po\u010dk\u00e1, co na to veden\u00ed strany<\/b>. Pak jist\u011b zaujme o to d\u016frazn\u011bj\u0161\u00ed a pat\u0159i\u010dn\u011b so\u0161n\u00e9 stanovisko s viz\u00ed a mor\u00e1ln\u00edm p\u0159esahem. P\u0159edseda&nbsp;<a class=\"text-link\" href=\"https:\/\/www.expres.cz\/ods-cke-\/zpravy.aspx?klic=959927\" target=\"_blank\" rel=\"noopener\">ODS<\/a>&nbsp;Petr Fiala m\u00e1 na rozhodnut\u00ed t\u00fdden, zat\u00edm v\u00fdznamn\u011b ml\u010d\u00ed. Je docela s podivem, \u017ee strana, kter\u00e1 by velmi r\u00e1da vystoupala na politick\u00fd vrchol, si nev\u00ed rady s jedn\u00edm&nbsp;\u201enezvedencem\u201c.&nbsp;<\/p>\n<p>A jak to tak v podobn\u00fdch situac\u00edch b\u00fdv\u00e1, ostatn\u00ed partaje jsou r\u00e1dy, \u017ee u nich je tentokr\u00e1t klid. Ne nadarmo se \u0159\u00edk\u00e1, kdy\u017e se dva perou, t\u0159et\u00ed se sm\u011bje.&nbsp;<b>A v tomto p\u0159\u00edpad\u011b je vysm\u00e1t\u00fdch mnohem v\u00edc&#8230;<\/b><\/p>\n<p><a href=\"https:\/\/www.expres.cz\/vaclav-klaus-mladsi-petr-bendl-ods-vyhazov-fj8-\/zpravy.aspx?c=A180816_132117_dx-zpravy_vlt\">Zdroj<\/a><\/p>\n","protected":false},"excerpt":{"rendered":"<p>&gt;Zasel v\u00edtr, sklidil bou\u0159il. P\u0159ekvapen\u00fd ale poslanec V\u00e1clav Klaus mlad\u0161\u00ed (ODS) jist\u011b nen\u00ed. Ve\u0159ejn\u00e1 podpora Ladislava Jakla, kter\u00fd za SPD Tomia Okamura kandiduje do Sen\u00e1tu, na \u0161pi\u010dky ODS zafungovala jako rud\u00fd \u201elajntuch\u201c na b\u00fdka. Do t\u00fddne se m\u00e1 veden\u00ed strany rozhodnout, co s n\u00edm. \u201eA\u0165 zv\u00e1\u017e\u00ed svoje setrv\u00e1n\u00ed,\u201c \u0159\u00edk\u00e1 exministr zem\u011bd\u011blstv\u00ed a b\u00fdval\u00fd m\u00edstop\u0159edseda strany [&hellip;]<\/p>\n","protected":false},"author":1,"featured_media":0,"comment_status":"open","ping_status":"open","sticky":false,"template":"","format":"standard","meta":{"ngg_post_thumbnail":0,"footnotes":""},"categories":[11],"tags":[],"class_list":["post-9130","post","type-post","status-publish","format-standard","hentry","category-ozvena"],"_links":{"self":[{"href":"https:\/\/www.ladislavjakl.cz\/index.php?rest_route=\/wp\/v2\/posts\/9130","targetHints":{"allow":["GET"]}}],"collection":[{"href":"https:\/\/www.ladislavjakl.cz\/index.php?rest_route=\/wp\/v2\/posts"}],"about":[{"href":"https:\/\/www.ladislavjakl.cz\/index.php?rest_route=\/wp\/v2\/types\/post"}],"author":[{"embeddable":true,"href":"https:\/\/www.ladislavjakl.cz\/index.php?rest_route=\/wp\/v2\/users\/1"}],"replies":[{"embeddable":true,"href":"https:\/\/www.ladislavjakl.cz\/index.php?rest_route=%2Fwp%2Fv2%2Fcomments&post=9130"}],"version-history":[{"count":1,"href":"https:\/\/www.ladislavjakl.cz\/index.php?rest_route=\/wp\/v2\/posts\/9130\/revisions"}],"predecessor-version":[{"id":9131,"href":"https:\/\/www.ladislavjakl.cz\/index.php?rest_route=\/wp\/v2\/posts\/9130\/revisions\/9131"}],"wp:attachment":[{"href":"https:\/\/www.ladislavjakl.cz\/index.php?rest_route=%2Fwp%2Fv2%2Fmedia&parent=9130"}],"wp:term":[{"taxonomy":"category","embeddable":true,"href":"https:\/\/www.ladislavjakl.cz\/index.php?rest_route=%2Fwp%2Fv2%2Fcategories&post=9130"},{"taxonomy":"post_tag","embeddable":true,"href":"https:\/\/www.ladislavjakl.cz\/index.php?rest_route=%2Fwp%2Fv2%2Ftags&post=9130"}],"curies":[{"name":"wp","href":"https:\/\/api.w.org\/{rel}","templated":true}]}}