{"id":9132,"date":"2018-08-23T11:16:57","date_gmt":"2018-08-23T09:16:57","guid":{"rendered":"http:\/\/www.ladislavjakl.cz\/?p=9132"},"modified":"2018-08-23T11:16:57","modified_gmt":"2018-08-23T09:16:57","slug":"ladislav-jakl-vysvetluje-kandidaturu-za-spd-ods-proti-migraci-nebojuje-vladne-tam-eurohujerstvi-a-babisovi-neverim-nic-ten-nas-klidne-proda","status":"publish","type":"post","link":"https:\/\/www.ladislavjakl.cz\/?p=9132","title":{"rendered":"Ladislav Jakl vysv\u011btluje kandidaturu za SPD: ODS proti migraci nebojuje, vl\u00e1dne tam eurohujerstv\u00ed. A Babi\u0161ovi nev\u011b\u0159\u00edm nic, ten n\u00e1s klidn\u011b prod\u00e1"},"content":{"rendered":"<p>N\u011bkdej\u0161\u00ed spolupracovn\u00edk exprezidenta V\u00e1clava Klause Ladislav Jakl se rozhodl vstoupit do Sen\u00e1tu. Ale ne za ODS, jak by mo\u017en\u00e1 n\u011bkte\u0159\u00ed \u010dekali, ale za hnut\u00ed Svoboda a p\u0159\u00edm\u00e1 demokracie Tomia Okamury (SPD). Podpo\u0159ili ho v tom jak V\u00e1clav Klaus star\u0161\u00ed, tak V\u00e1clav Klaus mlad\u0161\u00ed. Jakl se rozhodl d\u016fkladn\u011b vysv\u011btlit, pro\u010d kandiduje pr\u00e1v\u011b za Okamuru. Tak\u00e9 se je\u0161t\u011b jednou vr\u00e1til ke slovn\u00ed p\u0159est\u0159elce s profesorem z bostonsk\u00e9 univerzity Igorem Luke\u0161em.<\/p>\n<p><!--more--><\/p>\n<p>Kdy\u017e se p\u0159ed m\u011bs\u00edcem utkali p\u0159ed televizn\u00edmi kamerami profesor Igor Luke\u0161 a Ladislav Jakl, vzbudilo to pozornost. Debatovali o politice 45. prezidenta USA Donalda Trumpa. Zat\u00edmco Jakl Trumpa h\u00e1jil za to, \u017ee jednal se severokorejsk\u00fdm v\u016fdcem Kim \u010cong-unem a \u017ee to dok\u00e1zal vytmavit partner\u016fm v NATO i ve skupin\u011b G7, Luke\u0161 oponoval, \u017ee to, co Trump p\u0159edv\u00e1d\u00ed v politice, nelze nazvat jinak ne\u017e zlem.<\/p>\n<p>Jakl v\u0161ak d\u00e1l Trumpa h\u00e1jil a Luke\u0161ovi v jednu chv\u00edli ujely nervy. Vy\u010detl Jaklovi, \u017ee zpochyb\u0148uje varov\u00e1n\u00ed seri\u00f3zn\u00edch lid\u00ed a pou\u017e\u00edv\u00e1 argumenty, kter\u00e9 se podobaj\u00ed propagand\u011b Kremlu. Nakonec Jaklovi vy\u010detl dokonce i jeho dlouh\u00e9 vlasy. Podle Jakla to jen dokazuje, \u017ee Luke\u0161 a jemu podobn\u00ed akademici \u017eij\u00ed v uzav\u0159en\u00e9m sv\u011bt\u011b.<\/p>\n<div>&nbsp;\u201eNo, a pak nezvl\u00e1dl ohromn\u00e9 p\u0159ekvapen\u00ed, \u017ee byl konfrontov\u00e1n \u010dlov\u011bkem, kter\u00fd politiku Donalda Trumpa podporuje. Pan Luke\u0161 a jemu podobn\u00ed \u017eij\u00ed v uzav\u0159enosti akademick\u00fdch kruh\u016f a sv\u00e9ho okol\u00ed a \u017e\u00e1dn\u00e9 takov\u00e9 lidi neznaj\u00ed. Nutn\u011b si mysl\u00ed, \u017ee takov\u00ed lid\u00e9 mus\u00ed b\u00fdt bu\u010f zl\u00ed, nebo hloup\u00ed. On si je zjevn\u011b p\u0159edstavuje jako n\u011bjak\u00e9 slizk\u00e9 \u010dervy, nebo hejkaly z poh\u00e1dek. Tak\u017ee byl p\u0159ekvapen, konsternov\u00e1n, nebyl to schopen str\u00e1vit. Proto ta jeho emotivn\u00ed reakce. Nejsem z cukru, p\u0159i t\u00e9 debat\u011b jsem nereagoval jedin\u00fdm slovem, byla to pro m\u011b sp\u00ed\u0161 sranda,&#8220; poznamenal Jakl v rozhovoru pro server iDnes.cz.<\/div>\n<p>Kdy\u017e do\u0161lo na Jaklovu kandidaturu do Sen\u00e1tu, mo\u017en\u00fd budouc\u00ed \u010dlen horn\u00ed komory vysv\u011btlil, \u017ee v tuto chv\u00edli pova\u017euje za nejv\u011bt\u0161\u00ed hrozby migraci a centr\u00e1ln\u00ed \u0159\u00edzen\u00ed z Bruselu. A na tyto hrozby podle Jakla nejd\u016frazn\u011bji poukazuje Tomio Okamura se sv\u00fdm hnut\u00edm. \u201eMysl\u00edm, \u017ee v \u010dase se hierarchie na\u0161ich priorit m\u011bn\u00ed. Pro m\u011b aktu\u00e1ln\u011b t\u00e9m\u011b\u0159 v\u0161e p\u0159ekr\u00fdvaj\u00ed ot\u00e1zky bruselsk\u00e9 centralizace a masov\u011b \u0159\u00edzen\u00e9 migrace. U\u017e d\u0159\u00edve jsem \u0159ekl, \u017ee na referendu o odchodu z EU bych byl ochoten spolupracovat s kdek\u00fdm,&#8220; zd\u016fraznil.<\/p>\n<p>\u201eM\u00e1m pocit, \u017ee v t\u011bchto t\u00e9matech je SPD nejsrozumiteln\u011bj\u0161\u00ed, nejd\u016fsledn\u011bj\u0161\u00ed a nejv\u00fdrazn\u011bj\u0161\u00ed. Samoz\u0159ejm\u011b, \u017ee mezi n\u00e1mi existuj\u00ed z\u00e1sadn\u00ed a podstatn\u00e9 rozd\u00edly. Ale pro\u010d v moment\u011b, kdy se o nich zrovna nerozhoduje, \u010dinit p\u0159\u00edkopy i v t\u00e9matech, kde si rozum\u00edme a m\u016f\u017eeme spolu efektivn\u011b spolupracovat. Ostatn\u00ed v\u011bci prost\u011b tolik ne\u0159e\u0161\u00edm. Fanou\u0161ci Sparty a Slavie spolu asi tak\u00e9 nikdy nebudou nijak zvl\u00e1\u0161\u0165 vych\u00e1zet, ale kdy\u017e jim n\u011bkdo zven\u010d\u00ed bude cht\u00edt ukr\u00e1st h\u0159i\u0161t\u011b, asi se tak\u00e9 domluv\u00ed na n\u011bjak\u00e9 spolupr\u00e1ci. Aby si to h\u0159i\u0161t\u011b vzali zp\u011bt a na n\u011bm si to mezi sebou mohli rozdat,&#8220; pokra\u010doval.<\/p>\n<p>Pro Jakla je natolik d\u016fle\u017eit\u00e9 \u201euh\u00e1jit h\u0159i\u0161t\u011b&#8220;, \u017ee je ochoten spojit se t\u0159eba i s Okamurou. I kdy\u017e to znamen\u00e1, \u017ee za to bude \u010delit kritice. Podobn\u011b to podle Jakla mo\u017en\u00e1 vid\u00ed i exprezident Klaus a proto Jakla v jeho po\u010d\u00edn\u00e1n\u00ed podpo\u0159il.<\/p>\n<p>Ale pro\u010d se Jakl nespojil s n\u011bk\u00fdm jin\u00fdm, t\u0159eba s Andrejem Babi\u0161em (ANO), kter\u00fd \u0159\u00edk\u00e1, \u017ee do zem\u011b nep\u0159ijme ani jedin\u00e9ho migranta? Nebo s ODS, jej\u00ed\u017e n\u011bkte\u0159\u00ed \u010dlenov\u00e9 jsou k EU siln\u011b kriti\u010dt\u00ed?<\/p>\n<p>\u201eZaprv\u00e9, ODS v\u016fbec nebojuje proti migraci, to je takov\u00fd m\u00edrn\u00fd pokrok v mez\u00edch z\u00e1kona. Jejich eurohujerstv\u00ed je takov\u00e9, \u017ee p\u0159ekr\u00fdv\u00e1 \u00fapln\u011b v\u0161echno. Je to odpor jen proto, aby nep\u0159i\u0161li o \u010d\u00e1st sv\u00e9ho elektor\u00e1tu. Co se t\u00fdk\u00e1 Babi\u0161e, tomu j\u00e1 v t\u00e9to v\u011bci nev\u011b\u0159\u00edm skoro nic. Je \u010dlov\u011bkem, kter\u00fd velmi dob\u0159e vn\u00edm\u00e1 atmosf\u00e9ru ve spole\u010dnosti a v\u00ed, \u017ee lid\u00e9 maj\u00ed opr\u00e1vn\u011bn\u00e9 obavy. Ale v\u017edy bude d\u011blat, co je pro n\u011bj v\u00fdhodn\u00e9. Kdy\u017e mu ale n\u011bkdo z mocn\u00fdch zahrani\u010dn\u00edch koleg\u016f vysv\u011btl\u00ed, \u017ee by na tento postoj mohl doplatit nap\u0159\u00edklad ve sv\u00fdch obchodn\u00edch z\u00e1jmech, tak jsem p\u0159esv\u011bd\u010den, \u017ee je klidn\u011b schopen oto\u010dit. Neoto\u010d\u00ed pouze v p\u0159\u00edpad\u011b, kdy bude c\u00edtit tlak zevnit\u0159 \u2013 od n\u00e1s. Pokud by ten tlak nebyl dostate\u010dn\u011b hroziv\u00fd, tak mysl\u00edm, \u017ee n\u00e1s prod\u00e1,&#8220; vyp\u00e1lil Jakl.<\/p>\n<p><a href=\"https:\/\/www.parlamentnilisty.cz\/arena\/monitor\/Ladislav-Jakl-vysvetluje-kandidaturu-za-SPD-ODS-proti-migraci-nebojuje-vladne-tam-eurohujerstvi-A-Babisovi-neverim-nic-ten-nas-klidne-proda-547977\">Zdroj<\/a><\/p>\n","protected":false},"excerpt":{"rendered":"<p>N\u011bkdej\u0161\u00ed spolupracovn\u00edk exprezidenta V\u00e1clava Klause Ladislav Jakl se rozhodl vstoupit do Sen\u00e1tu. Ale ne za ODS, jak by mo\u017en\u00e1 n\u011bkte\u0159\u00ed \u010dekali, ale za hnut\u00ed Svoboda a p\u0159\u00edm\u00e1 demokracie Tomia Okamury (SPD). Podpo\u0159ili ho v tom jak V\u00e1clav Klaus star\u0161\u00ed, tak V\u00e1clav Klaus mlad\u0161\u00ed. Jakl se rozhodl d\u016fkladn\u011b vysv\u011btlit, pro\u010d kandiduje pr\u00e1v\u011b za Okamuru. Tak\u00e9 se [&hellip;]<\/p>\n","protected":false},"author":1,"featured_media":0,"comment_status":"open","ping_status":"open","sticky":false,"template":"","format":"standard","meta":{"ngg_post_thumbnail":0,"footnotes":""},"categories":[11],"tags":[],"class_list":["post-9132","post","type-post","status-publish","format-standard","hentry","category-ozvena"],"_links":{"self":[{"href":"https:\/\/www.ladislavjakl.cz\/index.php?rest_route=\/wp\/v2\/posts\/9132","targetHints":{"allow":["GET"]}}],"collection":[{"href":"https:\/\/www.ladislavjakl.cz\/index.php?rest_route=\/wp\/v2\/posts"}],"about":[{"href":"https:\/\/www.ladislavjakl.cz\/index.php?rest_route=\/wp\/v2\/types\/post"}],"author":[{"embeddable":true,"href":"https:\/\/www.ladislavjakl.cz\/index.php?rest_route=\/wp\/v2\/users\/1"}],"replies":[{"embeddable":true,"href":"https:\/\/www.ladislavjakl.cz\/index.php?rest_route=%2Fwp%2Fv2%2Fcomments&post=9132"}],"version-history":[{"count":1,"href":"https:\/\/www.ladislavjakl.cz\/index.php?rest_route=\/wp\/v2\/posts\/9132\/revisions"}],"predecessor-version":[{"id":9133,"href":"https:\/\/www.ladislavjakl.cz\/index.php?rest_route=\/wp\/v2\/posts\/9132\/revisions\/9133"}],"wp:attachment":[{"href":"https:\/\/www.ladislavjakl.cz\/index.php?rest_route=%2Fwp%2Fv2%2Fmedia&parent=9132"}],"wp:term":[{"taxonomy":"category","embeddable":true,"href":"https:\/\/www.ladislavjakl.cz\/index.php?rest_route=%2Fwp%2Fv2%2Fcategories&post=9132"},{"taxonomy":"post_tag","embeddable":true,"href":"https:\/\/www.ladislavjakl.cz\/index.php?rest_route=%2Fwp%2Fv2%2Ftags&post=9132"}],"curies":[{"name":"wp","href":"https:\/\/api.w.org\/{rel}","templated":true}]}}