{"id":9134,"date":"2018-08-23T11:20:45","date_gmt":"2018-08-23T09:20:45","guid":{"rendered":"http:\/\/www.ladislavjakl.cz\/?p=9134"},"modified":"2018-08-23T11:20:45","modified_gmt":"2018-08-23T09:20:45","slug":"komentar-kateriny-perknerove-vaclav-ml-potkal-tomia-a-pozrel-ho","status":"publish","type":"post","link":"https:\/\/www.ladislavjakl.cz\/?p=9134","title":{"rendered":"Koment\u00e1\u0159 Kate\u0159iny Perknerov\u00e9: V\u00e1clav ml. potkal Tomia. A poz\u0159el ho"},"content":{"rendered":"<p>Bojovat a um\u00edrat v&nbsp;ciz\u00edch zem\u00edch \u010de\u0161t\u00ed voj\u00e1ci mohou. M\u011blo by to m\u00edt ale n\u011bjak\u00fd jasn\u00fd d\u016fvod a c\u00edl. J\u00e1 ho v&nbsp;Afgh\u00e1nist\u00e1nu nevid\u00edm. Tyto v\u011bty napsal poslanec ODS V\u00e1clav Klaus ml. ve sv\u00e9m koment\u00e1\u0159i na Novink\u00e1ch.cz v&nbsp;dob\u011b, kdy se rodiny, arm\u00e1da a ob\u010dan\u00e9 lou\u010d\u00ed se t\u0159emi padl\u00fdmi \u00fa\u010dastn\u00edky vojensk\u00e9 mise v&nbsp;Bagr\u00e1mu. Vzbudily obrovsk\u00fd ohlas. V&nbsp;\u0159ad\u00e1ch politik\u016f negativn\u00ed, mezi obyvatelstvem r\u016fznorod\u00fd.<br \/>\n<!--more--><\/p>\n<p>Ost\u0159e se nap\u0159\u00edklad ozvala&nbsp;bezpe\u010dnostn\u00ed&nbsp;expertka a poslankyn\u011b ODS Jana \u010cernochov\u00e1: \u201eJe dob\u0159e, \u017ee je postoj ODS zcela odli\u0161n\u00fd od postoje V\u00e1clava Klause ml. Ned\u00e1vno byl potvrzen p\u0159i hlasov\u00e1n\u00ed o&nbsp;roz\u0161\u00ed\u0159en\u00ed operace v&nbsp;Afgh\u00e1nist\u00e1nu, o&nbsp;co\u017e n\u00e1s \u017e\u00e1dala Severoatlantick\u00e1 aliance, tedy hlavn\u00ed garant na\u0161\u00ed bezpe\u010dnosti.\u201c<span id=\"copylink\"><\/span><\/p>\n<p>Tato polemika, stejn\u011b jako \u010derstv\u00fd duel Ladislava Jakla a historika Igora Luke\u0161e v&nbsp;\u010cT na t\u00e9ma Donald Trump, dokazuje, na co nar\u00e1\u017e\u00ed mainstreamov\u00e1 politick\u00e1 i&nbsp;medi\u00e1ln\u00ed sc\u00e9na. V&nbsp;uveden\u00e9m p\u0159\u00edpad\u011b Jakl zd\u016fvod\u0148oval, pro\u010d je podle n\u011bj Trump \u00fasp\u011b\u0161n\u00fdm prezidentem, zat\u00edmco bostonsk\u00fd univerzitn\u00ed profesor Luke\u0161 \u0161okovan\u011b sd\u011blil, \u017ee je pod jeho \u00farove\u0148 polemizovat s&nbsp;n\u011bjak\u00fdm chl\u00e1pkem, kter\u00fd nos\u00ed ko\u0148sk\u00fd ohon. Trump (Zeman, Babi\u0161, Putin dosazujte dle libosti) je prost\u011b trag\u00e9die, a kdo to nech\u00e1pe, je mdl\u00e9ho rozumu. P\u0159esn\u011b tento typ argumentace je d\u016fvodem, pro\u010d se TOP 09&nbsp;dostala do sn\u011bmovny jen s&nbsp;od\u0159en\u00fdma u\u0161ima a nyn\u00ed se nach\u00e1z\u00ed pod hranic\u00ed volitelnosti. Se z\u00e1sadami to nem\u00e1 nic spole\u010dn\u00e9ho.<\/p>\n<h2 class=\"pseudo-h3\">Naslouchat lidu<\/h2>\n<p>Dev\u00edzou populistick\u00fdch a z\u00e1rove\u0148 inteligentn\u00edch politik\u016f je chytlav\u011b, jasn\u011b a bez p\u0159\u00edkras formulovat my\u0161lenky, kter\u00e9 v\u00ed\u0159\u00ed v&nbsp;hlav\u00e1ch v\u011bt\u0161inov\u00e9ho obyvatelstva. Tedy nikoli p\u0159e\u017ev\u00fdk\u00e1vat u\u010den\u00e9 hovory z&nbsp;akademick\u00fdch pracoven, ale naplno \u0159\u00edct to, o&nbsp;\u010dem by se profesor Petr Fiala b\u00e1l by\u0165 jen \u0161eptat.<span id=\"copylink\"><br \/>\n<\/span><\/p>\n<p>D\u016fle\u017eit\u00e9 je ov\u0161em nep\u0159ekro\u010dit tenkou hranici mezi je\u0161t\u011b p\u0159ijatelnou provokac\u00ed a u\u017e nestravitelnou ur\u00e1\u017ekou \u010di l\u017e\u00ed. A&nbsp;um\u011bt \u010d\u00edst v&nbsp;map\u00e1ch budouc\u00edho v\u00fdboje. Toto um\u011bn\u00ed zvl\u00e1dl Milo\u0161 Zeman, kter\u00fd i&nbsp;d\u00edky n\u011bmu dvakr\u00e1t zv\u00edt\u011bzil v&nbsp;prezidentsk\u00e9 volb\u011b. Na-opak se mu nikdy nenau\u010dil republik\u00e1n Miroslav Sl\u00e1dek a na propad\u00e1k to vypad\u00e1 i&nbsp;u&nbsp;l\u00eddra SPD Tomia Okamury. Je t\u0159eba p\u0159ipomenout, \u017ee Zeman jako prvn\u00ed zvedl migra\u010dn\u00ed tematiku a pojal ji agresivn\u011b odm\u00edtav\u011b. Co se p\u0159ed \u010dty\u0159mi roky zd\u00e1lo ne\u00fanosn\u00e9, je v&nbsp;sou\u010dasnosti v\u0161eobecn\u011b sd\u00edlen\u00fd model a st\u00e1tem prosazovan\u00e1 strategie.<\/p>\n<p>B\u00fdval\u00fd premi\u00e9r Ji\u0159\u00ed Paroubek v&nbsp;ned\u00e1vn\u00e9m rozhovoru pro Den\u00edk uvedl: \u201eLid\u00e9 se migrace boj\u00ed, mo\u017en\u00e1 trochu iracion\u00e1ln\u011b, ale sami od sebe se toho strachu nezbav\u00ed. Bu\u010f jim politik pom\u016f\u017ee, nebo, nen\u00ed-li toho schopen, mus\u00ed j\u00edt&nbsp;<a class=\"vvword\" href=\"https:\/\/d.vvbox.cz\/vv_show_url.php?idk=92203&amp;idc=6071162&amp;ids=407&amp;idp=86339&amp;url=http%3A%2F%2Fwww.letuska.cz%2F\" target=\"_blank\" rel=\"noopener\">cestou<\/a>, kterou lid\u00e9 j\u00edt cht\u011bj\u00ed.\u201c<\/p>\n<p>V\u011bt\u0161inov\u00e1 populace je obdobn\u011b ostra\u017eit\u00e1 v\u016f\u010di inkluzi, neziskov\u00fdm organizac\u00edm nebo rozp\u00ednavosti bruselsk\u00e9 byrokracie. To je h\u0159i\u0161t\u011b, na n\u011bm\u017e se V\u00e1clav Klaus ml. pohybuje s&nbsp;bravurou Cristiana Ronalda. J\u00edm navrhovan\u00e1 \u0159e\u0161en\u00ed jsou jednoduch\u00e1 (zru\u0161it, neplatit, odej\u00edt) a zcela srozumiteln\u00e1. O&nbsp;d\u016fsledc\u00edch \u010di n\u00e1kladech v\u011bt\u0161inou nehovo\u0159\u00ed. P\u0159esto, nebo pr\u00e1v\u011b proto, mu rostou \u0159ady p\u0159\u00edznivc\u016f.<span id=\"copylink\"><\/p>\n<p><\/span><\/p>\n<p>Politici ODS d\u011blaj\u00ed velkou chybu, kdy\u017e na Klause reaguj\u00ed roztrp\u010den\u00fdm brbl\u00e1n\u00edm nebo sd\u011blen\u00edm, \u017ee nejde o&nbsp;stanovisko strany. Pokud osobnostem jeho typu cht\u011bj\u00ed zabr\u00e1nit ve vzestupu na nejvy\u0161\u0161\u00ed vrchol, musej\u00ed m\u00edt po ruce p\u0159esv\u011bd\u010div\u00e9 protiargumenty. Podporujeme na\u0161i \u00fa\u010dast v&nbsp;Afgh\u00e1nist\u00e1nu, proto\u017ee to p\u0159in\u00e1\u0161\u00ed tyto a tyto nezpochybniteln\u00e9 bezpe\u010dnostn\u00ed z\u00e1ruky pro \u010desk\u00e9 ob\u010dany. Pokud nic podobn\u00e9ho \u0159\u00edct nemohou, prohraj\u00ed.<\/p>\n<h2 class=\"pseudo-h3\">Zrod kr\u00e1le?&nbsp;<\/h2>\n<p>V&nbsp;okurkov\u00e9 sezon\u011b se mo\u017en\u00e1 rod\u00ed cosi nov\u00e9ho. Okamurova SPD upad\u00e1, jej\u00ed \u010dlenov\u00e9 se h\u00e1daj\u00ed a pod\u00e1vaj\u00ed na \u0161\u00e9fa trestn\u00ed ozn\u00e1men\u00ed, ba dokonce usiluj\u00ed o&nbsp;zru\u0161en\u00ed strany. Z\u00e1rove\u0148 za SPD kandiduje b\u00fdval\u00fd politick\u00fd tajemn\u00edk prezidenta Klause Ladislav Jakl. S&nbsp;velmi podobn\u00fdmi n\u00e1zory, jak\u00e9 prezentuje Klaus junior. Mysl\u00edm, \u017ee je jen ot\u00e1zkou \u010dasu, kdy tento tandem p\u0159evezme elektor\u00e1t SPD, vzd\u00e1l\u00ed se ODS a nastoup\u00ed \u010deskou orb\u00e1novskou cestu. Z\u00e1sadn\u00ed ot\u00e1zka tedy zn\u00ed, kdo je bude n\u00e1sledovat a jak na jejich p\u0159\u00edmo\u010darou kritiku liber\u00e1ln\u00ed demokracie a evropsk\u00e9 integrace budou reagovat politici ANO a&nbsp;ODS.<span id=\"copylink\"><br \/>\n<a href=\"https:\/\/www.denik.cz\/komentare\/komentar-kateriny-perknerove-vaclav-ml-potkal-tomia-a-pozrel-ho-20180818.html\">Zdroj<\/a><\/span><\/p>\n<p>&nbsp;<\/p>\n","protected":false},"excerpt":{"rendered":"<p>Bojovat a um\u00edrat v&nbsp;ciz\u00edch zem\u00edch \u010de\u0161t\u00ed voj\u00e1ci mohou. M\u011blo by to m\u00edt ale n\u011bjak\u00fd jasn\u00fd d\u016fvod a c\u00edl. J\u00e1 ho v&nbsp;Afgh\u00e1nist\u00e1nu nevid\u00edm. Tyto v\u011bty napsal poslanec ODS V\u00e1clav Klaus ml. ve sv\u00e9m koment\u00e1\u0159i na Novink\u00e1ch.cz v&nbsp;dob\u011b, kdy se rodiny, arm\u00e1da a ob\u010dan\u00e9 lou\u010d\u00ed se t\u0159emi padl\u00fdmi \u00fa\u010dastn\u00edky vojensk\u00e9 mise v&nbsp;Bagr\u00e1mu. Vzbudily obrovsk\u00fd ohlas. V&nbsp;\u0159ad\u00e1ch politik\u016f [&hellip;]<\/p>\n","protected":false},"author":1,"featured_media":0,"comment_status":"open","ping_status":"open","sticky":false,"template":"","format":"standard","meta":{"ngg_post_thumbnail":0,"footnotes":""},"categories":[11],"tags":[],"class_list":["post-9134","post","type-post","status-publish","format-standard","hentry","category-ozvena"],"_links":{"self":[{"href":"https:\/\/www.ladislavjakl.cz\/index.php?rest_route=\/wp\/v2\/posts\/9134","targetHints":{"allow":["GET"]}}],"collection":[{"href":"https:\/\/www.ladislavjakl.cz\/index.php?rest_route=\/wp\/v2\/posts"}],"about":[{"href":"https:\/\/www.ladislavjakl.cz\/index.php?rest_route=\/wp\/v2\/types\/post"}],"author":[{"embeddable":true,"href":"https:\/\/www.ladislavjakl.cz\/index.php?rest_route=\/wp\/v2\/users\/1"}],"replies":[{"embeddable":true,"href":"https:\/\/www.ladislavjakl.cz\/index.php?rest_route=%2Fwp%2Fv2%2Fcomments&post=9134"}],"version-history":[{"count":1,"href":"https:\/\/www.ladislavjakl.cz\/index.php?rest_route=\/wp\/v2\/posts\/9134\/revisions"}],"predecessor-version":[{"id":9135,"href":"https:\/\/www.ladislavjakl.cz\/index.php?rest_route=\/wp\/v2\/posts\/9134\/revisions\/9135"}],"wp:attachment":[{"href":"https:\/\/www.ladislavjakl.cz\/index.php?rest_route=%2Fwp%2Fv2%2Fmedia&parent=9134"}],"wp:term":[{"taxonomy":"category","embeddable":true,"href":"https:\/\/www.ladislavjakl.cz\/index.php?rest_route=%2Fwp%2Fv2%2Fcategories&post=9134"},{"taxonomy":"post_tag","embeddable":true,"href":"https:\/\/www.ladislavjakl.cz\/index.php?rest_route=%2Fwp%2Fv2%2Ftags&post=9134"}],"curies":[{"name":"wp","href":"https:\/\/api.w.org\/{rel}","templated":true}]}}