{"id":9138,"date":"2018-08-23T11:24:01","date_gmt":"2018-08-23T09:24:01","guid":{"rendered":"http:\/\/www.ladislavjakl.cz\/?p=9138"},"modified":"2018-08-23T11:24:01","modified_gmt":"2018-08-23T09:24:01","slug":"l-jakl-pro-denik-metro-o-vyroci-srpnove-invaze","status":"publish","type":"post","link":"https:\/\/www.ladislavjakl.cz\/?p=9138","title":{"rendered":"L. Jakl pro den\u00edk Metro o v\u00fdro\u010d\u00ed srpnov\u00e9 invaze"},"content":{"rendered":"<p>V srpnu 1968 jsem m\u011bl pr\u00e1zdniny mezi druhou a t\u0159et\u00ed t\u0159\u00eddou z\u00e1kladn\u00ed \u0161koly. \u017dil jsem tehdy s rodi\u010di v Chebu. Jist\u011b\u017ee jsem m\u011bs\u00edce p\u0159ed srpnem i m\u011bs\u00edce po n\u011bm za\u017e\u00edval cel\u00e9 to spole\u010densk\u00e9 v\u0159en\u00ed, okresn\u00ed m\u011bsto velikosti Chebu to nemohlo minout. Pochopiteln\u011b jsem v tom v\u011bku moc nerozum\u011bl, o co jde, jen jsem v\u011bd\u011bl, \u017ee mezi sebou bojuje nov\u00e9 veden\u00ed st\u00e1tu, to byli ti hodn\u00ed, s konzervativci. Tak se \u0159\u00edkalo t\u011bm ze star\u00e9ho veden\u00ed, t\u011bm zl\u00fdm, co se cht\u011bli vr\u00e1tit do \u010dela.<\/p>\n<p><!--more-->Na samu invazi m\u00e1m vzpom\u00ednky odpov\u00eddaj\u00edc\u00ed tomu v\u011bku, t\u0159eba s kamar\u00e1dem Standou jsme si onehd\u00e1 vzali praky, \u017ee p\u016fjdeme st\u0159\u00edlet po helikopt\u00e9r\u00e1ch startuj\u00edc\u00edch za m\u011bstem. Pak jedna nad n\u00e1mi opravdu p\u0159el\u00e9tla, praky jsme zahodili a utekli do k\u0159ov\u00ed. Ale ne\u017e tyhle osobn\u00ed vzpom\u00ednky pova\u017euju za d\u016fle\u017eit\u00e9 n\u011bco jin\u00e9ho.<\/p>\n<p>I kdy\u017e po srpnov\u00e9 invazi je\u0161t\u011b mnoho m\u011bs\u00edc\u016f z\u016fstala cel\u00e1 zem ve stejn\u00e9m revolu\u010dn\u00edm kvasu, svoboda slova nebyla je\u0161t\u011b dlouho nijak dot\u010dena a normalizace m\u011bla pl\u00ed\u017eiv\u011b p\u0159ij\u00edt a\u017e p\u0159\u00ed\u0161t\u00edm rokem, n\u011bco se v onen srpen zlomilo. Nejen ve mn\u011b, hodn\u011b lid\u00ed m\u00e9ho v\u011bku to podle m\u011b c\u00edtilo stejn\u011b.<\/p>\n<p>Do t\u00e9 doby jsem tak n\u011bjak samoz\u0159ejm\u011b p\u0159ij\u00edmal, \u017ee st\u00e1vaj\u00ed re\u017eim a jeho p\u0159edstavitel\u00e9, to v\u0161e je danost, pat\u0159\u00ed to do m\u00e9ho sv\u011bta a ten st\u00e1t je tak n\u011bjak prost\u011b m\u016fj. Od toho srpna u\u017e m\u016fj nebyl. Za\u010dal jsem ho vn\u00edmat jako syst\u00e9m v\u016f\u010di mn\u011b nep\u0159\u00e1telsk\u00fd, ciz\u00ed, nesamoz\u0159ejm\u00fd, vnucovan\u00fd. V\u010detn\u011b \u0161koly a u\u010ditel\u016f.<\/p>\n<p>A u\u017e za p\u00e1r let pot\u00e9 mi narostly dlouh\u00e9 vlasy, za\u010dal jsem p\u011bstovat svobodn\u00fd zp\u016fsob \u017eivota a Z\u00e1padem inspirovanou muziku a konfrontace s moc\u00ed byly ka\u017edodenn\u00ed realitou. U\u017e jsem to nebral jako nespravedlnost, jako k\u0159ivdu, ale jako nutn\u00fd konflikt j\u00e1 a oni. Neb\u00fdt srpna, mo\u017en\u00e1 bych ty konflikty bral s v\u00fd\u010ditkou: pro\u010d m\u011b melete, j\u00e1 proti v\u00e1m nic nem\u00e1m! Ale po srpnu jsem u\u017e v\u011bd\u011bl, \u017ee \u201eoni\u201c nejsou moji a j\u00e1 nejsem jejich. A \u201eoni\u201c to v\u011bd\u011bli taky.<\/p>\n<p>Tak\u017ee mi srpen vlastn\u011b otev\u0159el o\u010di. Navzdory tomu, \u017ee to byla jen epizoda boje mezi dv\u011bma k\u0159\u00eddly komunist\u016f. Byl v tom pro mne symbol odcizen\u00ed st\u00e1tu a z\u016fstal j\u00edm po cel\u00e1 70. a 80. l\u00e9ta.<\/p>\n","protected":false},"excerpt":{"rendered":"<p>V srpnu 1968 jsem m\u011bl pr\u00e1zdniny mezi druhou a t\u0159et\u00ed t\u0159\u00eddou z\u00e1kladn\u00ed \u0161koly. \u017dil jsem tehdy s rodi\u010di v Chebu. Jist\u011b\u017ee jsem m\u011bs\u00edce p\u0159ed srpnem i m\u011bs\u00edce po n\u011bm za\u017e\u00edval cel\u00e9 to spole\u010densk\u00e9 v\u0159en\u00ed, okresn\u00ed m\u011bsto velikosti Chebu to nemohlo minout. Pochopiteln\u011b jsem v tom v\u011bku moc nerozum\u011bl, o co jde, jen jsem v\u011bd\u011bl, \u017ee [&hellip;]<\/p>\n","protected":false},"author":1,"featured_media":0,"comment_status":"open","ping_status":"open","sticky":false,"template":"","format":"standard","meta":{"ngg_post_thumbnail":0,"footnotes":""},"categories":[22,1],"tags":[],"class_list":["post-9138","post","type-post","status-publish","format-standard","hentry","category-jakl-senator","category-publikovane-clanky"],"_links":{"self":[{"href":"https:\/\/www.ladislavjakl.cz\/index.php?rest_route=\/wp\/v2\/posts\/9138","targetHints":{"allow":["GET"]}}],"collection":[{"href":"https:\/\/www.ladislavjakl.cz\/index.php?rest_route=\/wp\/v2\/posts"}],"about":[{"href":"https:\/\/www.ladislavjakl.cz\/index.php?rest_route=\/wp\/v2\/types\/post"}],"author":[{"embeddable":true,"href":"https:\/\/www.ladislavjakl.cz\/index.php?rest_route=\/wp\/v2\/users\/1"}],"replies":[{"embeddable":true,"href":"https:\/\/www.ladislavjakl.cz\/index.php?rest_route=%2Fwp%2Fv2%2Fcomments&post=9138"}],"version-history":[{"count":1,"href":"https:\/\/www.ladislavjakl.cz\/index.php?rest_route=\/wp\/v2\/posts\/9138\/revisions"}],"predecessor-version":[{"id":9139,"href":"https:\/\/www.ladislavjakl.cz\/index.php?rest_route=\/wp\/v2\/posts\/9138\/revisions\/9139"}],"wp:attachment":[{"href":"https:\/\/www.ladislavjakl.cz\/index.php?rest_route=%2Fwp%2Fv2%2Fmedia&parent=9138"}],"wp:term":[{"taxonomy":"category","embeddable":true,"href":"https:\/\/www.ladislavjakl.cz\/index.php?rest_route=%2Fwp%2Fv2%2Fcategories&post=9138"},{"taxonomy":"post_tag","embeddable":true,"href":"https:\/\/www.ladislavjakl.cz\/index.php?rest_route=%2Fwp%2Fv2%2Ftags&post=9138"}],"curies":[{"name":"wp","href":"https:\/\/api.w.org\/{rel}","templated":true}]}}