{"id":914,"date":"2011-04-15T09:14:38","date_gmt":"2011-04-15T08:14:38","guid":{"rendered":"http:\/\/www.ladislavjakl.cz\/?p=914"},"modified":"2011-04-15T09:14:38","modified_gmt":"2011-04-15T08:14:38","slug":"jakl-jak-mohou-byt-vv-na-sebe-tak-zle","status":"publish","type":"post","link":"https:\/\/www.ladislavjakl.cz\/?p=914","title":{"rendered":"Jakl: Jak mohou b\u00fdt VV na sebe tak zl\u00e9"},"content":{"rendered":"<p>Prezidentova tajemn\u00edka Ladislava Jakla krize kolem V\u011bc\u00ed ve\u0159ejn\u00fdch nep\u0159ekvapuje.<\/p>\n<p><!--more-->\u201eTa strana na m\u011b nep\u016fsobila jako politick\u00e1, sp\u00ed\u0161e jako jednor\u00e1zov\u00fd podnikatelsk\u00fd projekt, od kter\u00e9ho jsem si osobn\u011b n\u011bjakou velkou stabilitu a perspektivu nesliboval,\u201c \u0159ekl v\u010dera v \u010cT Jakl. Co jej p\u0159ekvapuje, je ale \u201elidsk\u00e1 str\u00e1nka v\u011bci\u201c. \u201eJak lid\u00e9, kte\u0159\u00ed se z\u0159ejm\u011b dob\u0159e znaj\u00ed, kte\u0159\u00ed n\u011bjakou dobu spolupracovali, mohou b\u00fdt na sebe takhle zl\u00ed. To m\u011b zar\u00e1\u017e\u00ed,\u201c dodal Jakl s t\u00edm, \u017ee se neum\u00ed vc\u00edtit a v\u017e\u00edt do t\u00e9to situace a nerozum\u00ed, \u010d\u00edm m\u016f\u017ee b\u00fdt zp\u016fsobena.<\/p>\n<p><a href=\"http:\/\/www.ceska-media.cz\/article.html?id=377716\" target=\"_blank\">Zdroj<\/a><\/p>\n","protected":false},"excerpt":{"rendered":"<p>Prezidentova tajemn\u00edka Ladislava Jakla krize kolem V\u011bc\u00ed ve\u0159ejn\u00fdch nep\u0159ekvapuje.<\/p>\n","protected":false},"author":1,"featured_media":0,"comment_status":"open","ping_status":"open","sticky":false,"template":"","format":"standard","meta":{"ngg_post_thumbnail":0,"footnotes":""},"categories":[11],"tags":[],"class_list":["post-914","post","type-post","status-publish","format-standard","hentry","category-ozvena"],"_links":{"self":[{"href":"https:\/\/www.ladislavjakl.cz\/index.php?rest_route=\/wp\/v2\/posts\/914","targetHints":{"allow":["GET"]}}],"collection":[{"href":"https:\/\/www.ladislavjakl.cz\/index.php?rest_route=\/wp\/v2\/posts"}],"about":[{"href":"https:\/\/www.ladislavjakl.cz\/index.php?rest_route=\/wp\/v2\/types\/post"}],"author":[{"embeddable":true,"href":"https:\/\/www.ladislavjakl.cz\/index.php?rest_route=\/wp\/v2\/users\/1"}],"replies":[{"embeddable":true,"href":"https:\/\/www.ladislavjakl.cz\/index.php?rest_route=%2Fwp%2Fv2%2Fcomments&post=914"}],"version-history":[{"count":1,"href":"https:\/\/www.ladislavjakl.cz\/index.php?rest_route=\/wp\/v2\/posts\/914\/revisions"}],"predecessor-version":[{"id":915,"href":"https:\/\/www.ladislavjakl.cz\/index.php?rest_route=\/wp\/v2\/posts\/914\/revisions\/915"}],"wp:attachment":[{"href":"https:\/\/www.ladislavjakl.cz\/index.php?rest_route=%2Fwp%2Fv2%2Fmedia&parent=914"}],"wp:term":[{"taxonomy":"category","embeddable":true,"href":"https:\/\/www.ladislavjakl.cz\/index.php?rest_route=%2Fwp%2Fv2%2Fcategories&post=914"},{"taxonomy":"post_tag","embeddable":true,"href":"https:\/\/www.ladislavjakl.cz\/index.php?rest_route=%2Fwp%2Fv2%2Ftags&post=914"}],"curies":[{"name":"wp","href":"https:\/\/api.w.org\/{rel}","templated":true}]}}