{"id":9140,"date":"2018-08-24T12:38:27","date_gmt":"2018-08-24T10:38:27","guid":{"rendered":"http:\/\/www.ladislavjakl.cz\/?p=9140"},"modified":"2018-08-24T12:38:27","modified_gmt":"2018-08-24T10:38:27","slug":"klaus-by-se-podle-me-k-srpnu-1968-postavil-jinak-nez-zeman-rika-ladislav-jakl","status":"publish","type":"post","link":"https:\/\/www.ladislavjakl.cz\/?p=9140","title":{"rendered":"Klaus by se podle m\u011b k srpnu 1968 postavil jinak ne\u017e Zeman, \u0159\u00edk\u00e1 Ladislav Jakl"},"content":{"rendered":"<p>Den 21. srpen 1968 je pro mnoho lid\u00ed negativn\u00ed vzpom\u00ednkou. O\u010dek\u00e1van\u00fd projev u&nbsp;p\u0159\u00edle\u017eitosti 50. v\u00fdro\u010d\u00ed vp\u00e1du vojsk zem\u00ed Var\u0161avsk\u00e9 smlouvy do \u010ceskoslovenska prezident Milo\u0161 Zeman na rozd\u00edl od sv\u00e9ho slovensk\u00e9ho prot\u011bj\u0161ku Andreje Kisky nepronese. Je to, podle Ladislava Jakla, b\u00fdval\u00e9ho tajemn\u00edka prezidenta V\u00e1clava Klause spr\u00e1vn\u00e9 rozhodnut\u00ed a jak on s\u00e1m vzpom\u00edn\u00e1 na tento den?<\/p>\n<p><!--more--><\/p>\n<p><img decoding=\"async\" src=\"https:\/\/www.viposobnosti.cz\/obrazek\/2\/ladislav-jakl\/\" alt=\"\" width=\"300\"><\/p>\n<p>Prezident Milo\u0161 Zeman vzk\u00e1zal po sv\u00e9m tiskov\u00e9m mluv\u010d\u00edm, \u017ee k 50. v\u00fdro\u010d\u00ed sov\u011btsk\u00e9 okupace, tedy k 21. srpnu 1968 se nebude vyjad\u0159ovat a \u017e\u00e1dn\u00fd projev nechyst\u00e1. Jako d\u016fvod Ji\u0159\u00ed Ov\u010d\u00e1\u010dek na Twitteru uvedl: &#8222;Sv\u016fj odv\u00e1\u017en\u00fd projev u\u017e pan prezident pronesl. Kdy\u017e za po\u010d\u00ednaj\u00edc\u00ed normalizace prohl\u00e1sil, \u017ee nesouhlas\u00ed s okupac\u00ed. Za tento postoj byl vyhozen z pr\u00e1ce, z Vysok\u00e9 \u0161koly ekonomick\u00e9. Takov\u00fd projev vyd\u00e1 za tis\u00edce \u010dist\u011b form\u00e1ln\u00edch a neup\u0159\u00edmn\u00fdch proslov\u016f, kter\u00e9 21. 8. jistojist\u011b zazn\u00ed&#8220;.&nbsp;Jak\u00fd je, pane Jakle, v\u00e1\u0161 n\u00e1zor na tento argument?<\/p>\n<p>Takovou reakci pam\u011btn\u00edka Milo\u0161e Zemana naprosto ch\u00e1pu. Ale takovou reakci prezidenta republiky nech\u00e1pu v\u016fbec. Jasn\u011b\u017ee se v\u00fdznam a vlastn\u00ed obsah srpna 1968 a n\u00e1sledn\u00e9 normalizace v\u0161elijak p\u0159ekrucuje a nafukuje, ale v&nbsp;lidech ony ud\u00e1losti pr\u00e1vem zanechaly velk\u00e9 emoce, a to hlava st\u00e1tu na v\u011bdom\u00ed br\u00e1t mus\u00ed. N\u011bjak\u00fd pietn\u00ed akt bych tedy od sv\u00e9ho prezidenta o\u010dek\u00e1val. Stejn\u011b tak, jako bych ho \u010dekal v&nbsp;\u00fanoru kolem 70. v\u00fdro\u010d\u00ed, k&nbsp;z\u00e1\u0159ijov\u00e9mu 80. v\u00fdro\u010d\u00ed&nbsp;\u010di v&nbsp;\u0159\u00edjnu kolem 100. v\u00fdro\u010d\u00ed. &nbsp;&nbsp;<\/p>\n<p>V p\u0159\u00edpad\u011b, \u017ee by byl nyn\u00ed na Hrad\u011b prezident V\u00e1clav Klaus, jak by se podle v\u00e1s zachoval, resp. co byste mu doporu\u010dil vy jako jeho tajemn\u00edk?<\/p>\n<p>Mysl\u00edm, \u017ee V\u00e1clav Klaus by toto v\u00fdro\u010d\u00ed jako prezident neignoroval. A j\u00e1 bych mu doporu\u010dil jednu ze dvou variant. Bu\u010f uspo\u0159\u00e1dat n\u011bjakou konferenci \u010di semin\u00e1\u0159 na t\u00e9ma n\u00e1stupu normalizace, anebo n\u011bjak\u00fd form\u00e1ln\u00ed d\u016fstojn\u00fd vzpom\u00ednkov\u00fd akt. Nebo oboj\u00ed.<\/p>\n<p>Lid\u00e9 podle r\u016fzn\u00fdch reakc\u00ed p\u0159edev\u0161\u00edm na soci\u00e1ln\u00edch s\u00edt\u00edch, o\u010dek\u00e1vaj\u00ed n\u011bjak\u00e9 vyj\u00e1d\u0159en\u00ed, postoj od hlavy st\u00e1tu. Jsou o tom p\u0159esv\u011bd\u010deni i n\u011bkte\u0159\u00ed politici. Nem\u011blo by tedy prob\u011bhnout n\u011bjak\u00e9 neutr\u00e1ln\u00ed st\u0159\u00edzliv\u00e9 vyhodnocen\u00ed tehdej\u0161\u00edch ud\u00e1lost\u00ed z geopolitick\u00e9ho hlediska a kter\u00e1 politick\u00e1 osobnost by tak m\u011bla u\u010dinit?<\/p>\n<p>Ano, n\u011bco podobn\u00e9ho jsem se sna\u017eil \u0159\u00edci v&nbsp;p\u0159edch\u00e1zej\u00edc\u00ed odpov\u011bdi. Ale m\u00e1m pocit, \u017ee je tak n\u011bjak u\u017e pozd\u011b.<\/p>\n<p><img decoding=\"async\" src=\"https:\/\/www.viposobnosti.cz\/obrazek\/2\/tank-68-jpg\/\" alt=\"\" width=\"350\"><\/p>\n<p>Jak vy, jako Ladislav Jakl, vzpom\u00edn\u00e1te na tento den, kter\u00fd mnoh\u00fdm lidem znemo\u017enil pracovat v oboru, kari\u00e9rn\u00ed postup, pro v\u0161echny zav\u0159el hranice a nahnal n\u00e1s do ur\u010dit\u00e9 \u0161edi na\u0161ich \u017eivot\u016f na dlouh\u00fdch 20 let?<\/p>\n<p>V&nbsp;srpnu 1968 jsem m\u011bl pr\u00e1zdniny mezi druhou a t\u0159et\u00ed t\u0159\u00eddou z\u00e1kladn\u00ed \u0161koly. \u017dil jsem tehdy s&nbsp;rodi\u010di v&nbsp;Chebu. Jako v\u0161ichni jsem m\u011bs\u00edce p\u0159ed srpnem i m\u011bs\u00edce po n\u011bm za\u017e\u00edval to spole\u010densk\u00e9 v\u0159en\u00ed, okresn\u00ed m\u011bsto to nemohlo minout. Moc jsem nech\u00e1pal, o co jde, jen jsem v\u011bd\u011bl, \u017ee mezi sebou bojuje nov\u00e9 veden\u00ed st\u00e1tu, to byli ti hodn\u00ed, s&nbsp;lidmi ze star\u00e9ho veden\u00ed, t\u011bmi zl\u00fdmi, co se cht\u011bli vr\u00e1tit do \u010dela.<\/p>\n<p>Na samu invazi m\u00e1m vzpom\u00ednky odpov\u00eddaj\u00edc\u00ed tomu v\u011bku, t\u0159eba s&nbsp;kamar\u00e1dem Standou jsme si vzali praky, \u017ee p\u016fjdeme st\u0159\u00edlet po helikopt\u00e9r\u00e1ch startuj\u00edc\u00edch za m\u011bstem. Pak jedna nad n\u00e1mi opravdu p\u0159el\u00e9tla, praky jsme zahodili a utekli do k\u0159ov\u00ed. Ale ne\u017e tyhle osobn\u00ed vzpom\u00ednky pova\u017euju za d\u016fle\u017eit\u00e9 n\u011bco jin\u00e9ho.<\/p>\n<p>I kdy\u017e po srpnov\u00e9 invazi je\u0161t\u011b mnoho m\u011bs\u00edc\u016f z\u016fstala cel\u00e1 zem ve stejn\u00e9m revolu\u010dn\u00edm kvasu, svoboda slova nebyla je\u0161t\u011b dlouho nijak dot\u010dena a normalizace m\u011bla pl\u00ed\u017eiv\u011b p\u0159ij\u00edt a\u017e p\u0159\u00ed\u0161t\u00edm rokem, n\u011bco se v&nbsp;onen srpen zlomilo. Do t\u00e9 doby jsem tak n\u011bjak samoz\u0159ejm\u011b p\u0159ij\u00edmal, \u017ee st\u00e1vaj\u00ed re\u017eim a jeho p\u0159edstavitel\u00e9, to v\u0161e je danost a ten st\u00e1t je tak n\u011bjak prost\u011b m\u016fj. Od toho srpna u\u017e m\u016fj nebyl. Za\u010dal jsem ho vn\u00edmat jako syst\u00e9m v\u016f\u010di mn\u011b nep\u0159\u00e1telsk\u00fd, ciz\u00ed, nesamoz\u0159ejm\u00fd, vnucovan\u00fd. V\u010detn\u011b \u0161koly a u\u010ditel\u016f. V&nbsp;pubert\u011b u\u017e konfrontace s&nbsp;moc\u00ed byly ka\u017edodenn\u00ed realitou. U\u017e jsem to nebral jako nespravedlnost, jako k\u0159ivdu, ale jako nutn\u00fd konflikt j\u00e1 a oni.<\/p>\n<p>Neb\u00fdt srpna, mo\u017en\u00e1 bych ty konflikty bral s&nbsp;v\u00fd\u010ditkou: pro\u010d m\u011b melete, j\u00e1 proti v\u00e1m nic nem\u00e1m! Ale po srpnu jsem u\u017e v\u011bd\u011bl, \u017ee \u201eoni\u201c nejsou moji a j\u00e1 nejsem jejich. A \u201eoni\u201c to v\u011bd\u011bli taky. Navzdory tomu, \u017ee to byla jen epizoda boje mezi dv\u011bma k\u0159\u00eddly komunist\u016f, byl pro m\u011b srpen 1968 symbolem odcizen\u00ed st\u00e1tu a z\u016fstal j\u00edm po cel\u00e1 70. a 80. l\u00e9ta.<\/p>\n<p><em>Ladislav Jakl exkluzivn\u011b pro VIPosobnosti.cz<\/em><\/p>\n<p><em>Foto: archiv VIPosobnosti.cz<\/em><\/p>\n<p><a href=\"https:\/\/www.viposobnosti.cz\/inpage\/podle-jakla-by-se-klaus-k-srpnu-1968-postavil-jinak-nez-zeman\/\">Zdroj<\/a><\/p>\n","protected":false},"excerpt":{"rendered":"<p>Den 21. srpen 1968 je pro mnoho lid\u00ed negativn\u00ed vzpom\u00ednkou. O\u010dek\u00e1van\u00fd projev u&nbsp;p\u0159\u00edle\u017eitosti 50. v\u00fdro\u010d\u00ed vp\u00e1du vojsk zem\u00ed Var\u0161avsk\u00e9 smlouvy do \u010ceskoslovenska prezident Milo\u0161 Zeman na rozd\u00edl od sv\u00e9ho slovensk\u00e9ho prot\u011bj\u0161ku Andreje Kisky nepronese. Je to, podle Ladislava Jakla, b\u00fdval\u00e9ho tajemn\u00edka prezidenta V\u00e1clava Klause spr\u00e1vn\u00e9 rozhodnut\u00ed a jak on s\u00e1m vzpom\u00edn\u00e1 na tento den?<\/p>\n","protected":false},"author":1,"featured_media":0,"comment_status":"open","ping_status":"open","sticky":false,"template":"","format":"standard","meta":{"ngg_post_thumbnail":0,"footnotes":""},"categories":[22,13],"tags":[],"class_list":["post-9140","post","type-post","status-publish","format-standard","hentry","category-jakl-senator","category-rozhovory"],"_links":{"self":[{"href":"https:\/\/www.ladislavjakl.cz\/index.php?rest_route=\/wp\/v2\/posts\/9140","targetHints":{"allow":["GET"]}}],"collection":[{"href":"https:\/\/www.ladislavjakl.cz\/index.php?rest_route=\/wp\/v2\/posts"}],"about":[{"href":"https:\/\/www.ladislavjakl.cz\/index.php?rest_route=\/wp\/v2\/types\/post"}],"author":[{"embeddable":true,"href":"https:\/\/www.ladislavjakl.cz\/index.php?rest_route=\/wp\/v2\/users\/1"}],"replies":[{"embeddable":true,"href":"https:\/\/www.ladislavjakl.cz\/index.php?rest_route=%2Fwp%2Fv2%2Fcomments&post=9140"}],"version-history":[{"count":1,"href":"https:\/\/www.ladislavjakl.cz\/index.php?rest_route=\/wp\/v2\/posts\/9140\/revisions"}],"predecessor-version":[{"id":9141,"href":"https:\/\/www.ladislavjakl.cz\/index.php?rest_route=\/wp\/v2\/posts\/9140\/revisions\/9141"}],"wp:attachment":[{"href":"https:\/\/www.ladislavjakl.cz\/index.php?rest_route=%2Fwp%2Fv2%2Fmedia&parent=9140"}],"wp:term":[{"taxonomy":"category","embeddable":true,"href":"https:\/\/www.ladislavjakl.cz\/index.php?rest_route=%2Fwp%2Fv2%2Fcategories&post=9140"},{"taxonomy":"post_tag","embeddable":true,"href":"https:\/\/www.ladislavjakl.cz\/index.php?rest_route=%2Fwp%2Fv2%2Ftags&post=9140"}],"curies":[{"name":"wp","href":"https:\/\/api.w.org\/{rel}","templated":true}]}}