{"id":9142,"date":"2018-08-24T12:41:06","date_gmt":"2018-08-24T10:41:06","guid":{"rendered":"http:\/\/www.ladislavjakl.cz\/?p=9142"},"modified":"2018-08-24T12:41:06","modified_gmt":"2018-08-24T10:41:06","slug":"klaus-jr-podporuje-v-boji-o-senat-svobodomyslneho-odvazneho-pravicaka-jakla","status":"publish","type":"post","link":"https:\/\/www.ladislavjakl.cz\/?p=9142","title":{"rendered":"KLAUS JR. PODPORUJE V BOJI O SEN\u00c1T SVOBODOMYSLN\u00c9HO ODV\u00c1\u017dN\u00c9HO PRAVI\u010c\u00c1KA JAKLA"},"content":{"rendered":"<p>P\u0159edseda sn\u011bmovn\u00edho \u0160kolsk\u00e9ho v\u00fdboru V\u00e1clav Klaus jr. p\u0159ekvapil n\u011bkter\u00e9 novin\u00e1\u0159e tvrzen\u00edm, \u017ee do Sen\u00e1tu \u010cR podpo\u0159\u00ed \u0159editele politick\u00e9ho odboru b\u00fdval\u00e9ho Hradu a nyn\u00ed&nbsp; Institutu V\u00e1clava Klause, osobn\u00edho tajemn\u00edka jeho otce, Ladislava Jakla. Podle novin\u00e1\u0159\u016f m\u011bl podpo\u0159it Vladim\u00edra Kratinu, kter\u00e9ho nominuje ODS, jej\u00edm\u017e je \u010dlenem.<\/p>\n<p><!--more--><\/p>\n<p>Mne by p\u0159ekvapilo jeho opa\u010dn\u00e9 rozhodnut\u00ed.&nbsp; Jak jsem ho poznala p\u0159i n\u011bkter\u00fdch jeho p\u0159edn\u00e1\u0161k\u00e1ch, V\u00e1clav Klaus jr., stejn\u011b jako jeho otec, neposuzuje lidi pouze podle zevn\u011bj\u0161ku, ale podle jejich n\u00e1zor\u016f a skutk\u016f. A p\u0159i v\u0161\u00ed \u00fact\u011b k panu Kratinovi jako obl\u00edben\u00e9mu herci,&nbsp;nevybavuji si za cel\u00e9 \u010dtvrtstolet\u00ed \u017e\u00e1dn\u00fd jeho z\u00e1va\u017en\u00fd politick\u00fd v\u00fdrok, nato\u017e pak \u010din, zat\u00edmco p\u0159i vysloven\u00ed jm\u00e9na Jakl se mi jich vybav\u00ed takov\u00e9 mo\u0159e, \u017ee kdy\u017e zalistuji&nbsp; \u010dl\u00e1nky u n\u00e1s publikovan\u00fdmi, nev\u00edm, kter\u00fd uv\u00e9st d\u0159\u00edv!<\/p>\n<p>Ani\u017e si to mo\u017en\u00e1 oba p\u00e1ni Klausov\u00e9 uv\u011bdomuj\u00ed, chovaj\u00ed se podle rady Je\u017e\u00ed\u0161e Krista&nbsp;<strong><em>&#8222;podle ovoce pozn\u00e1te jich&#8220;<\/em><\/strong>:&nbsp; V Bibli tento v\u00fdrok Krista uvedl evangelista Matou\u0161:&nbsp;<em>&#8222;D\u00e1vejte pozor na fale\u0161n\u00e9 proroky, kte\u0159\u00ed k v\u00e1m p\u0159ich\u00e1zej\u00ed v ov\u010d\u00edm rou\u0161e, ale uvnit\u0159 jsou to drav\u00ed vlci.&nbsp;Pozn\u00e1te je podle jejich ovoce. Skl\u00edzej\u00ed se snad hrozny z trn\u00ed a f\u00edky z bodl\u00e1\u010d\u00ed?&nbsp;Tak tedy&nbsp;<strong>ka\u017ed\u00fd dobr\u00fd strom nese dobr\u00e9 ovoce a \u0161patn\u00fd strom nese zl\u00e9 ovoce.<\/strong>&nbsp;Dobr\u00fd strom nem\u016f\u017ee n\u00e9st zl\u00e9 ovoce a \u0161patn\u00fd strom&nbsp;nem\u016f\u017ee&nbsp;n\u00e9st dobr\u00e9 ovoce.Ka\u017ed\u00fd strom, kter\u00fd nenese dobr\u00e9 ovoce, b\u00fdv\u00e1 vy\u0165at a vhozen do ohn\u011b.&nbsp;A proto je pozn\u00e1te podle jejich ovoce.&#8220;<\/em><\/p>\n<p>Pan Fiala se po vzoru doby z\u0159ejm\u011b o politick\u00e9 z\u00e1sluhy \u010dlen\u016f ODS na kandid\u00e1tce nezaj\u00edm\u00e1 a jde mu pouze o z\u00edsk\u00e1n\u00ed hlas\u016f. A pro milovan\u00e9ho herce jsou hlasy fanynek skv\u011blou jistotou. Co na tom, \u017ee pak 4 roky bude politicky neznal\u00fd&nbsp; poslanec v Parlamentu jen hlasuj\u00edc\u00edm nik\u00fdm.<\/p>\n<p>&nbsp;<\/p>\n<h1>Jakl je od p\u0159evratu neust\u00e1le ve \u0161pi\u010dkov\u00e9 politice a za 30&nbsp; let nezm\u011bnil sv\u00e9 postoje&nbsp;<\/h1>\n<p>Nechci rozhodn\u011b urazit pana Kratinu, ale kdy\u017e jsem o jeho postoj\u00edch nesly\u0161ela nic 29 let od revoluce, nem\u00e1m pocit, \u017ee by se najednou stal politick\u00fdm matadorem. Zat\u00edmco JakL byl po celou dobu od p\u0159evratu v politice. Nejd\u0159\u00edve jako poslanec \u010cesk\u00e9 n\u00e1rodn\u00ed rady, posl\u00e9ze od podp\u00e1sov\u00e9ho Sarajevsk\u00e9ho atent\u00e1tu v roce 1997 na prezidenta Klause stoj\u00ed po cel\u00fdch 21 let po jeho boku a nebyly to v\u017edy jen doby p\u0159\u00edjemn\u00e9. Musel bojovat spolu s n\u00edm za prosazen\u00ed n\u00e1zor\u016f nemil\u00fdch tehdej\u0161\u00edm havlist\u016fm, nyn\u00ed zvan\u00fdch kav\u00e1rn\u00edci, za zabr\u00e1n\u011bn\u00ed uskute\u010dn\u011bn\u00ed jejich snu uv\u00e9st na\u0161i zemi do otroctv\u00ed nastolen\u00edm t\u0159et\u00ed cesty socialismu.<\/p>\n<p>Ze v\u0161ech \u010din\u016f pana Jakla, kter\u00e9 zn\u00e1m, jsem p\u0159esv\u011bd\u010dena, \u017ee jde o svobodomysln\u00e9ho \u010dlov\u011bka s jasn\u00fdm pravicov\u00fdm n\u00e1zorem&nbsp; a co v\u00edc, \u010dlov\u011bka odv\u00e1\u017en\u00e9ho. O jeho odvaze sv\u011bd\u010d\u00ed nejen to, jak se v roce 1997 postavil za Klause proti tehdej\u0161\u00edmu Havlovu Hradu a jak se za sv\u00e9 a jeho n\u00e1zory stav\u00ed dosud, navzdory tomu, \u017ee pra\u017esk\u00e9 kav\u00e1rn\u00edky uv\u00e1d\u011bj\u00ed do mdlob. O jeho odvaze sv\u011bd\u010d\u00ed i to, \u017ee se neboj\u00ed p\u0159ihl\u00e1sit k touto neomerxistickou skvadrou tolik ur\u00e1\u017een\u00e9mu Tomiu Okamurovi, kter\u00fd by jen za ur\u00e1\u017eky na cti byl ji\u017e miliard\u00e1\u0159em, kdyby mu st\u00e1li tito lid\u00e9 za to d\u00e1vat je k soudu.&nbsp;<\/p>\n<p>Jakl ur\u010dit\u011b v\u00ed, \u017ee se proti n\u011bmu tito povale\u010di a tlu\u010d\u00fastov\u00e9 postav\u00ed a \u017ee to bude m\u00edt t\u011b\u017e\u0161\u00ed, ne\u017e kdyby \u0161el do voleb s podporou n\u011bkter\u00e9 europeistick\u00e9 strany. To by ale musel Jakl zm\u011bnit sv\u00e9 postoje k EU a jej\u00edm nebezpe\u010dn\u00fdm neomarxistick\u00fdm&nbsp; -izm\u016fm, a to on za cel\u00fdch 30 let, co ho zn\u00e1me, neud\u011blal. A pr\u00e1v\u011b takov\u00e9 svobodomysln\u00e9, pravicov\u00e9 a neohro\u017een\u00e9 osobnosti na\u0161e zem\u011b pot\u0159ebuje a v budoucnu bude pot\u0159ebovat d\u00edky velmi v\u00e1\u017en\u00e9 situaci v EU st\u00e1le v\u00edc.<\/p>\n<p>Bohu\u017eel mu nem\u016f\u017eu d\u00e1t hlas, neb kandiduje v jin\u00e9 pra\u017esk\u00e9 \u010dtvrti, ale budu se modlit, aby Duch svat\u00fd osv\u00edtil ob\u010dany Praha 2, Prahy 3, Prahy 10 Vinohrad, Prahy 9 v Hrdlo\u0159ez\u00edch, Hloub\u011bt\u00edn\u011b a Male\u0161ic\u00edch, aby si uv\u011bdomili, jakou skv\u011blou osobnost mohou dostat do socialistick\u00e9ho proevropsk\u00e9ho sen\u00e1tu. Osobnost, kter\u00e1 by bojovala za svobodn\u00fd \u017eivot nejen jich, ale cel\u00e9 na\u0161\u00ed zem\u011b.<\/p>\n<p><a href=\"http:\/\/3.www.fragmenty.cz\/index.php\/politika-cr\/item\/2333-klaus-jr-podporuje-v-boji-o-senat-svobodomyslneho-odvazneho-pravicaka-jakla\">Zdroj<\/a><\/p>\n","protected":false},"excerpt":{"rendered":"<p>P\u0159edseda sn\u011bmovn\u00edho \u0160kolsk\u00e9ho v\u00fdboru V\u00e1clav Klaus jr. p\u0159ekvapil n\u011bkter\u00e9 novin\u00e1\u0159e tvrzen\u00edm, \u017ee do Sen\u00e1tu \u010cR podpo\u0159\u00ed \u0159editele politick\u00e9ho odboru b\u00fdval\u00e9ho Hradu a nyn\u00ed&nbsp; Institutu V\u00e1clava Klause, osobn\u00edho tajemn\u00edka jeho otce, Ladislava Jakla. Podle novin\u00e1\u0159\u016f m\u011bl podpo\u0159it Vladim\u00edra Kratinu, kter\u00e9ho nominuje ODS, jej\u00edm\u017e je \u010dlenem.<\/p>\n","protected":false},"author":1,"featured_media":0,"comment_status":"open","ping_status":"open","sticky":false,"template":"","format":"standard","meta":{"ngg_post_thumbnail":0,"footnotes":""},"categories":[11],"tags":[],"class_list":["post-9142","post","type-post","status-publish","format-standard","hentry","category-ozvena"],"_links":{"self":[{"href":"https:\/\/www.ladislavjakl.cz\/index.php?rest_route=\/wp\/v2\/posts\/9142","targetHints":{"allow":["GET"]}}],"collection":[{"href":"https:\/\/www.ladislavjakl.cz\/index.php?rest_route=\/wp\/v2\/posts"}],"about":[{"href":"https:\/\/www.ladislavjakl.cz\/index.php?rest_route=\/wp\/v2\/types\/post"}],"author":[{"embeddable":true,"href":"https:\/\/www.ladislavjakl.cz\/index.php?rest_route=\/wp\/v2\/users\/1"}],"replies":[{"embeddable":true,"href":"https:\/\/www.ladislavjakl.cz\/index.php?rest_route=%2Fwp%2Fv2%2Fcomments&post=9142"}],"version-history":[{"count":1,"href":"https:\/\/www.ladislavjakl.cz\/index.php?rest_route=\/wp\/v2\/posts\/9142\/revisions"}],"predecessor-version":[{"id":9143,"href":"https:\/\/www.ladislavjakl.cz\/index.php?rest_route=\/wp\/v2\/posts\/9142\/revisions\/9143"}],"wp:attachment":[{"href":"https:\/\/www.ladislavjakl.cz\/index.php?rest_route=%2Fwp%2Fv2%2Fmedia&parent=9142"}],"wp:term":[{"taxonomy":"category","embeddable":true,"href":"https:\/\/www.ladislavjakl.cz\/index.php?rest_route=%2Fwp%2Fv2%2Fcategories&post=9142"},{"taxonomy":"post_tag","embeddable":true,"href":"https:\/\/www.ladislavjakl.cz\/index.php?rest_route=%2Fwp%2Fv2%2Ftags&post=9142"}],"curies":[{"name":"wp","href":"https:\/\/api.w.org\/{rel}","templated":true}]}}