{"id":9144,"date":"2018-08-24T12:44:02","date_gmt":"2018-08-24T10:44:02","guid":{"rendered":"http:\/\/www.ladislavjakl.cz\/?p=9144"},"modified":"2018-08-24T12:44:02","modified_gmt":"2018-08-24T10:44:02","slug":"suverenita-statu-je-ohrozena-politicke-strany-by-se-mely-spojit-proti-bruselu-rika-kandidat-do-senatu-ladislav-jakl","status":"publish","type":"post","link":"https:\/\/www.ladislavjakl.cz\/?p=9144","title":{"rendered":"&#8222;Suverenita st\u00e1tu je ohro\u017eena. Politick\u00e9 strany by se m\u011bly spojit proti Bruselu&#8230;&#8220; \u0159\u00edk\u00e1 kandid\u00e1t do Sen\u00e1tu Ladislav Jakl"},"content":{"rendered":"<p class=\"p1\"><span class=\"s1\">\u201eN\u011bkdy je t\u0159eba n\u00e9st svou vlastn\u00ed k\u016f\u017ei na trh, n\u00e9st za sebe zodpov\u011bdnost. M\u00e1m pocit, \u017ee v sou\u010dasn\u00e9 dob\u011b jde o hodn\u011b. Rozhoduje se o tom, jestli z\u016fstaneme suver\u00e9nn\u00ed demokratickou zem\u00ed a s t\u00edm souvis\u00ed nejviditeln\u011bj\u0161\u00ed bruselsk\u00fd experiment s \u0159\u00edzenou masovou migrac\u00ed, kter\u00e1 hroz\u00ed i n\u00e1m,\u201c mysl\u00ed si kandid\u00e1t do Sen\u00e1tu Ladislav Jakl. D\u016fvod, \u017ee se takto rozhodl, vn\u00edm\u00e1 jako vzkaz. \u201eJsou v\u011bci d\u016fle\u017eit\u00e9 a v tu chv\u00edli by se m\u011bli n\u00e1zorov\u00e9 nuance odsunout stranou.\u201c Politick\u00e9 strany by se podle n\u011bj m\u011bly spole\u010dn\u011b sjednotit.<\/span><\/p>\n<p><!--more--><\/p>\n<p class=\"p1\"><span class=\"s1\">Jaklovi \u0161lo v \u017eivot\u011b v\u017edycky pr\u00fd \u0161lo zejm\u00e9na o svobodu \u010dlov\u011bka. \u201eBudu h\u00e1jit pr\u00e1vo lid\u00ed. V protiku\u0159\u00e1ck\u00e9m z\u00e1konu nejde o ku\u0159\u00e1ky, ale o svobodu podnik\u00e1n\u00ed. Pro\u010d by n\u011bkdo nemohl poskytovat slu\u017ebu, kterou poskytovat chce?\u201c S\u00e1m ku\u0159\u00e1k v\u0161ak nikdy nebyl.<\/span><\/p>\n<p class=\"p1\"><span class=\"s1\">\u201eZeman\u016fv druh\u00fd mand\u00e1t se neli\u0161\u00ed od toho prvn\u00edho. St\u00e1rnut\u00ed si u\u017e\u00edv\u00e1, chov\u00e1 se sebev\u011bdom\u011b. Kdy\u017e bude p\u0159\u00ed\u0161t\u00ed p\u0159\u00edmo volen\u00fd prezident cht\u00edt, p\u016fjde na samou hranici \u00fastavy, budeme to za\u017e\u00edvat naprosto b\u011b\u017en\u011b. Za\u017eili jsme to v dob\u00e1ch dosluhuj\u00edc\u00edho premi\u00e9r Paroubek, kter\u00fd prohr\u00e1l volby, ale m\u011bl natolik siln\u00e9 karty, \u017ee br\u00e1nil tomu, aby byla ukon\u010dena prvn\u00ed zahajovac\u00ed ch\u016fze poslaneck\u00e9 sn\u011bmovny.\u201c<\/span><\/p>\n<p><a href=\"https:\/\/xtv.cz\/archiv\/suverenita-statu-je-ohrozena-politicke-strany-by-se-mely-spojit-proti-bruselu-rika-kandidat-do-senatu-ladislav-jakl\">Zdroj<\/a><\/p>\n","protected":false},"excerpt":{"rendered":"<p>\u201eN\u011bkdy je t\u0159eba n\u00e9st svou vlastn\u00ed k\u016f\u017ei na trh, n\u00e9st za sebe zodpov\u011bdnost. M\u00e1m pocit, \u017ee v sou\u010dasn\u00e9 dob\u011b jde o hodn\u011b. Rozhoduje se o tom, jestli z\u016fstaneme suver\u00e9nn\u00ed demokratickou zem\u00ed a s t\u00edm souvis\u00ed nejviditeln\u011bj\u0161\u00ed bruselsk\u00fd experiment s \u0159\u00edzenou masovou migrac\u00ed, kter\u00e1 hroz\u00ed i n\u00e1m,\u201c mysl\u00ed si kandid\u00e1t do Sen\u00e1tu Ladislav Jakl. D\u016fvod, \u017ee [&hellip;]<\/p>\n","protected":false},"author":1,"featured_media":0,"comment_status":"open","ping_status":"open","sticky":false,"template":"","format":"standard","meta":{"ngg_post_thumbnail":0,"footnotes":""},"categories":[22,13,12],"tags":[],"class_list":["post-9144","post","type-post","status-publish","format-standard","hentry","category-jakl-senator","category-rozhovory","category-video"],"_links":{"self":[{"href":"https:\/\/www.ladislavjakl.cz\/index.php?rest_route=\/wp\/v2\/posts\/9144","targetHints":{"allow":["GET"]}}],"collection":[{"href":"https:\/\/www.ladislavjakl.cz\/index.php?rest_route=\/wp\/v2\/posts"}],"about":[{"href":"https:\/\/www.ladislavjakl.cz\/index.php?rest_route=\/wp\/v2\/types\/post"}],"author":[{"embeddable":true,"href":"https:\/\/www.ladislavjakl.cz\/index.php?rest_route=\/wp\/v2\/users\/1"}],"replies":[{"embeddable":true,"href":"https:\/\/www.ladislavjakl.cz\/index.php?rest_route=%2Fwp%2Fv2%2Fcomments&post=9144"}],"version-history":[{"count":1,"href":"https:\/\/www.ladislavjakl.cz\/index.php?rest_route=\/wp\/v2\/posts\/9144\/revisions"}],"predecessor-version":[{"id":9145,"href":"https:\/\/www.ladislavjakl.cz\/index.php?rest_route=\/wp\/v2\/posts\/9144\/revisions\/9145"}],"wp:attachment":[{"href":"https:\/\/www.ladislavjakl.cz\/index.php?rest_route=%2Fwp%2Fv2%2Fmedia&parent=9144"}],"wp:term":[{"taxonomy":"category","embeddable":true,"href":"https:\/\/www.ladislavjakl.cz\/index.php?rest_route=%2Fwp%2Fv2%2Fcategories&post=9144"},{"taxonomy":"post_tag","embeddable":true,"href":"https:\/\/www.ladislavjakl.cz\/index.php?rest_route=%2Fwp%2Fv2%2Ftags&post=9144"}],"curies":[{"name":"wp","href":"https:\/\/api.w.org\/{rel}","templated":true}]}}