{"id":9146,"date":"2018-08-24T12:45:24","date_gmt":"2018-08-24T10:45:24","guid":{"rendered":"http:\/\/www.ladislavjakl.cz\/?p=9146"},"modified":"2018-08-24T12:45:24","modified_gmt":"2018-08-24T10:45:24","slug":"tikajici-bomba-uvnitr-ods","status":"publish","type":"post","link":"https:\/\/www.ladislavjakl.cz\/?p=9146","title":{"rendered":"Tikaj\u00edc\u00ed bomba uvnit\u0159 ODS"},"content":{"rendered":"<p>Ob\u010dan\u0161t\u00ed demokrat\u00e9 \u0159e\u0161\u00ed, co si po\u010d\u00edt s&nbsp;<a class=\"tracked-event\" href=\"http:\/\/www.financnici.cz\/vaclav-klaus-mladsi\" target=\"_blank\" rel=\"nofollow noopener\">V\u00e1clavem Klausem mlad\u0161\u00edm<\/a>. Poslanec a p\u0159edseda sn\u011bmovn\u00edho v\u00fdboru pro v\u011bdu, vzd\u011bl\u00e1n\u00ed, kulturu, ml\u00e1de\u017e a t\u011blov\u00fdchovu napsal koment\u00e1\u0159, ve kter\u00e9m kritizuje p\u0159\u00edtomnost na\u0161ich voj\u00e1k\u016f v&nbsp;Afgh\u00e1nist\u00e1nu. ODS ji ale naopak podporuje.<\/p>\n<p><!--more--><\/p>\n<p>Kdy\u017e se na n\u011bj n\u00e1sledn\u011b snesla kritika, \u017ee m\u00e1 v textu chyby, reagoval na to po sv\u00e9m: &#8222;Rad\u0161i vyraz\u00edme kl\u00edn kl\u00ednem:&nbsp;Podporuji Ladislava Jakla do sen\u00e1tu. Byl by jist\u011b ne\u00faplatn\u00fdm, svobodomysln\u00fdm a pravicov\u00fdm sen\u00e1torem. Ty, kter\u00e9 roz\u010diluje, \u017ee kandiduje s podporou SPD \u2013 v principu roz\u010diluje, \u017ee v\u016fbec kandiduje,&#8220; uvedl na sv\u00e9m facebookov\u00e9m profilu.<\/p>\n<p>Klaus si jede svou. Ve sv\u00fdch koment\u00e1\u0159\u00edch se neohl\u00ed\u017e\u00ed na fakta a stejn\u011b tak jeho n\u00e1zory jsou ne v\u017edy v souladu s postoji a programem strany, za kterou byl zvolen do sn\u011bmovny. Ot\u00e1zka je, co bude d\u00e1l. B\u00fdval\u00fd poslanec, hejtman a ministr zem\u011bd\u011blstv\u00ed za ODS&nbsp;<a class=\"tracked-event\" href=\"http:\/\/www.financnici.cz\/petr-bendl\" target=\"_blank\" rel=\"noopener\">Petr Bendl<\/a>&nbsp;u\u017e Klause vyzval, aby zv\u00e1\u017eil, zda jeho p\u016fsoben\u00ed ve stran\u011b je vz\u00e1jemn\u011b prosp\u011b\u0161n\u00e9 a zda by nebylo lep\u0161\u00ed ODS opustit.<\/p>\n<h4>Naschv\u00e1l osam\u011bl\u00e9ho bojovn\u00edka&nbsp;<\/h4>\n<p>Ostatn\u00ed p\u0159edstavitel\u00e9 strany jsou zat\u00edm ve sv\u00fdch vyj\u00e1d\u0159en\u00edch sm\u00ed\u0159liv\u011bj\u0161\u00ed a zd\u00e1 se, \u017ee vy\u010dk\u00e1vaj\u00ed, jak se k cel\u00e9 v\u011bci postav\u00ed samotn\u00fd Klaus, a\u017e se s n\u00edm potkaj\u00ed. Ost\u0159eji se vyj\u00e1d\u0159il nap\u0159\u00edklad m\u00edstop\u0159edseda ob\u010dansk\u00fdch demokrat\u016f Martin Kupka, kter\u00fd pro iRozhlas uvedl, \u017ee Klaus svou podporou Jakla jde proti postoj\u016fm a z\u00e1jm\u016fm ODS a \u017ee to od n\u011bj vypad\u00e1 trochu jako naschv\u00e1l.<\/p>\n<p>Jestli n\u011bkdo d\u011bl\u00e1 sv\u00e9 stran\u011b naschv\u00e1ly, t\u011b\u017eko do n\u00ed m\u016f\u017ee zapadnout a m\u00edt se sv\u00fdmi spolustran\u00edky dobr\u00e9 vztahy. Klaus mlad\u0161\u00ed tak opravdu v ODS zat\u00edm p\u016fsob\u00ed jako osam\u011bl\u00fd bojovn\u00edk, kter\u00fd prosazuje p\u0159edev\u0161\u00edm sv\u016fj vlastn\u00ed program. Hraje si na sv\u00e9m p\u00edse\u010dku a hled\u00ed si jen toho, aby byl dost vid\u011bt a sly\u0161et. Na sv\u00e9 voli\u010de c\u00edl\u00ed p\u0159\u00edmo a p\u011bstuje si tak svoji voli\u010dskou z\u00e1kladnu.<\/p>\n<p>Z&nbsp;dlouhodob\u00e9ho hlediska ov\u0161em nem\u00e1 jinou mo\u017enost, ne\u017e u ob\u010dansk\u00fdch demokrat\u016f z\u00edskat v\u011bt\u0161\u00ed vliv a dostat se do jejich veden\u00ed anebo je opustit. Zat\u00edm se zd\u00e1 b\u00fdt pravd\u011bpodobn\u011bj\u0161\u00ed druh\u00e1 mo\u017enost. Sou\u010dasn\u00e9 rozpory, kdy si Klaus vyslou\u017eil kritiku od \u0159ady politik\u016f ODS t\u0159eba od poslankyn\u011b a odbornice na obranu&nbsp;<a class=\"tracked-event\" href=\"http:\/\/www.financnici.cz\/jana-cernochova\" target=\"_blank\" rel=\"noopener\">Jany \u010cernochov\u00e9<\/a>, to potvrzuj\u00ed. V t\u00e9to chv\u00edli je to v\u0161ak dosti p\u0159ed\u010dasn\u00fd sc\u00e9n\u00e1\u0159.<\/p>\n<p>Klausovou strategi\u00ed doposud bylo nabalit na svou osobu dostatek voli\u010d\u016f, kte\u0159\u00ed p\u016fjdou za jeho postoji, co\u017e sou\u010dasn\u011b pos\u00edl\u00ed jeho pozici ve stran\u011b, z\u00e1rove\u0148 to v\u0161ak vyvol\u00e1v\u00e1 st\u0159ety. Jak si ale vylo\u017eit jeho podporu Ladislava Jakla kandiduj\u00edc\u00edho do sen\u00e1tu za Okamurovu SPD?<\/p>\n<p>Zaj\u00edmav\u011b to interpretovala s Klausem u\u017e d\u0159\u00edve spolupracuj\u00edc\u00ed poslankyn\u011b za ODS Zuzana Majerov\u00e1 Zahradn\u00edkov\u00e1, kter\u00e1 pro iRozhlas uvedla, \u017ee jeho podpora Ladislava Jakla je naprosto logick\u00e1, proto\u017ee ka\u017ed\u00fd by p\u0159ece podpo\u0159il &#8222;dobr\u00e9ho rodinn\u00e9ho p\u0159\u00edtele, \u010dlov\u011bka, kter\u00e9ho dokonale zn\u00e1&#8220; a jak\u00e9koli jin\u00e9 jedn\u00e1n\u00ed by bylo &#8222;fale\u0161n\u00e9 a l\u017eiv\u00e9&#8220;. Vskutku klausovsk\u00e9 obraty. N\u00e1sledn\u011b ale dodala kl\u00ed\u010dovou my\u0161lenku: &#8222;M\u011b sp\u00ed\u0161e mrz\u00ed, \u017ee je pravice st\u00e1le rozt\u0159\u00ed\u0161t\u011bn\u00e1 a \u017ee pravi\u010d\u00e1ci ze v\u0161ech my\u0161lenkov\u00fdch sm\u011br\u016f nejsou sdru\u017eeni pod jedn\u00edm \u0161irok\u00fdm k\u0159\u00eddlem ODS&#8220;.<\/p>\n<h4>Napomenut\u00ed od spolustran\u00edk\u016f&nbsp;&nbsp;<\/h4>\n<p>Mo\u017en\u00e1 pr\u00e1v\u011b to se skr\u00fdv\u00e1 za Klausov\u00fdm &#8222;naschv\u00e1lem&#8220;. Jeho skrytou ambic\u00ed m\u016f\u017ee b\u00fdt p\u0159iv\u00e9st pravi\u010d\u00e1ky Jaklova st\u0159ihu pod st\u0159echu ODS, tak aby u\u017e zkr\u00e1tka nemuseli kandidovat za Okamuru, ale za ob\u010dansk\u00e9 demokraty. Neznamen\u00e1 to v\u0161ak ud\u011blat z ODS \u0161irokou platformu, jak tvrd\u00ed Majerov\u00e1 Zahradn\u00edkov\u00e1, n\u00fdbr\u017e ji ideov\u011b posunout. A to se neobejde bez st\u0159etu r\u016fzn\u00fdch p\u0159edstav o tom, jakou politiku by strana m\u011bla d\u011blat, a samoz\u0159ejm\u011b bez konfliktu t\u011bch, kte\u0159\u00ed je prezentuj\u00ed.<\/p>\n<p>Podpora Jakla tak pro Klause m\u016f\u017ee b\u00fdt testem, aby zjistil, jak silnou pozici v ODS m\u00e1, jak velk\u00fd tlak na n\u011bj bude vyv\u00edjen po jeho koment\u00e1\u0159i o \u010desk\u00fdch voj\u00e1c\u00edch v&nbsp;Afgh\u00e1nist\u00e1nu a podpo\u0159e konkuren\u010dn\u00edho kandid\u00e1ta do horn\u00ed komory a naopak jak\u00e9ho se do\u010dk\u00e1 zast\u00e1n\u00ed.<\/p>\n<p>Poslaneck\u00fd klub ODS m\u00e1 o Klausov\u00fdch v\u00fdroc\u00edch jednat tento t\u00fdden ve st\u0159edu. Podle poslankyn\u011b&nbsp;<a class=\"tracked-event\" href=\"http:\/\/www.financnici.cz\/miroslava-nemcova\" target=\"_blank\" rel=\"noopener\">Miroslavy N\u011bmcov\u00e9<\/a>&nbsp;by se k tomu m\u011blo vyj\u00e1d\u0159it i veden\u00ed strany. Tak\u017ee se je\u0161t\u011b uk\u00e1\u017ee, jak v\u00fdrazn\u00e9 napomenut\u00ed si Klaus od sv\u00fdch spolustran\u00edk\u016f vykoleduje. Je mo\u017en\u00e9, \u017ee to ovlivn\u00ed jeho dal\u0161\u00ed kroky.<\/p>\n<h4>Zneu\u017e\u00edvan\u00ed ob\u010dan\u0161t\u00ed demokrat\u00e9&nbsp;<\/h4>\n<p>Jak\u00e9 mo\u017enosti m\u00e1? Kdyby z&nbsp;ODS ode\u0161el, mohl by se po vzoru Ladislava Jakla domluvit s&nbsp;Okamurou a v&nbsp;budoucnu za n\u011bj t\u0159eba kandidovat do sen\u00e1tu. To zn\u00ed ale sp\u00ed\u0161e jako krizov\u00e1 varianta ne\u017e n\u011bco, co by re\u00e1ln\u011b mohlo uspokojit Klausovy ambice. A d\u011blat kari\u00e9ru p\u0159\u00edmo v SPD? T\u011b\u017eko si p\u0159edstavit, \u017ee by ho tam jeho p\u0159edseda snesl. P\u0159ece jen Svoboda a p\u0159\u00edm\u00e1 demokracie je pro dva takov\u00e9 kohouty p\u0159\u00edli\u0161 mal\u00e1.<\/p>\n<p><a class=\"tracked-event\" href=\"http:\/\/www.financnici.cz\/tomio-okamura\" target=\"_blank\" rel=\"noopener\">Okamura<\/a>&nbsp;m\u00e1 sv\u00e9 zku\u0161enosti s&nbsp;rebely z&nbsp;\u00dasvitu, napodruh\u00e9 tak bude ur\u010dit\u011b velmi opatrn\u00fd, aby si do partaje pustil n\u011bkoho, kdo by ho mohl zast\u00ednit, nav\u00edc n\u011bkoho s mocensk\u00fdm apetitem a jm\u00e9nem Klaus.<\/p>\n<p>SPD je sv\u00e9ho druhu Okamurov\u00fdm lukrativn\u00edm politick\u00fdm byznysem, proto jen tak nedovol\u00ed, aby jeho podnik\u00e1n\u00ed n\u011bkdo ohrozil a za\u010dal mu v hnut\u00ed d\u011blat konkurenci. Sta\u010d\u00ed p\u0159ipomenout, jak odm\u00edtl spole\u010dnou kandidaturu s SPOZ do sn\u011bmovn\u00edch voleb, kterou prosazoval prezident&nbsp;<a class=\"tracked-event\" href=\"http:\/\/www.financnici.cz\/milos-zeman\" target=\"_blank\" rel=\"noopener\">Milo\u0161 Zeman<\/a>.<\/p>\n<p>Z\u00e1rove\u0148 Klaus si asi tak\u00e9 nevysta\u010d\u00ed jen s tepl\u00fdm m\u00edste\u010dkem ve sn\u011bmovn\u011b \u010di v&nbsp;sen\u00e1tu. P\u0159ekvapilo by, kdyby necht\u011bl m\u00edt v\u00fdznamnou politickou platformu, pomoc\u00ed kter\u00e9 by mohl prosazovat sv\u00e9 postoje a m\u00edt re\u00e1ln\u00fd politick\u00fd vliv. Bez n\u00ed se rovn\u011b\u017e jen t\u011b\u017eko stane t\u0159eba ministrem \u0161kolstv\u00ed, leda do\u010dasn\u011b v n\u011bjak\u00e9 \u00fa\u0159ednick\u00e9 vl\u00e1d\u011b. To ho nakonec m\u016f\u017ee motivovat i k tomu, aby v&nbsp;ODS z\u016fstal, a hned po prvn\u00edm v\u00e1\u017en\u011bj\u0161\u00edm konfliktu ji neopou\u0161t\u011bl.<\/p>\n<p>Druh\u00e1 mo\u017enost by byla zalo\u017eit si novou partaj, jakousi \u010deskou obdobu Alternativy pro N\u011bmecko a pokusit se vyfouknout \u010d\u00e1st voli\u010d\u016f ODS a \u010d\u00e1st Okamurovi. Takov\u00fd podnik m\u00e1 v\u0161ak celou \u0159adu rizik a z\u00e1le\u017e\u00ed, jestli se Klausovi do n\u011bj bude cht\u00edt. P\u0159\u00edpadn\u011b se do n\u011bj m\u016f\u017ee pustit, a\u017e nazraje \u010das a bude m\u00edt jistotu, \u017ee v ODS mu u\u017e p\u0161enka nepokvete a do t\u00e9 doby m\u016f\u017ee zvy\u0161ovat sv\u016fj voli\u010dsk\u00fd potenci\u00e1l.<\/p>\n<p>Ob\u010dan\u0161t\u00ed demokrat\u00e9 by si m\u011bli uv\u011bdomit, \u017ee je vlastn\u011b zneu\u017e\u00edv\u00e1. A kdy\u017e stranu \u010dasem neovl\u00e1dne, nebude u\u017e protikandid\u00e1ta ODS jen podporovat, ale postav\u00ed se proti n\u00ed s\u00e1m.<\/p>\n<p><a href=\"https:\/\/zpravy.tiscali.cz\/tikajici-bomba-uvnitr-ods-317129\">Zdroj<\/a><\/p>\n","protected":false},"excerpt":{"rendered":"<p>Ob\u010dan\u0161t\u00ed demokrat\u00e9 \u0159e\u0161\u00ed, co si po\u010d\u00edt s&nbsp;V\u00e1clavem Klausem mlad\u0161\u00edm. Poslanec a p\u0159edseda sn\u011bmovn\u00edho v\u00fdboru pro v\u011bdu, vzd\u011bl\u00e1n\u00ed, kulturu, ml\u00e1de\u017e a t\u011blov\u00fdchovu napsal koment\u00e1\u0159, ve kter\u00e9m kritizuje p\u0159\u00edtomnost na\u0161ich voj\u00e1k\u016f v&nbsp;Afgh\u00e1nist\u00e1nu. ODS ji ale naopak podporuje.<\/p>\n","protected":false},"author":1,"featured_media":0,"comment_status":"open","ping_status":"open","sticky":false,"template":"","format":"standard","meta":{"ngg_post_thumbnail":0,"footnotes":""},"categories":[11],"tags":[],"class_list":["post-9146","post","type-post","status-publish","format-standard","hentry","category-ozvena"],"_links":{"self":[{"href":"https:\/\/www.ladislavjakl.cz\/index.php?rest_route=\/wp\/v2\/posts\/9146","targetHints":{"allow":["GET"]}}],"collection":[{"href":"https:\/\/www.ladislavjakl.cz\/index.php?rest_route=\/wp\/v2\/posts"}],"about":[{"href":"https:\/\/www.ladislavjakl.cz\/index.php?rest_route=\/wp\/v2\/types\/post"}],"author":[{"embeddable":true,"href":"https:\/\/www.ladislavjakl.cz\/index.php?rest_route=\/wp\/v2\/users\/1"}],"replies":[{"embeddable":true,"href":"https:\/\/www.ladislavjakl.cz\/index.php?rest_route=%2Fwp%2Fv2%2Fcomments&post=9146"}],"version-history":[{"count":1,"href":"https:\/\/www.ladislavjakl.cz\/index.php?rest_route=\/wp\/v2\/posts\/9146\/revisions"}],"predecessor-version":[{"id":9147,"href":"https:\/\/www.ladislavjakl.cz\/index.php?rest_route=\/wp\/v2\/posts\/9146\/revisions\/9147"}],"wp:attachment":[{"href":"https:\/\/www.ladislavjakl.cz\/index.php?rest_route=%2Fwp%2Fv2%2Fmedia&parent=9146"}],"wp:term":[{"taxonomy":"category","embeddable":true,"href":"https:\/\/www.ladislavjakl.cz\/index.php?rest_route=%2Fwp%2Fv2%2Fcategories&post=9146"},{"taxonomy":"post_tag","embeddable":true,"href":"https:\/\/www.ladislavjakl.cz\/index.php?rest_route=%2Fwp%2Fv2%2Ftags&post=9146"}],"curies":[{"name":"wp","href":"https:\/\/api.w.org\/{rel}","templated":true}]}}