{"id":9148,"date":"2018-08-24T12:54:52","date_gmt":"2018-08-24T10:54:52","guid":{"rendered":"http:\/\/www.ladislavjakl.cz\/?p=9148"},"modified":"2018-08-24T12:54:52","modified_gmt":"2018-08-24T10:54:52","slug":"zeman-jako-churchill-musime-zustat-suverenni-zemi-rizena-migrace-je-experiment-ladislav-jakl-o-budoucnosti-cr","status":"publish","type":"post","link":"https:\/\/www.ladislavjakl.cz\/?p=9148","title":{"rendered":"Zeman jako Churchill. Mus\u00edme z\u016fstat suver\u00e9nn\u00ed zem\u00ed. \u0158\u00edzen\u00e1 migrace je experiment. Ladislav Jakl o budoucnosti \u010cR"},"content":{"rendered":"<p>B\u00fdval\u00fd tajemn\u00edk exprezidenta V\u00e1clava Klause a kandid\u00e1t za SPD do Sen\u00e1tu Ladislav Jakl v rozhovoru na internetov\u00e9 televizi XTV upozornil na to, \u017ee se nyn\u00ed rozhoduje o tom, jestli z\u016fstaneme suver\u00e9nn\u00ed demokratickou zem\u00ed. Svou pozornost zam\u011b\u0159il i na prezidenta Milo\u0161e Zemana, kter\u00fd podle n\u011bj vstupuje na hranici \u00fastavy a stejn\u011b tak se nejsp\u00ed\u0161e bude chovat i p\u0159\u00ed\u0161t\u00ed p\u0159\u00edmo volen\u00fd prezident.<\/p>\n<p><!--more--><\/p>\n<p>Svou kandidaturu vysv\u011btluje Jakl t\u00edm, \u017ee nabyl pocitu, \u017ee u\u017e nechce b\u00fdt v pozad\u00ed. \u201eU\u017e je t\u0159eba n\u00e9st svou vlastn\u00ed k\u016f\u017ei na trh a m\u00edt zodpov\u011bdnost. V sou\u010dasn\u00e9 dob\u011b jde u\u017e o hodn\u011b. Rozhoduje se o tom, jestli v na\u0161\u00ed zemi v\u016fbec zbudou n\u011bjak\u00e9 zbytky suverenity a zda z\u016fstaneme suver\u00e9nn\u00ed, demokratickou, samostatnou zem\u00ed,\u201c m\u00edn\u00ed Jakl, podle kter\u00e9ho s t\u00edm souvis\u00ed i nejviditeln\u011bj\u0161\u00ed bruselsk\u00fd experiment s \u0159\u00edzenou masovou migrac\u00ed. \u201eTa n\u00e1m i navzdory chl\u00e1choli\u010d\u016fm st\u00e1le hroz\u00ed,\u201c upozornil.<\/p>\n<p>Na politick\u00e9 pr\u00e1ci Okamurovy strany jej pr\u00fd zaujalo to, \u017ee na rozd\u00edl od ostatn\u00edch v\u0161ech politick\u00fdch a funguj\u00edc\u00edch subjekt\u016f tato strana nejd\u016fsledn\u011bji h\u00e1j\u00ed postoje dvou z\u00e1kladn\u00edch t\u00e9mat \u2013 uchov\u00e1n\u00ed suverenity proti bruselsk\u00e9 centralizaci a d\u016fsledn\u00fd postoj proti imigraci. \u201e\u017de jsem se takto rozhodl, vn\u00edm\u00e1m jako vzkaz politick\u00e9 sc\u00e9n\u011b, aby si lid\u00e9 uv\u011bdomili, \u017ee jsou v\u011bci v\u00edce d\u016fle\u017eit\u00e9, a bylo by n\u011bkdy dobr\u00e9 ponechat n\u00e1zorov\u00e9 rozpory stranou,\u201c doplnil.<\/p>\n<p>V jednotliv\u00fdch zem\u00edch jsou podle Jakla ur\u010dit\u00ed obh\u00e1jci suverenity demokratick\u00fdch st\u00e1t\u016f, kte\u0159\u00ed v\u0161ak nejsou schopni vz\u00e1jemn\u011b efektivn\u011b komunikovat a spolupracovat jen proto, \u017ee o sob\u011b \u010dtou noviny. \u201eVz\u00e1jemn\u011b se poda\u0159ilo lidi v o\u010d\u00edch druh\u00fdch zdiskreditovat, \u017ee se boj\u00ed sej\u00edt. Nejv\u011bt\u0161\u00ed radost z toho maj\u00ed pr\u00e1v\u011b centralist\u00e9, kte\u0159\u00ed si p\u0159edstavuj\u00ed \u0159\u00edzen\u00fd superst\u00e1t, kter\u00fd nebude kontrolovan\u00fd demokraticky v\u016fbec nik\u00fdm. Bude jen \u0159\u00edzen elitami stejn\u011b, jako to te\u010f p\u0159edv\u00e1d\u011bj\u00ed,\u201c uvedl.<\/p>\n<p>Ti, kte\u0159\u00ed jsou schopni oslovit voli\u010de a b\u00edt se za jejich z\u00e1jmy, se bohu\u017eel u\u017e mezi sebou nedohodnou ani na v\u011bcech, kde maj\u00ed spole\u010dn\u00e9 n\u00e1zory, \u0159\u00edk\u00e1 posmutn\u011ble Jakl. \u201eTo se da\u0159\u00ed u\u017e i na na\u0161\u00ed dom\u00e1c\u00ed sc\u00e9n\u011b. Vz\u00e1jemn\u011b medi\u00e1ln\u011b zhnusit v\u0161echny lidi, kte\u0159\u00ed se stav\u011bj\u00ed kriticky k Bruselu a evropsk\u00e9 integraci a kte\u0159\u00ed maj\u00ed na srdci pr\u00e1v\u011b suverenitu a budoucnost \u010cesk\u00e9 republiky jako samostatn\u00e9ho st\u00e1tu,\u201c zopakoval.<\/p>\n<p>\u201eV \u017eivot\u011b mi \u0161lo o nejv\u011bt\u0161\u00ed prioritu a tou je svoboda \u010dlov\u011bka,\u201c p\u0159ipomn\u011bl Jakl i v souvislosti s t\u00edm, pro\u010d ost\u0159e vystupoval proti protiku\u0159\u00e1ck\u00e9mu z\u00e1konu. \u201eBudu h\u00e1jit pr\u00e1vo lid\u00ed. V protiku\u0159\u00e1ck\u00e9m z\u00e1konu nejde o ku\u0159\u00e1ky, ale o svobodu podnik\u00e1n\u00ed. Pro\u010d by n\u011bkdo nemohl poskytovat slu\u017ebu, kterou poskytovat chce?\u201c divil se Jakl, kter\u00fd s\u00e1m ku\u0159\u00e1k pr\u00fd nikdy nebyl.<\/p>\n<div>&nbsp;<\/div>\n<p>Pak se Jakl p\u0159esunul k hodnocen\u00ed Zemanova dosavadn\u00edho druh\u00e9ho prezidentsk\u00e9ho mand\u00e1tu, ten se pr\u00fd od toho prvn\u00edho nijak neli\u0161\u00ed. \u201eOn si u\u017e\u00edv\u00e1 st\u00e1rnut\u00ed s tou svoj\u00ed h\u016flkou, se kterou chod\u00ed jako Churchill, do kter\u00e9ho se stylizuje. Fraje\u0159it bude i na voz\u00ed\u010dku, jak mu to p\u011bkn\u011b slu\u0161\u00ed jako Rooseveltovi,\u201c \u0159ekl s t\u00edm, \u017ee nev\u00ed, jestli skute\u010dn\u011b Zeman zvolnil, ale chov\u00e1 se st\u00e1le stejn\u011b suver\u00e9nn\u011b a sebev\u011bdom\u011b.<\/p>\n<p>\u201eNa tohle t\u00e9ma chci \u0159\u00edct jen jednu v\u011bc. Lid\u00e9 vid\u00ed Zemana. Vid\u00ed poprv\u00e9 p\u0159\u00edmo volen\u00e9ho prezidenta. D\u00e1vno p\u0159ed t\u00edm, ne\u017e byla zavedena p\u0159\u00edm\u00e1 volba, jsem \u0159\u00edkal, \u017ee a\u0165 bude zvolen kdokoli, kdo nebude m\u00edt pocit, \u017ee jeho mand\u00e1t vze\u0161el od Parlamentu, nebude m\u00edt \u017e\u00e1dn\u00fd velk\u00fd z\u00e1jem na n\u011bjak\u00e9m sm\u00edru a kooperaci s ostatn\u00edmi \u00fastavn\u00edmi institucemi,\u201c je p\u0159esv\u011bd\u010den Jakl, podle kter\u00e9ho se takov\u00fd \u010dlov\u011bk bude chovat jako samostatn\u00e1 figura. \u201eP\u0159\u00edmo volen\u00fd prezident m\u00e1 stejnou v\u00e1hu mand\u00e1tu jako cel\u00fd Parlament, tak pro\u010d by se m\u011bl c\u00edtit m\u00e9n\u011bcenn\u00fd? K takov\u00e9mu zji\u0161t\u011bn\u00ed nutn\u011b dojde ka\u017ed\u00fd prezident,\u201c zd\u016fraznil.<\/p>\n<p>N\u00e1sledn\u011b upozornil, \u017ee nem\u00e1me prezidentsk\u00fd ani poloprezidentsk\u00fd syst\u00e9m. Probl\u00e9m podle Jakla je, \u017ee jsme v \u010cesku zalo\u017eili \u00fastavu se siln\u00fdmi dal\u0161\u00edmi figurami a jen jedn\u00e9 dali zvl\u00e1\u0161tn\u00ed mand\u00e1t. \u201eZalo\u017eili jsme t\u00edm n\u011bco jako trval\u00fd konflikt \u00fastavn\u00edch instituc\u00ed, kter\u00fd neodejde s t\u00edmto prezidentem. Co bude p\u0159\u00ed\u0161t\u00edho prezidenta nutit k tomu, aby Parlamentu neh\u00e1zel na hlavu \u00fapln\u011b v\u0161echny z\u00e1kony? Kdy\u017e bude cht\u00edt, klidn\u011b to ud\u011bl\u00e1 a p\u016fjde i na samou hranici,\u201c je si jist\u00fd Jakl.<\/p>\n<p>Cel\u00fd rozhovor&nbsp;<a href=\"https:\/\/xtv.cz\/archiv\/suverenita-statu-je-ohrozena-politicke-strany-by-se-mely-spojit-proti-bruselu-rika-kandidat-do-senatu-ladislav-jakl\" target=\"_blank\" rel=\"noopener\">ZDE<\/a>.<\/p>\n<p>Takovou situaci, kdy \u0161el n\u011bkdo na samou hranici \u00fastavy, jsme u\u017e v minulosti pr\u00fd za\u017eili. \u201eNap\u0159\u00edklad to, co vyv\u00e1d\u011bl dosluhuj\u00edc\u00ed premi\u00e9r Paroubek. \u0160el na sam\u00fd kraj \u00fastavy, kdy\u017e prohr\u00e1l volby, ale m\u011bl natolik siln\u00e9 karty, \u017ee br\u00e1nil tomu, aby byla ukon\u010dena prvn\u00ed zahajovac\u00ed sch\u016fze Poslaneck\u00e9 sn\u011bmovny,\u201c uzav\u0159el Jakl s t\u00edm, \u017ee pak na samou hranici m\u016f\u017ee p\u0159\u00edmo volen\u00fd prezident chodit klidn\u011b ka\u017ed\u00fd den.<\/p>\n<p><a href=\"https:\/\/www.parlamentnilisty.cz\/arena\/monitor\/Zeman-jako-Churchill-Musime-zustat-suverenni-zemi-Rizena-migrace-je-experiment-Ladislav-Jakl-o-budoucnosti-CR-548574\">Zdroj<\/a><\/p>\n","protected":false},"excerpt":{"rendered":"<p>B\u00fdval\u00fd tajemn\u00edk exprezidenta V\u00e1clava Klause a kandid\u00e1t za SPD do Sen\u00e1tu Ladislav Jakl v rozhovoru na internetov\u00e9 televizi XTV upozornil na to, \u017ee se nyn\u00ed rozhoduje o tom, jestli z\u016fstaneme suver\u00e9nn\u00ed demokratickou zem\u00ed. Svou pozornost zam\u011b\u0159il i na prezidenta Milo\u0161e Zemana, kter\u00fd podle n\u011bj vstupuje na hranici \u00fastavy a stejn\u011b tak se nejsp\u00ed\u0161e bude chovat [&hellip;]<\/p>\n","protected":false},"author":1,"featured_media":0,"comment_status":"open","ping_status":"open","sticky":false,"template":"","format":"standard","meta":{"ngg_post_thumbnail":0,"footnotes":""},"categories":[11],"tags":[],"class_list":["post-9148","post","type-post","status-publish","format-standard","hentry","category-ozvena"],"_links":{"self":[{"href":"https:\/\/www.ladislavjakl.cz\/index.php?rest_route=\/wp\/v2\/posts\/9148","targetHints":{"allow":["GET"]}}],"collection":[{"href":"https:\/\/www.ladislavjakl.cz\/index.php?rest_route=\/wp\/v2\/posts"}],"about":[{"href":"https:\/\/www.ladislavjakl.cz\/index.php?rest_route=\/wp\/v2\/types\/post"}],"author":[{"embeddable":true,"href":"https:\/\/www.ladislavjakl.cz\/index.php?rest_route=\/wp\/v2\/users\/1"}],"replies":[{"embeddable":true,"href":"https:\/\/www.ladislavjakl.cz\/index.php?rest_route=%2Fwp%2Fv2%2Fcomments&post=9148"}],"version-history":[{"count":1,"href":"https:\/\/www.ladislavjakl.cz\/index.php?rest_route=\/wp\/v2\/posts\/9148\/revisions"}],"predecessor-version":[{"id":9149,"href":"https:\/\/www.ladislavjakl.cz\/index.php?rest_route=\/wp\/v2\/posts\/9148\/revisions\/9149"}],"wp:attachment":[{"href":"https:\/\/www.ladislavjakl.cz\/index.php?rest_route=%2Fwp%2Fv2%2Fmedia&parent=9148"}],"wp:term":[{"taxonomy":"category","embeddable":true,"href":"https:\/\/www.ladislavjakl.cz\/index.php?rest_route=%2Fwp%2Fv2%2Fcategories&post=9148"},{"taxonomy":"post_tag","embeddable":true,"href":"https:\/\/www.ladislavjakl.cz\/index.php?rest_route=%2Fwp%2Fv2%2Ftags&post=9148"}],"curies":[{"name":"wp","href":"https:\/\/api.w.org\/{rel}","templated":true}]}}