{"id":9150,"date":"2018-08-24T13:00:30","date_gmt":"2018-08-24T11:00:30","guid":{"rendered":"http:\/\/www.ladislavjakl.cz\/?p=9150"},"modified":"2018-08-24T13:00:30","modified_gmt":"2018-08-24T11:00:30","slug":"ods-resila-co-s-klausem-podporou-jakla-prekrocil-vsechno-stal-tam-sam-proti-vsem-zni-z-klubu","status":"publish","type":"post","link":"https:\/\/www.ladislavjakl.cz\/?p=9150","title":{"rendered":"ODS \u0159e\u0161ila, co s Klausem. Podporou Jakla p\u0159ekro\u010dil v\u0161echno, st\u00e1l tam s\u00e1m proti v\u0161em, zn\u00ed z klubu"},"content":{"rendered":"<p>&#8222;Vy\u0159\u00edkali jsme si to na jedn\u00e1n\u00ed klubu a t\u00edm to pro mne kon\u010d\u00ed,&#8220; komentoval situaci p\u0159edseda strany Petr Fiala.&nbsp;Ob\u010dan\u0161t\u00ed demokrat\u00e9 dorazili na jedn\u00e1n\u00ed sn\u011bmovny jako posledn\u00ed. P\u0159ed zah\u00e1jen\u00edm sch\u016fze je toti\u017e zdr\u017eela dlouh\u00e1 debata o probl\u00e9mech, kter\u00e9 stran\u011b sv\u00fdmi v\u00fdroky zp\u016fsobil&nbsp;V\u00e1clav Klaus mlad\u0161\u00ed.<\/p>\n<p><!--more--><\/p>\n<p>Pra\u017esk\u00fd poslanec zpochybnil \u00fa\u010dast na\u0161ich voj\u00e1k\u016f v Afgh\u00e1nist\u00e1nu, a to navzdory tomu, \u017ee&nbsp;<a href=\"https:\/\/www.aktualne.cz\/wiki\/politika\/politicke-strany\/ods\/r~i:wiki:637\/\" type=\"tag\">ODS<\/a>&nbsp;\u010deskou \u00fa\u010dast v zahrani\u010dn\u00edch mis\u00edch podporuje. Je\u0161t\u011b v\u011bt\u0161\u00ed nevoli pak Klaus vyvolal, kdy\u017e jako kandid\u00e1ta do Sen\u00e1tu podpo\u0159il b\u00fdval\u00e9ho tajemn\u00edka sv\u00e9ho otce Ladislava Jakla. Ten se nadch\u00e1zej\u00edc\u00edch podzimn\u00edch voleb \u00fa\u010dastn\u00ed v barv\u00e1ch konkuren\u010dn\u00edho hnut\u00ed SPD Tomia Okamury.<\/p>\n<p>&#8222;M\u00edt jin\u00fd n\u00e1zor je jedna v\u011bc, ale to, \u017ee podpo\u0159il jin\u00e9ho kandid\u00e1ta do Sen\u00e1tu, je p\u0159ekro\u010den\u00ed v\u0161eho,&#8220; komentoval Klausovy v\u00fdroky jeho kolega z poslaneck\u00e9ho klubu. Jm\u00e9no necht\u011bl zve\u0159ejnit, proto\u017ee se strana po sch\u016fzi dohodla, \u017ee ofici\u00e1ln\u011b se bude k synovi b\u00fdval\u00e9ho prezidenta vyjad\u0159ovat jen veden\u00ed strany \u010di klubu.<\/p>\n<p>&#8222;Vy\u0159\u00edkali jsme si to na jedn\u00e1n\u00ed klubu a t\u00edm to pro mne kon\u010d\u00ed,&#8220; komentoval situaci p\u0159edseda strany Petr Fiala. &#8222;Odch\u00e1z\u00edme z poslaneck\u00e9ho klubu s t\u00edm, \u017ee v\u0161ichni budeme h\u00e1jit program a politiku ODS. Tak to m\u00e1 b\u00fdt a tak to tak\u00e9 bude,&#8220; dodal Fiala. Na ot\u00e1zku, zda tak bude vystupovat i Klaus, v\u0161ak p\u0159edseda nereagoval.<\/p>\n<p>Klaus dorazil do jednac\u00ed s\u00edn\u011b mezi posledn\u00edmi. Potom, co se musel h\u00e1jit p\u0159ed cel\u00fdm klubem, sp\u011bchal rovnou do s\u00e1lu. V kulo\u00e1rech se nezastavil a na ot\u00e1zky Aktu\u00e1ln\u011b.cz odm\u00edtl odpov\u00eddat. &#8222;To byl norm\u00e1ln\u00ed standardn\u00ed klub,&#8220; \u0159ekl na dotaz, jak vn\u00edm\u00e1 ostrou kritiku, kter\u00e9 nyn\u00ed ve stran\u011b \u010del\u00ed.<\/p>\n<p>Debata poslanc\u016f ODS v\u0161ak nebyla zcela b\u011b\u017en\u00e1. &#8222;V\u00e1clav Klaus se prohl\u00e1sil za nez\u00e1visl\u00e9ho koment\u00e1tora a my jsme se mu sna\u017eili vysv\u011btlit, \u017ee j\u00edm nen\u00ed, proto\u017ee vystupuje jako v\u00fdznamn\u00fd \u010dlen strany,&#8220; p\u0159ibl\u00ed\u017eil d\u011bn\u00ed v z\u00e1kulis\u00ed v\u00fdznamn\u00fd \u010dlen ODS. &#8222;Klaus tam st\u00e1l jako jeden proti v\u0161em. Je to s\u00f3lista,&#8220; dodal.<\/p>\n<p>Pro ob\u010dansk\u00e9 demokraty jsou protievropsk\u00e9 postoje n\u011bkter\u00fdch \u010dlen\u016f &#8211; Klause zvl\u00e1\u0161t\u011b &#8211; probl\u00e9m ji\u017e dlouho. Pra\u017esk\u00fd z\u00e1konod\u00e1rce p\u0159ed \u010dasem nap\u0159\u00edklad prohl\u00e1sil, \u017ee by \u010cesko m\u011blo &#8222;vypadnout&#8220; z EU. Stran\u00edci se p\u0159itom sna\u017e\u00ed zbavit n\u00e1lepky &#8222;euroskeptik\u016f&#8220; a podobn\u00e1 vyj\u00e1d\u0159en\u00ed jejich sna\u017een\u00ed kaz\u00ed. Nejsiln\u011bj\u0161\u00ed pravicov\u00e1 strana nechce vystupovat z EU, jen by unii reformovala.<\/p>\n<p>Ob\u010dan\u0161t\u00ed demokrat\u00e9 podle v\u00fdrok\u016f n\u011bkolika poslanc\u016f nedostali od Klause jasn\u00fd p\u0159\u00edslib, \u017ee do budoucna bude v z\u00e1sadn\u00edch politick\u00fdch v\u011bcech respektovat ofici\u00e1ln\u00ed stanoviska strany. Debata o tom, jak\u00e9 pot\u00ed\u017ee zp\u016fsobuje, by podle n\u011bkolika \u010dlen\u016f m\u011bla je\u0161t\u011b pokra\u010dovat. &#8222;Nem\u016f\u017ee se takto vyjad\u0159ovat. A jestli ano, mus\u00ed hledat \u0161t\u011bst\u00ed jinde nebo na kongresu p\u0159esv\u011bd\u010dit \u010dleny, aby ODS zm\u011bnila ofici\u00e1ln\u00ed stanoviska,&#8220; dodal jeden z poslanc\u016f.<\/p>\n<p>V podobn\u00e9m duchu Klause ve st\u0159edu kritizoval i \u0161\u00e9f sen\u00e1tor\u016f ODS Milo\u0161 Vystr\u010dil.&nbsp;&#8222;Nehodl\u00e1me vyr\u00e1\u017eet kl\u00edn kl\u00ednem. Na druh\u00e9 stran\u011b to, co dnes \u0159\u00edk\u00e1 V\u00e1clav Klaus mlad\u0161\u00ed, je, dle m\u00e9ho n\u00e1zoru, na hran\u011b toho, co je je\u0161t\u011b mo\u017en\u00e9 a \u00fanosn\u00e9,&#8220; \u0159ekl podle \u010cTK. &#8222;Kdy\u017e chcete b\u00fdt \u00fasp\u011b\u0161n\u00ed, mus\u00edte tvo\u0159it t\u00fdm. A t\u00fdm se skl\u00e1d\u00e1 z lid\u00ed, kte\u0159\u00ed spolupracuj\u00ed, a ne ze solit\u00e9r\u016f,&#8220; dodal.<\/p>\n<p><a href=\"https:\/\/zpravy.aktualne.cz\/domaci\/politika\/ods-resila-co-s-klausem-podporou-jakla-prekrocil-vsechno-sta\/r~7e7403a4a5f311e88bfaac1f6b220ee8\/\">Zdroj<\/a><\/p>\n","protected":false},"excerpt":{"rendered":"<p>&#8222;Vy\u0159\u00edkali jsme si to na jedn\u00e1n\u00ed klubu a t\u00edm to pro mne kon\u010d\u00ed,&#8220; komentoval situaci p\u0159edseda strany Petr Fiala.&nbsp;Ob\u010dan\u0161t\u00ed demokrat\u00e9 dorazili na jedn\u00e1n\u00ed sn\u011bmovny jako posledn\u00ed. P\u0159ed zah\u00e1jen\u00edm sch\u016fze je toti\u017e zdr\u017eela dlouh\u00e1 debata o probl\u00e9mech, kter\u00e9 stran\u011b sv\u00fdmi v\u00fdroky zp\u016fsobil&nbsp;V\u00e1clav Klaus mlad\u0161\u00ed.<\/p>\n","protected":false},"author":1,"featured_media":0,"comment_status":"open","ping_status":"open","sticky":false,"template":"","format":"standard","meta":{"ngg_post_thumbnail":0,"footnotes":""},"categories":[11],"tags":[],"class_list":["post-9150","post","type-post","status-publish","format-standard","hentry","category-ozvena"],"_links":{"self":[{"href":"https:\/\/www.ladislavjakl.cz\/index.php?rest_route=\/wp\/v2\/posts\/9150","targetHints":{"allow":["GET"]}}],"collection":[{"href":"https:\/\/www.ladislavjakl.cz\/index.php?rest_route=\/wp\/v2\/posts"}],"about":[{"href":"https:\/\/www.ladislavjakl.cz\/index.php?rest_route=\/wp\/v2\/types\/post"}],"author":[{"embeddable":true,"href":"https:\/\/www.ladislavjakl.cz\/index.php?rest_route=\/wp\/v2\/users\/1"}],"replies":[{"embeddable":true,"href":"https:\/\/www.ladislavjakl.cz\/index.php?rest_route=%2Fwp%2Fv2%2Fcomments&post=9150"}],"version-history":[{"count":1,"href":"https:\/\/www.ladislavjakl.cz\/index.php?rest_route=\/wp\/v2\/posts\/9150\/revisions"}],"predecessor-version":[{"id":9151,"href":"https:\/\/www.ladislavjakl.cz\/index.php?rest_route=\/wp\/v2\/posts\/9150\/revisions\/9151"}],"wp:attachment":[{"href":"https:\/\/www.ladislavjakl.cz\/index.php?rest_route=%2Fwp%2Fv2%2Fmedia&parent=9150"}],"wp:term":[{"taxonomy":"category","embeddable":true,"href":"https:\/\/www.ladislavjakl.cz\/index.php?rest_route=%2Fwp%2Fv2%2Fcategories&post=9150"},{"taxonomy":"post_tag","embeddable":true,"href":"https:\/\/www.ladislavjakl.cz\/index.php?rest_route=%2Fwp%2Fv2%2Ftags&post=9150"}],"curies":[{"name":"wp","href":"https:\/\/api.w.org\/{rel}","templated":true}]}}