{"id":9152,"date":"2018-08-24T13:01:53","date_gmt":"2018-08-24T11:01:53","guid":{"rendered":"http:\/\/www.ladislavjakl.cz\/?p=9152"},"modified":"2018-08-24T13:01:53","modified_gmt":"2018-08-24T11:01:53","slug":"klub-ods-resil-klause-ml-jeho-vyroky-jsou-na-hrane-toho-co-je-unosne","status":"publish","type":"post","link":"https:\/\/www.ladislavjakl.cz\/?p=9152","title":{"rendered":"Klub ODS \u0159e\u0161il Klause ml. \u201eJeho v\u00fdroky jsou na hran\u011b toho, co je \u00fanosn\u00e9\u201c"},"content":{"rendered":"<p>M\u00edstop\u0159edseda strany a p\u0159edseda sen\u00e1torsk\u00e9ho klubu ODS Milo\u0161 Vystr\u010dil na tiskov\u00e9 konferenci p\u0159ed sch\u016fz\u00ed Sn\u011bmovny prohl\u00e1sil, \u017ee n\u011bkter\u00e9 v\u00fdroky V\u00e1clava Klause mlad\u0161\u00edho (ODS) z posledn\u00ed doby jsou na hran\u011b. \u201eNehodl\u00e1me vyr\u00e1\u017eet kl\u00edn kl\u00ednem. Na druh\u00e9 stran\u011b to, co dnes \u0159\u00edk\u00e1 V\u00e1clav Klaus mlad\u0161\u00ed, je, dle m\u00e9ho n\u00e1zoru, na hran\u011b toho, co je je\u0161t\u011b mo\u017en\u00e9 a \u00fanosn\u00e9,\u201c uvedl Vystr\u010dil. \u201eKdy\u017e chcete b\u00fdt \u00fasp\u011b\u0161n\u00ed, mus\u00edte tvo\u0159it t\u00fdm. A t\u00fdm se skl\u00e1d\u00e1 z lid\u00ed, kte\u0159\u00ed spolupracuj\u00ed, a ne ze solit\u00e9r\u016f,\u201c dodal. Ke sch\u016fzi se vyj\u00e1d\u0159il tak\u00e9 p\u0159edseda ODS Petr Fiala, podle kter\u00e9ho si na jedn\u00e1n\u00ed v\u0161e vy\u0159\u00edkali.<\/p>\n<p><!--more--><br \/>\n\u201eVy\u0159\u00edkali jsme si to na poslaneck\u00e9m klubu.&nbsp;V\u00e1clav Klaus mlad\u0161\u00ed n\u00e1zor klubu zn\u00e1 a p\u0159edpokl\u00e1d\u00e1m, \u017ee se jim bude \u0159\u00eddit. V\u00edce vnit\u0159n\u00ed v\u011bci ODS nebudu komentovat,\u201c \u0159ekl pro Echo24 p\u0159edseda Ob\u010dansk\u00fdch demokrat\u016f Petr Fiala.&nbsp;V\u00e1clav Klaus mlad\u0161\u00ed p\u0159itom sv\u00e1 slova ohledn\u011b podpory kandid\u00e1t\u016f v nadch\u00e1zej\u00edc\u00edch volb\u00e1ch&nbsp;zm\u00edrnil. P\u0159ed t\u00fddnem ve\u0159ejn\u011b na sv\u00e9m Facebooku prohl\u00e1sil, \u017ee bude do Sen\u00e1tu podporovat Ladislava Jakla, kter\u00fd kandiduje na Praze 2 s podporou SPD, a ne&nbsp;ofici\u00e1ln\u00edho nominanta ODS Vladim\u00edra Kratinu. Den p\u0159ed zased\u00e1n\u00edm sv\u00e9ho poslaneck\u00e9ho klubu Klaus ml. doplnil, \u017ee za sen\u00e1tora&nbsp;bude volit&nbsp;na Praze 8 sv\u00e9ho spolustran\u00edka Milana Golase.&nbsp;N\u011bkter\u00fdm p\u0159edstavitel\u016f ODS tak\u00e9 vad\u00ed, \u017ee zpochybnil \u00fa\u010dast \u010desk\u00fdch voj\u00e1k\u016f v Afgh\u00e1nist\u00e1nu.<\/p>\n<p>Klaus ml. byl ihned podroben kritice z vlastn\u00edch \u0159ad. Poslankyn\u011b Miroslava N\u011bmcov\u00e1 dokonce po\u017eadovala, aby veden\u00ed strany vyslalo jasn\u00e9 stanovisko. \u201eMysl\u00edm, \u017ee je zapot\u0159eb\u00ed, aby V\u00e1clav Klaus dal jasn\u011b najevo, zda je \u010dlenem t\u00fdmu ODS. Tedy jestli dodr\u017euje programov\u00e9 teze, pod kter\u00e9 se ODS p\u0159ihla\u0161uje a podepisuje. A tak\u00e9 jestli podporuje \u010dleny ODS ve volb\u00e1ch,\u201c \u0159ekla pro Echo24 Miroslava N\u011bmcov\u00e1. \u201eByla bych tak\u00e9 moc r\u00e1da, kdyby k tomu \u0159eklo n\u011bjak\u00e9 slovo veden\u00ed. Mus\u00ed m\u00edt tu s\u00edlu naj\u00edt n\u011bjak\u00e9 \u0159e\u0161en\u00ed,\u201c dodala.<\/p>\n<p>\u201eZcela jist\u011b dojde k p\u00e1r n\u00e1zorov\u00fdm konfrontac\u00edm a ujasn\u011bn\u00edm si jasn\u00fdch postoj\u016f. Nicm\u00e9n\u011b jsme v\u0161ichni dosp\u011bl\u00ed a kultivovan\u00ed lid\u00e9, tak\u017ee dle p\u0159edchoz\u00edch zku\u0161enost\u00ed p\u0159edpokl\u00e1d\u00e1m, \u017ee se v\u0161e odehraje v naprost\u00e9m klidu. V \u017e\u00e1dn\u00e9m p\u0159\u00edpad\u011b neo\u010dek\u00e1v\u00e1m, \u017ee by byl V\u00e1clav Klaus mlad\u0161\u00ed vylou\u010den z klubu,\u201c \u0159ekla pro Echo24 poslankyn\u011b Zuzana Majerov\u00e1 Zahradn\u00edkov\u00e1 p\u0159ed zah\u00e1jen\u00edm sch\u016fze.<\/p>\n<p>Jana \u010cernochov\u00e1&nbsp;V\u00e1clavu Klausovi ml. minul\u00fd t\u00fdden d\u016frazn\u011b vynadala za jeho postoj k \u010desk\u00e9 \u00fa\u010dasti na misi v Afgh\u00e1nist\u00e1nu.&nbsp;\u201eOd komunist\u016f a\u017e po p\u0159\u00edznivce SPD to \u010dek\u00e1m, od spolustran\u00edka nikoli. V\u00e1clav Klaus ml. publikoval v Pr\u00e1vu \u010dl\u00e1nek o operaci v Afgh\u00e1nist\u00e1nu a o na\u0161ich voj\u00e1c\u00edch. Je pln\u00fd faktick\u00fdch chyb a \u00fa\u010delov\u00fdch nep\u0159esnost\u00ed, kter\u00e9 evokuj\u00ed, \u017ee je v\u0161e \u0161patn\u011b a operace v Afgh\u00e1nist\u00e1nu i smrt na\u0161ich voj\u00e1k\u016f jsou zcela zbyte\u010dn\u00e9,\u201c napsala \u010cernochov\u00e1 v prohl\u00e1\u0161en\u00ed.<\/p>\n<p>S\u00e1m V\u00e1clav Klaus ml. redakci Echo24 \u0159ekl, \u017ee z\u00e1le\u017eitost se prob\u00edrat nebude. \u201eA jestli \u2013 bude to uzav\u0159en\u00e9 jedn\u00e1n\u00ed klubu \u2013 nikoli tyj\u00e1tr pro novin\u00e1\u0159e,\u201c napsal ve zpr\u00e1v\u011b V\u00e1clav Klaus ml.<\/p>\n<p>Den p\u0159ed jedn\u00e1n\u00edm klubu V\u00e1clav Klaus mlad\u0161\u00ed uve\u0159ejnil, \u017ee bude do Sen\u00e1tu volit sv\u00e9ho spolustran\u00edka Milana Golase, kter\u00fd kandiduje na Praze 8. Podpo\u0159il tak\u00e9 dlouholet\u00e9ho sen\u00e1tora Jaroslava Kuberu \u010di Jaroslava Zemana. Klaus se v\u0161ak vyslovil proti b\u00fdval\u00e9mu rektoru Masarykovi univerzity Mikul\u00e1\u0161i Bekovi a ne\u00fasp\u011b\u0161n\u00e9mu kandid\u00e1tovi na prezidenta Pavlu Fischerovi, kte\u0159\u00ed ve sv\u00fdch obvodech kandiduj\u00ed i s podporou ODS. \u201ePodporovat \u201enez\u00e1visl\u00e9\u201c slun\u00ed\u010dk\u00e1\u0159sk\u00e9 \u0161\u00edbry \u2013 Bek (Brno), Fischer (P12), m\u011b v\u0161ak nedonut\u00ed ani hlavn\u00ed kancel\u00e1\u0159. Politika se m\u00e1 d\u011blat principi\u00e1ln\u011b, nikoli vychcan\u011b a\u017e za hrob,\u201c uvedl V\u00e1clav Klaus ml.<\/p>\n<h2 class=\"mezititulek\">SPD je demokratick\u00e1 strana, tvrd\u00ed Klaus<\/h2>\n<p>Nen\u00ed to poprv\u00e9 co V\u00e1clav Klaus ml. podporoval jin\u00e9ho kandid\u00e1ta ne\u017e jeho strana. Ve druh\u00e9m kole prezidentsk\u00fdch voleb podporoval ve\u0159ejn\u011b sou\u010dasnou hlavu st\u00e1tu Milo\u0161e Zemana, i kdy\u017e ODS podporovala protikandid\u00e1ta Ji\u0159\u00edho Draho\u0161e. \u201eSpol\u00e9hat na prezidenta Zemana, \u017ee n\u00e1stupu nov\u00e9 postdemokracie bude \u00fa\u010dinn\u011b \u010delit, je podobn\u00e9 jako spol\u00e9hat na Edvarda Bene\u0161e v zim\u011b roku 1948. Je to taky socialista (jako Bene\u0161) a podobn\u011b nem\u00e1 sil na rozd\u00e1v\u00e1n\u00ed. Ale zas volit maskota v\u0161ech t\u011bchhle nov\u00fdch v\u011bc\u00ed \u2013 se ned\u00e1 u\u017e v\u016fbec. Budu volit Zemana,\u201c napsal tehdy V\u00e1clav Klaus ml.<\/p>\n<p>Minul\u00fd rok v listopadu se stal tak\u00e9 jedin\u00fdm poslancem Demokratick\u00e9ho bloku (tj. ODS, TOP 09, STAN a KDU-\u010cSL), jen\u017e podpo\u0159il poslance Radka Kotena (SPD) na post p\u0159edsedy bezpe\u010dnostn\u00edho v\u00fdboru. Ostatn\u00ed poslanci z \u010dtve\u0159ice stran se hlasov\u00e1n\u00ed zdr\u017eeli, nebo hlasovali proti. Klaus ml. s Kotenem, jen\u017e vzbuzuje mezi poslanci kontroverze nap\u0159\u00edklad sv\u00fdmi p\u0159\u00edsp\u011bvky na Facebooku, probl\u00e9m nem\u011bl. \u201eSPD je norm\u00e1ln\u00ed demokratick\u00e1 strana,\u201c \u0159ekl tehdy Klaus ml. pro den\u00edk Echo24.<\/p>\n<p><a href=\"https:\/\/echo24.cz\/a\/STP65\/klub-ods-resil-klause-ml-jeho-vyroky-jsou-na-hrane-toho-co-je-unosne\">Zdroj<\/a><\/p>\n","protected":false},"excerpt":{"rendered":"<p>M\u00edstop\u0159edseda strany a p\u0159edseda sen\u00e1torsk\u00e9ho klubu ODS Milo\u0161 Vystr\u010dil na tiskov\u00e9 konferenci p\u0159ed sch\u016fz\u00ed Sn\u011bmovny prohl\u00e1sil, \u017ee n\u011bkter\u00e9 v\u00fdroky V\u00e1clava Klause mlad\u0161\u00edho (ODS) z posledn\u00ed doby jsou na hran\u011b. \u201eNehodl\u00e1me vyr\u00e1\u017eet kl\u00edn kl\u00ednem. Na druh\u00e9 stran\u011b to, co dnes \u0159\u00edk\u00e1 V\u00e1clav Klaus mlad\u0161\u00ed, je, dle m\u00e9ho n\u00e1zoru, na hran\u011b toho, co je je\u0161t\u011b mo\u017en\u00e9 a [&hellip;]<\/p>\n","protected":false},"author":1,"featured_media":0,"comment_status":"open","ping_status":"open","sticky":false,"template":"","format":"standard","meta":{"ngg_post_thumbnail":0,"footnotes":""},"categories":[11],"tags":[],"class_list":["post-9152","post","type-post","status-publish","format-standard","hentry","category-ozvena"],"_links":{"self":[{"href":"https:\/\/www.ladislavjakl.cz\/index.php?rest_route=\/wp\/v2\/posts\/9152","targetHints":{"allow":["GET"]}}],"collection":[{"href":"https:\/\/www.ladislavjakl.cz\/index.php?rest_route=\/wp\/v2\/posts"}],"about":[{"href":"https:\/\/www.ladislavjakl.cz\/index.php?rest_route=\/wp\/v2\/types\/post"}],"author":[{"embeddable":true,"href":"https:\/\/www.ladislavjakl.cz\/index.php?rest_route=\/wp\/v2\/users\/1"}],"replies":[{"embeddable":true,"href":"https:\/\/www.ladislavjakl.cz\/index.php?rest_route=%2Fwp%2Fv2%2Fcomments&post=9152"}],"version-history":[{"count":1,"href":"https:\/\/www.ladislavjakl.cz\/index.php?rest_route=\/wp\/v2\/posts\/9152\/revisions"}],"predecessor-version":[{"id":9153,"href":"https:\/\/www.ladislavjakl.cz\/index.php?rest_route=\/wp\/v2\/posts\/9152\/revisions\/9153"}],"wp:attachment":[{"href":"https:\/\/www.ladislavjakl.cz\/index.php?rest_route=%2Fwp%2Fv2%2Fmedia&parent=9152"}],"wp:term":[{"taxonomy":"category","embeddable":true,"href":"https:\/\/www.ladislavjakl.cz\/index.php?rest_route=%2Fwp%2Fv2%2Fcategories&post=9152"},{"taxonomy":"post_tag","embeddable":true,"href":"https:\/\/www.ladislavjakl.cz\/index.php?rest_route=%2Fwp%2Fv2%2Ftags&post=9152"}],"curies":[{"name":"wp","href":"https:\/\/api.w.org\/{rel}","templated":true}]}}