{"id":9158,"date":"2018-08-24T13:06:07","date_gmt":"2018-08-24T11:06:07","guid":{"rendered":"http:\/\/www.ladislavjakl.cz\/?p=9158"},"modified":"2018-08-24T13:06:25","modified_gmt":"2018-08-24T11:06:25","slug":"klaus-prezidentem-mozna-ceka-ze-do-toho-pujdu-ja-rekl-jakl-v-rozstrelu","status":"publish","type":"post","link":"https:\/\/www.ladislavjakl.cz\/?p=9158","title":{"rendered":"Klaus prezidentem? Mo\u017en\u00e1 \u010dek\u00e1, \u017ee do toho p\u016fjdu j\u00e1, \u0159ekl Jakl v Rozst\u0159elu"},"content":{"rendered":"<p>S v\u011bt\u0161inou priorit strany Svoboda a p\u0159\u00edm\u00e1 demokracie se Ladislav Jakl, n\u011bkdej\u0161\u00ed poradce prezidenta V\u00e1clava Klause, n\u00e1zorov\u011b rozch\u00e1z\u00ed. P\u0159esto bude v sen\u00e1tn\u00edch volb\u00e1ch kandidovat pr\u00e1v\u011b za hnut\u00ed Tomia Okamury. O sv\u00e9 kandidatu\u0159e v Praze 2 a dal\u0161\u00ed budoucnosti hovo\u0159il v diskuzn\u00edm po\u0159adu Rozst\u0159el.<\/p>\n<p><!--more--><\/p>\n<p>V \u00favodu se Ladislav Jakl vyj\u00e1d\u0159il ke st\u0159etu s historikem a profesorem Igorem Luke\u0161em v po\u0159adu \u010cesk\u00e9 televize, kter\u00fd uvedl, \u017ee jedinou Jaklovou kvalifikac\u00ed je jeho ko\u0148sk\u00fd ohon. \u201eKo\u0148sk\u00fd ohon nenos\u00edm \u010dasto. Nosil jsem ho jenom ve st\u00e1tn\u00edch slu\u017eb\u00e1ch, kdy\u017e jsem m\u011bl sako a kravatu. V civilu vypad\u00e1m po\u0159\u00e1d stejn\u011b a gumi\u010dku nepou\u017e\u00edv\u00e1m,\u201c uvedl Jakl. Na dotaz moder\u00e1tora, \u0161\u00e9fredaktora MF DNES Jaroslava Plesla, zda to n\u011bjak vyu\u017eije v p\u0159edvolebn\u00ed kampani, odv\u011btil: \u201eByla by \u0161koda, kdyby ne.\u201c<\/p>\n<p>Jakl dostal nab\u00eddky z n\u011bkolika hnut\u00ed, nakonec si vybral podporu SPD. \u201eTen d\u016fvod je docela jednoduch\u00fd. Mysl\u00edm, \u017ee v \u010dase se hierarchie t\u00e9mat m\u011bn\u00ed. Te\u010f je to utahov\u00e1n\u00ed \u0161roub\u016f bruselsk\u00e9 centralizace. Jedn\u00edm ze z\u00e1kladn\u00edch&nbsp;znak\u016f toho&nbsp;je experiment s centr\u00e1ln\u011b \u0159\u00edzenou imigrac\u00ed. SPD tyto v\u011bci hl\u00e1s\u00ed nejv\u00fdrazn\u011bji a bez alibismu,\u201c vysv\u011btlil Jakl.<\/p>\n<p>Jakl je podle sv\u00fdch slov srozum\u011bn s SPD v hlavn\u00edch bodech programu &#8211; ve vztahu k masov\u00e9 imigraci a bruselsk\u00e9 centralizaci. \u201eV ostatn\u00edch bodech rozd\u00edl vid\u00edm,\u201c dodal.<\/p>\n<p>\u201eOb\u0159\u00edch rozm\u011br\u016f migrace nabyla po rozhodnut\u00ed Evropsk\u00e9 unie, \u017ee nebudou respektov\u00e1ny dublinsk\u00e9 dohody a velk\u00e1 \u010d\u00e1st schengensk\u00e9 dohody. Tato politika se mus\u00ed zm\u011bnit a nezm\u011bn\u00ed se bez tlaku jednotliv\u00fdch \u010dlensk\u00fdch zem\u00ed,\u201c uvedl.<\/p>\n<p>Politick\u00e9ho l\u00eddra nem\u00e1 v \u010cesku podle n\u011bj pravice, ani levice. \u201eMysl\u00edm, \u017ee l\u00eddra nem\u00e1 v\u016fbec nikdo. M\u016f\u017eeme si myslet o Klausech a Zemanech cokoliv, ale nikdo jim nem\u016f\u017ee up\u0159\u00edt, \u017ee to byly nejd\u016fle\u017eit\u011bj\u0161\u00ed persony v politice,\u201c mysl\u00ed si b\u00fdval\u00fd poradce exprezidenta V\u00e1clava Klause.<\/p>\n<p>Dotaz, zda V\u00e1clav Klas pl\u00e1nuje znovu kandidovat na prezidenta, ho nep\u0159ekvapil. \u201eJ\u00e1 jsem podobnou ot\u00e1zku dostal mockr\u00e1t. Nikdy jsem od n\u011bj \u017e\u00e1dn\u00e9 kroky v tomto smyslu nezaregistroval, ale do hlavy mu nevid\u00edm,\u201c odpov\u011bd\u011bl. Podle n\u011bj u\u017e si Klaus nechce p\u00e1lit prsty a ch\u00e1pe, \u017ee mu vyhovuje komentovat d\u011bn\u00ed pouze zven\u010d\u00ed. \u201eMo\u017en\u00e1 \u010dek\u00e1, \u017ee do toho p\u016fjdu j\u00e1,\u201c uzav\u0159el Jakl.<\/p>\n<p>Klaus&nbsp;<a href=\"https:\/\/hradec.idnes.cz\/klaus-cesta-na-snezku-jakl-spd-volby-d7f-\/hradec-zpravy.aspx?c=A180810_141944_hradec-zpravy_zuf\">\u00famysl sv\u00e9ho dlouholet\u00e9ho bl\u00edzk\u00e9ho spolupracovn\u00edka kandidovat za SPD podpo\u0159il.<\/a>\u201eRozum\u00edm tomu, \u017ee pan Jakl souc\u00edt\u00ed se stranou, za kterou kandiduje, jednu z\u00e1sadn\u00ed v\u011bc. A sice neuv\u011b\u0159itelnou hrozbu, kterou p\u0159edstavuje masov\u00e1 migrace do Evropy a tato strana, cokoli dal\u0161\u00edho si o n\u00ed m\u016f\u017eeme myslet, je u n\u00e1s jedin\u00e1, kter\u00e1 m\u00e1 v tomto smyslu zcela jednozna\u010dn\u00fd n\u00e1zor,\u201c \u0159ekl exprezident.<\/p>\n<p>B\u00fdval\u00fd \u0159editel politick\u00e9ho odboru&nbsp;<a class=\"vvword\" href=\"http:\/\/go.idnes.bbelements.com\/please\/redirect\/104\/1\/10\/7\/?param=159530\/151167_0_\" target=\"_blank\" rel=\"noopener\">kancel\u00e1\u0159e<\/a>&nbsp;prezidenta bude kandidovat na Praze 2, jeho soupe\u0159i mimo jin\u00e9 budou ne\u00fasp\u011b\u0161n\u00fd prezidentsk\u00fd kandid\u00e1t&nbsp;Marek Hil\u0161er&nbsp;(Nez\u00e1visl\u00fd) nebo sen\u00e1tor za Pir\u00e1ty&nbsp;Libor Mich\u00e1lek.<\/p>\n<p>P\u0159ehled v\u0161ech kandid\u00e1t\u016f do Sen\u00e1tu&nbsp;<a href=\"https:\/\/zpravy.idnes.cz\/volby-senat-podzim-kandidat-seznam-du2-\/domaci.aspx?c=A180801_165248_domaci_skr\">najdete zde<\/a>.<\/p>\n<p><a href=\"https:\/\/zpravy.idnes.cz\/rozstrel-ladislav-jakl-spd-senat-kandidat-praha-2-f6e-\/domaci.aspx?c=A180822_123825_domaci_pmk\">Zdroj<\/a><\/p>\n<p>&nbsp;<\/p>\n","protected":false},"excerpt":{"rendered":"<p>S v\u011bt\u0161inou priorit strany Svoboda a p\u0159\u00edm\u00e1 demokracie se Ladislav Jakl, n\u011bkdej\u0161\u00ed poradce prezidenta V\u00e1clava Klause, n\u00e1zorov\u011b rozch\u00e1z\u00ed. P\u0159esto bude v sen\u00e1tn\u00edch volb\u00e1ch kandidovat pr\u00e1v\u011b za hnut\u00ed Tomia Okamury. O sv\u00e9 kandidatu\u0159e v Praze 2 a dal\u0161\u00ed budoucnosti hovo\u0159il v diskuzn\u00edm po\u0159adu Rozst\u0159el.<\/p>\n","protected":false},"author":1,"featured_media":0,"comment_status":"open","ping_status":"open","sticky":false,"template":"","format":"standard","meta":{"ngg_post_thumbnail":0,"footnotes":""},"categories":[22,11,13,12],"tags":[],"class_list":["post-9158","post","type-post","status-publish","format-standard","hentry","category-jakl-senator","category-ozvena","category-rozhovory","category-video"],"_links":{"self":[{"href":"https:\/\/www.ladislavjakl.cz\/index.php?rest_route=\/wp\/v2\/posts\/9158","targetHints":{"allow":["GET"]}}],"collection":[{"href":"https:\/\/www.ladislavjakl.cz\/index.php?rest_route=\/wp\/v2\/posts"}],"about":[{"href":"https:\/\/www.ladislavjakl.cz\/index.php?rest_route=\/wp\/v2\/types\/post"}],"author":[{"embeddable":true,"href":"https:\/\/www.ladislavjakl.cz\/index.php?rest_route=\/wp\/v2\/users\/1"}],"replies":[{"embeddable":true,"href":"https:\/\/www.ladislavjakl.cz\/index.php?rest_route=%2Fwp%2Fv2%2Fcomments&post=9158"}],"version-history":[{"count":1,"href":"https:\/\/www.ladislavjakl.cz\/index.php?rest_route=\/wp\/v2\/posts\/9158\/revisions"}],"predecessor-version":[{"id":9159,"href":"https:\/\/www.ladislavjakl.cz\/index.php?rest_route=\/wp\/v2\/posts\/9158\/revisions\/9159"}],"wp:attachment":[{"href":"https:\/\/www.ladislavjakl.cz\/index.php?rest_route=%2Fwp%2Fv2%2Fmedia&parent=9158"}],"wp:term":[{"taxonomy":"category","embeddable":true,"href":"https:\/\/www.ladislavjakl.cz\/index.php?rest_route=%2Fwp%2Fv2%2Fcategories&post=9158"},{"taxonomy":"post_tag","embeddable":true,"href":"https:\/\/www.ladislavjakl.cz\/index.php?rest_route=%2Fwp%2Fv2%2Ftags&post=9158"}],"curies":[{"name":"wp","href":"https:\/\/api.w.org\/{rel}","templated":true}]}}