{"id":9160,"date":"2018-08-27T13:50:07","date_gmt":"2018-08-27T11:50:07","guid":{"rendered":"http:\/\/www.ladislavjakl.cz\/?p=9160"},"modified":"2018-08-27T13:50:07","modified_gmt":"2018-08-27T11:50:07","slug":"pripad-klaus-jr","status":"publish","type":"post","link":"https:\/\/www.ladislavjakl.cz\/?p=9160","title":{"rendered":"P\u0159\u00edpad Klaus jr."},"content":{"rendered":"<p class=\"article-komentar__preview\">Pades\u00e1tilet\u00e9 smutn\u00e9 v\u00fdro\u010d\u00ed dvojte\u010dky k normalizaci si jedna strana p\u0159ipomn\u011bla t\u00edm zp\u016fsobem, \u017ee jej\u00ed poslaneck\u00fd klub v\u011bnuje podstatnou \u010d\u00e1st sv\u00e9ho zased\u00e1n\u00ed tomu, \u017ee jeden z \u0159adov\u00fdch poslanc\u016f projevil v jedn\u00e9 v\u011bci jin\u00fd n\u00e1zor ne\u017e veden\u00ed a v jin\u00e9 v\u011bci nedodr\u017eel stranickou discipl\u00ednu. Tou stranou je ODS, \u0159adov\u00fdm \u010dlenem V\u00e1clav Klaus ml., prvn\u00ed v\u011bc\u00ed jeho skepse ke smysluplnosti \u010desk\u00e9 vojensk\u00e9 mise v Afgh\u00e1nist\u00e1nu, druhou podpora kandid\u00e1ta Okamurovy SPD v sen\u00e1tn\u00edch volb\u00e1ch.<\/p>\n<p><!--more--><\/p>\n<p class=\"article-komentar__preview\">Kdo m\u00e1 v obou bodech pravdu, Klaus, nebo jeho strana? V\u011bcn\u011b vid\u011bno je to 1:1. Podporovat kandid\u00e1ta jin\u00e9 strany, by\u0165 je to bl\u00edzk\u00fd spolupracovn\u00edk otce (Ladislav Jakl), je nepochopiteln\u00e9. Dalo by se to sn\u00e1z pochopit, kdyby mu na kandid\u00e1tovi vlastn\u00ed strany (v tomto p\u0159\u00edpad\u011b herci Vladim\u00edru Kratinovi) n\u011bco z\u00e1sadn\u011b vadilo nebo kdyby se osobn\u011b nesn\u00e1\u0161eli. Toto je jin\u00fd p\u0159\u00edpad: Klausovi je kandid\u00e1t vlastn\u00ed strany z\u0159ejm\u011b lhostejn\u00fd, a tak podpo\u0159\u00ed kandid\u00e1ta SPD, kter\u00fd m\u00e1 stejn\u011b jen zanedbatelnou \u0161anci usp\u011bt. Spolustran\u00edci si z epizody mohou odvodit, \u017ee Klausovi je tak trochu voln\u00e1 cel\u00e1 jejich strana, \u017ee ji pou\u017e\u00edv\u00e1 jako nosi\u010d pro svou politickou ambici.&nbsp;&nbsp;<\/p>\n<p class=\"article-komentar__preview\">M\u016f\u017eeme p\u0159edpokl\u00e1dat, \u017ee spor Kratina versus Jakl je zn\u00e1m\u00e1 posledn\u00ed kapka, v n\u00ed\u017e se projevuje naturel V\u00e1clava Klause ml. R\u016fzn\u00ed kolegov\u00e9 z poslaneck\u00e9ho klubu ho u\u017e od ustaven\u00ed klubu loni na podzim priv\u00e1tn\u011b kritizuj\u00ed za nekolegialitu, \u017ee hraje na sebe a je v tomto ohledu je\u0161t\u011b vyvinut\u011bj\u0161\u00ed ne\u017e jeho otec. Na&nbsp; druhou stranu je politika v\u017edycky i v\u00e1\u017een\u00ed n\u00e1klad\u016f a v\u00fdnos\u016f, p\u0159i\u010dem\u017e dne\u0161n\u00ed garnitura ODS je celkov\u011b tak bezbarv\u00e1, \u017ee mlad\u00e9ho Klause by si m\u011bli piplat. Je z nich bohu\u017eel dnes skoro jedin\u00fd, kdo dok\u00e1\u017ee vzbudit n\u011bjak\u00e9 emoce, a kdo&nbsp;kdy\u017e promluv\u00ed, m\u00e1 zaji\u0161t\u011bnou pozornost i daleko za hranicemi ob\u010danskodemokratick\u00e9ho elektor\u00e1tu.<\/p>\n<p><a href=\"https:\/\/echo24.cz\/a\/SXByH\/pripad-klaus-jr\">Zdroj<\/a><\/p>\n","protected":false},"excerpt":{"rendered":"<p>Pades\u00e1tilet\u00e9 smutn\u00e9 v\u00fdro\u010d\u00ed dvojte\u010dky k normalizaci si jedna strana p\u0159ipomn\u011bla t\u00edm zp\u016fsobem, \u017ee jej\u00ed poslaneck\u00fd klub v\u011bnuje podstatnou \u010d\u00e1st sv\u00e9ho zased\u00e1n\u00ed tomu, \u017ee jeden z \u0159adov\u00fdch poslanc\u016f projevil v jedn\u00e9 v\u011bci jin\u00fd n\u00e1zor ne\u017e veden\u00ed a v jin\u00e9 v\u011bci nedodr\u017eel stranickou discipl\u00ednu. Tou stranou je ODS, \u0159adov\u00fdm \u010dlenem V\u00e1clav Klaus ml., prvn\u00ed v\u011bc\u00ed jeho skepse [&hellip;]<\/p>\n","protected":false},"author":1,"featured_media":0,"comment_status":"open","ping_status":"open","sticky":false,"template":"","format":"standard","meta":{"ngg_post_thumbnail":0,"footnotes":""},"categories":[11],"tags":[],"class_list":["post-9160","post","type-post","status-publish","format-standard","hentry","category-ozvena"],"_links":{"self":[{"href":"https:\/\/www.ladislavjakl.cz\/index.php?rest_route=\/wp\/v2\/posts\/9160","targetHints":{"allow":["GET"]}}],"collection":[{"href":"https:\/\/www.ladislavjakl.cz\/index.php?rest_route=\/wp\/v2\/posts"}],"about":[{"href":"https:\/\/www.ladislavjakl.cz\/index.php?rest_route=\/wp\/v2\/types\/post"}],"author":[{"embeddable":true,"href":"https:\/\/www.ladislavjakl.cz\/index.php?rest_route=\/wp\/v2\/users\/1"}],"replies":[{"embeddable":true,"href":"https:\/\/www.ladislavjakl.cz\/index.php?rest_route=%2Fwp%2Fv2%2Fcomments&post=9160"}],"version-history":[{"count":1,"href":"https:\/\/www.ladislavjakl.cz\/index.php?rest_route=\/wp\/v2\/posts\/9160\/revisions"}],"predecessor-version":[{"id":9161,"href":"https:\/\/www.ladislavjakl.cz\/index.php?rest_route=\/wp\/v2\/posts\/9160\/revisions\/9161"}],"wp:attachment":[{"href":"https:\/\/www.ladislavjakl.cz\/index.php?rest_route=%2Fwp%2Fv2%2Fmedia&parent=9160"}],"wp:term":[{"taxonomy":"category","embeddable":true,"href":"https:\/\/www.ladislavjakl.cz\/index.php?rest_route=%2Fwp%2Fv2%2Fcategories&post=9160"},{"taxonomy":"post_tag","embeddable":true,"href":"https:\/\/www.ladislavjakl.cz\/index.php?rest_route=%2Fwp%2Fv2%2Ftags&post=9160"}],"curies":[{"name":"wp","href":"https:\/\/api.w.org\/{rel}","templated":true}]}}