{"id":9164,"date":"2018-08-27T13:53:47","date_gmt":"2018-08-27T11:53:47","guid":{"rendered":"http:\/\/www.ladislavjakl.cz\/?p=9164"},"modified":"2018-08-27T13:53:47","modified_gmt":"2018-08-27T11:53:47","slug":"klaus-mladsi-odmitl-slunickarske-sibry-je-soliter-vyroky-jsou-na-hrane-zni-z-ods","status":"publish","type":"post","link":"https:\/\/www.ladislavjakl.cz\/?p=9164","title":{"rendered":"Klaus mlad\u0161\u00ed odm\u00edtl \u201eslun\u00ed\u010dk\u00e1\u0159sk\u00e9 \u0161\u00edbry\u201c. Je solit\u00e9r, v\u00fdroky jsou na hran\u011b, zn\u00ed z ODS"},"content":{"rendered":"<p>N\u011bkter\u00e9 v\u00fdroky V\u00e1clava Klause mlad\u0161\u00edho (ODS) z posledn\u00ed doby jsou na hran\u011b toho, co je \u00fanosn\u00e9. \u0158ekl to m\u00edstop\u0159edseda strany a p\u0159edseda sen\u00e1torsk\u00e9ho klubu ODS Milo\u0161 Vystr\u010dil na dne\u0161n\u00ed tiskov\u00e9 konferenci p\u0159ed sch\u016fz\u00ed Sn\u011bmovny. Vystr\u010dil se z\u00fa\u010dastnil jedn\u00e1n\u00ed poslaneck\u00e9ho klubu ob\u010dansk\u00fdch demokrat\u016f, na n\u011bm\u017e se o postoj\u00edch Klause debatovalo. Vystr\u010dil dodal, \u017ee je mo\u017en\u00e9, \u017ee z\u00e1le\u017eitost se bude \u0159e\u0161it pouze intern\u011b.<\/p>\n<p><!--more--><\/p>\n<p><strong>\u201eNehodl\u00e1me vyr\u00e1\u017eet kl\u00edn kl\u00ednem. Na druh\u00e9 stran\u011b to, co dnes \u0159\u00edk\u00e1&nbsp;<a class=\"celebrity celebwiki\" href=\"https:\/\/celebwiki.blesk.cz\/osobnost\/2365\/vaclav-klaus\/\" target=\"_blank\" rel=\"noopener\">V\u00e1clav Klaus&nbsp;<\/a>mlad\u0161\u00ed, je, dle m\u00e9ho n\u00e1zoru, na hran\u011b toho, co je je\u0161t\u011b mo\u017en\u00e9 a \u00fanosn\u00e9,\u201c&nbsp;<\/strong>uvedl&nbsp;<a class=\"celebrity celebwiki\" href=\"https:\/\/celebwiki.blesk.cz\/osobnost\/4760\/milos-vystrcil\/\" target=\"_blank\" rel=\"noopener\">Vystr\u010dil<\/a>.<\/p>\n<p>\u201eKdy\u017e chcete b\u00fdt \u00fasp\u011b\u0161n\u00ed, mus\u00edte tvo\u0159it t\u00fdm. A t\u00fdm se skl\u00e1d\u00e1 z lid\u00ed, kte\u0159\u00ed spolupracuj\u00ed, a ne ze solit\u00e9r\u016f,\u201c dodal s t\u00edm, \u017ee u Klause ml. podez\u0159en\u00ed na solit\u00e9rstv\u00ed panuje.&nbsp;<strong>Pr\u00e1v\u011b absenci t\u00fdmov\u00e9ho ducha Klausovi ji\u017e d\u0159\u00edve vytkla i poslankyn\u011b ODS&nbsp;<\/strong><a class=\"celebrity celebwiki\" href=\"https:\/\/celebwiki.blesk.cz\/osobnost\/4831\/jana-cernochova\/\" target=\"_blank\" rel=\"noopener\">Jana \u010cernochov\u00e1<\/a><strong>.<\/strong><\/p>\n<p><strong>Syn b\u00fdval\u00e9ho prezidenta si v posledn\u00ed dob\u011b vyslou\u017eil kritiku mimo jin\u00e9 za \u010dl\u00e1nek, v n\u011bm\u017e zpochybnil \u010deskou vojenskou misi v Afgh\u00e1nist\u00e1nu.<\/strong>&nbsp;Podle jeho stranick\u00e9 kolegyn\u011b \u010cernochov\u00e9 v n\u011bm Klaus uv\u00e1d\u011bl nepravdiv\u00e9 informace. Doporu\u010dila mu, aby se rad\u011bji v\u011bnoval \u0161kolstv\u00ed, \u201ekter\u00e9mu docela rozum\u00ed\u201c.<\/p>\n<h2>Pobou\u0159il Jaklem<\/h2>\n<p>Proti vlastn\u00ed stran\u011b se Klaus postavil i ozn\u00e1men\u00edm, \u017ee ve volb\u00e1ch do Sen\u00e1tu podpo\u0159\u00ed spolupracovn\u00edka sv\u00e9ho otce Ladislava Jakla, kter\u00fd kandiduje v Praze 2 s podporou SPD.<\/p>\n<p>Pr\u00e1v\u011b ozn\u00e1men\u00ed o podpo\u0159e Jakla Klaus mlad\u0161\u00ed na Facebooku komentoval slovy o vyr\u00e1\u017een\u00ed kl\u00ednu kl\u00ednem, na kter\u00e9 dnes nar\u00e1\u017eel na tiskovce ODS m\u00edstop\u0159edseda Vystr\u010dil. V reakci na kritiku za postoj k mis\u00edm v Afgh\u00e1nist\u00e1nu Klaus toti\u017e napsal:&nbsp;<strong>\u201eRad\u0161i vyraz\u00edme kl\u00edn kl\u00ednem: Podporuji Ladislava Jakla do Sen\u00e1tu. Byl by jist\u011b ne\u00faplatn\u00fdm, svobodomysln\u00fdm a pravicov\u00fdm sen\u00e1torem.<\/strong>&nbsp;Ty, kter\u00e9 roz\u010diluje, \u017ee kandiduje s podporou SPD &#8211; v principu roz\u010diluje, \u017ee v\u016fbec kandiduje.\u201c<\/p>\n<h2><strong>Klaus zkritizoval slun\u00ed\u0159k\u00e1\u0159sk\u00e9 \u0161\u00edbry<br \/>\n<\/strong><\/h2>\n<p>V pond\u011bl\u00ed ve\u010der na sv\u00e9m profilu na Facebooku Klaus napsal, \u017ee v Praze 8 bude volit kandid\u00e1ta ODS Milana Golase.&nbsp;<strong>\u201eA up\u0159\u00edmn\u011b podporuji i dal\u0161\u00ed norm\u00e1ln\u00ed kandid\u00e1ty ODS,\u201c<\/strong>&nbsp;podotkl a zm\u00ednil&nbsp;<a class=\"celebrity celebwiki\" href=\"https:\/\/celebwiki.blesk.cz\/osobnost\/2703\/jaroslav-kubera\/\" target=\"_blank\" rel=\"noopener\">Jaroslava Kuberu<\/a>&nbsp;a Jaroslava Zemana. Odm\u00edtl v\u0161ak rektora Masarykovy univerzity Mikul\u00e1\u0161e Beka nebo b\u00fdval\u00e9ho diplomata&nbsp;<a class=\"celebrity celebwiki\" href=\"https:\/\/celebwiki.blesk.cz\/osobnost\/5378\/pavel-fischer\/\" target=\"_blank\" rel=\"noopener\">Pavla Fischera<\/a>.&nbsp;<strong>\u201ePodporovat \u2032nez\u00e1visl\u00e9\u2032 slun\u00ed\u010dka\u0159sk\u00e9 \u0161\u00edbry &#8211; Bek (Brno), Fischer (P12), m\u011b v\u0161ak nedonut\u00ed ani hlavn\u00ed kancel\u00e1\u0159,\u201c<\/strong>&nbsp;napsal Klaus.<\/p>\n<p>Vystr\u010dil spole\u010dn\u011b s m\u00edstop\u0159edsedou poslaneck\u00e9ho klubu ODS Janem Bauerem dnes \u0159ekli novin\u00e1\u0159\u016fm, \u017ee&nbsp;<strong>stanovisko klubu k v\u00fdrok\u016fm Klause zat\u00edm nen\u00ed<\/strong>. Vystr\u010dil poznamenal, \u017ee je ot\u00e1zkou, zda n\u011bjak\u00e9 bude a pokud ano, tak zda bude ve\u0159ejn\u00e9.&nbsp;<strong>Z\u00e1le\u017eitost by si \u010dlenov\u00e9 klubu mohli vy\u0159\u00edkat mezi sebou, jako se to d\u011bl\u00e1 v rodin\u011b, dodal.<\/strong><\/p>\n<p>Klaus p\u0159itom na sv\u016fj Facebook um\u00edstil i fotku z metra &#8211; mo\u017en\u00e1 s nar\u00e1\u017ekou odj\u00ed\u017ed\u011bn\u00ed metrem Bohuslava Sobotky (\u010cSSD) z vysok\u00e9 politiky. N\u011bco takov\u00e9ho se v\u0161ak u Klause ml. moment\u00e1ln\u011b ne\u010dek\u00e1.<\/p>\n<p><a href=\"https:\/\/www.blesk.cz\/clanek\/zpravy-politika\/560492\/klaus-mladsi-odmitl-slunickarske-sibry-je-soliter-vyroky-jsou-na-hrane-zni-z-ods.html\">Zdroj<\/a><\/p>\n","protected":false},"excerpt":{"rendered":"<p>N\u011bkter\u00e9 v\u00fdroky V\u00e1clava Klause mlad\u0161\u00edho (ODS) z posledn\u00ed doby jsou na hran\u011b toho, co je \u00fanosn\u00e9. \u0158ekl to m\u00edstop\u0159edseda strany a p\u0159edseda sen\u00e1torsk\u00e9ho klubu ODS Milo\u0161 Vystr\u010dil na dne\u0161n\u00ed tiskov\u00e9 konferenci p\u0159ed sch\u016fz\u00ed Sn\u011bmovny. Vystr\u010dil se z\u00fa\u010dastnil jedn\u00e1n\u00ed poslaneck\u00e9ho klubu ob\u010dansk\u00fdch demokrat\u016f, na n\u011bm\u017e se o postoj\u00edch Klause debatovalo. Vystr\u010dil dodal, \u017ee je mo\u017en\u00e9, \u017ee [&hellip;]<\/p>\n","protected":false},"author":1,"featured_media":0,"comment_status":"open","ping_status":"open","sticky":false,"template":"","format":"standard","meta":{"ngg_post_thumbnail":0,"footnotes":""},"categories":[11],"tags":[],"class_list":["post-9164","post","type-post","status-publish","format-standard","hentry","category-ozvena"],"_links":{"self":[{"href":"https:\/\/www.ladislavjakl.cz\/index.php?rest_route=\/wp\/v2\/posts\/9164","targetHints":{"allow":["GET"]}}],"collection":[{"href":"https:\/\/www.ladislavjakl.cz\/index.php?rest_route=\/wp\/v2\/posts"}],"about":[{"href":"https:\/\/www.ladislavjakl.cz\/index.php?rest_route=\/wp\/v2\/types\/post"}],"author":[{"embeddable":true,"href":"https:\/\/www.ladislavjakl.cz\/index.php?rest_route=\/wp\/v2\/users\/1"}],"replies":[{"embeddable":true,"href":"https:\/\/www.ladislavjakl.cz\/index.php?rest_route=%2Fwp%2Fv2%2Fcomments&post=9164"}],"version-history":[{"count":1,"href":"https:\/\/www.ladislavjakl.cz\/index.php?rest_route=\/wp\/v2\/posts\/9164\/revisions"}],"predecessor-version":[{"id":9165,"href":"https:\/\/www.ladislavjakl.cz\/index.php?rest_route=\/wp\/v2\/posts\/9164\/revisions\/9165"}],"wp:attachment":[{"href":"https:\/\/www.ladislavjakl.cz\/index.php?rest_route=%2Fwp%2Fv2%2Fmedia&parent=9164"}],"wp:term":[{"taxonomy":"category","embeddable":true,"href":"https:\/\/www.ladislavjakl.cz\/index.php?rest_route=%2Fwp%2Fv2%2Fcategories&post=9164"},{"taxonomy":"post_tag","embeddable":true,"href":"https:\/\/www.ladislavjakl.cz\/index.php?rest_route=%2Fwp%2Fv2%2Ftags&post=9164"}],"curies":[{"name":"wp","href":"https:\/\/api.w.org\/{rel}","templated":true}]}}