{"id":9166,"date":"2018-08-28T13:23:09","date_gmt":"2018-08-28T11:23:09","guid":{"rendered":"http:\/\/www.ladislavjakl.cz\/?p=9166"},"modified":"2018-08-28T13:23:09","modified_gmt":"2018-08-28T11:23:09","slug":"jak-dopadne-20-nejzajimavejsich-kandidatu-a-kandidatek-ve-volbach-do-senatu","status":"publish","type":"post","link":"https:\/\/www.ladislavjakl.cz\/?p=9166","title":{"rendered":"Jak dopadne 20 nejzaj\u00edmav\u011bj\u0161\u00edch kandid\u00e1t\u016f a kandid\u00e1tek ve volb\u00e1ch do Sen\u00e1tu"},"content":{"rendered":"<p>Leto\u0161n\u00ed volby do t\u0159etiny Sen\u00e1tu nab\u00edzej\u00ed v&nbsp;n\u011bkter\u00fdch obvodech pozoruhodn\u00e9 souboje, proto\u017ee se zde objevuj\u00ed zaj\u00edmav\u00ed lid\u00e9. Celkem se o post v&nbsp;horn\u00ed komo\u0159e parlamentu letos uch\u00e1z\u00ed 236 kandid\u00e1t\u016f, z&nbsp;toho je 194 mu\u017e\u016f a pouze 42 \u017een. I zn\u00e1m\u00fd \u010dlov\u011bk s&nbsp;vyhran\u011bn\u00fdmi n\u00e1zory ale nemus\u00ed vyhr\u00e1t, tak volebn\u00ed matematika v\u016fbec nefunguje. Pod\u00edvejme se na n\u011bkter\u00e1 jm\u00e9na, kter\u00e1 mohou kv\u016fli sv\u00fdm postoj\u016fm p\u0159it\u00e1hnout pozornost. A tak\u00e9 na to, jak mohou dopadnout.<\/p>\n<p><!--more--><\/p>\n<p class=\"selectionShareable\"><strong>Jitka Chal\u00e1nkov\u00e1&nbsp;<\/strong>(obvod Prost\u011bjov, nez\u00e1visl\u00e1 kandid\u00e1tka, 61 let)<\/p>\n<p class=\"selectionShareable\">B\u00fdval\u00e1 poslankyn\u011b za TOP 09 z&nbsp;t\u00e9to strany letos vystoupila se zd\u016fvodn\u011bn\u00edm, \u017ee topka se zpronev\u011b\u0159ila sv\u00fdm konzervativn\u00edm hodnot\u00e1m a \u017ee zpochyb\u0148uje pojmy jako rodina, vlast, \u0159\u00e1d a z\u00e1kladn\u00ed lidsk\u00e1 pr\u00e1va. Chal\u00e1nkov\u00e1 se stav\u011bla se proti povinn\u00fdm kv\u00f3t\u00e1m pro uprchl\u00edky v EU a v\u00fdrazn\u011b se anga\u017eovala ve zn\u00e1m\u00e9m sporu Evy Michal\u00e1kov\u00e9 s&nbsp;norsk\u00fdmi \u00fa\u0159ady o n\u00e1vratu jejich dvou d\u011bt\u00ed z&nbsp;t\u00e9to skandin\u00e1vsk\u00e9 zem\u011b do \u010ceska. Pos\u00edlila by v&nbsp;Sen\u00e1tu konzervativn\u00ed k\u0159\u00eddlo. N\u00e1\u0161 tip: Postoup\u00ed do druh\u00e9ho kola.<\/p>\n<p class=\"selectionShareable\"><strong>Zdenka Crkvenja\u0161-N\u011bme\u010dkov\u00e1<\/strong>&nbsp;(obvod Ostrava-m\u011bsto, nez\u00e1visl\u00e1 kandid\u00e1tka, 42 let)<\/p>\n<p class=\"selectionShareable\">Tato zn\u00e1m\u00e1 p\u0159ednostka Kliniky pop\u00e1leninov\u00e9 medic\u00edny ve Fakultn\u00ed nemocnici Ostrava je man\u017eelkou n\u011bkdej\u0161\u00edho ministra zdravotnictv\u00ed Svatopluka N\u011bme\u010dka. Do pov\u011bdom\u00ed \u0161irok\u00e9 ve\u0159ejnosti se dostala, kdy\u017e operovala romskou hol\u010di\u010dku Nat\u00e1lii Kudrikovou po odporn\u00e9m \u017eh\u00e1\u0159sk\u00e9m \u00fatoku ve V\u00edtkov\u011b. Podporuje ji ODS, Strana soukromn\u00edk\u016f i TOP 09. N\u00e1\u0161 tip: Postoup\u00ed do druh\u00e9ho kola.<\/p>\n<p class=\"selectionShareable\"><strong>Pavel B\u011blobr\u00e1dek<\/strong>&nbsp;(obvod N\u00e1chod, KDU-\u010cSL, 41 let)<\/p>\n<p class=\"selectionShareable\">Velmi siln\u00fd kandid\u00e1t, proto\u017ee je p\u0159edsedou parlamentn\u00edch lidovc\u016f a nen\u00ed pot\u0159eba ho ve\u0159ejnosti nijak p\u0159edstavovat. Jeho n\u00e1zory jsou jasn\u00e9. Vstup do Sen\u00e1tu m\u016f\u017ee b\u00fdt pro B\u011blobr\u00e1dka zaj\u00edmavou politickou strategi\u00ed, proto\u017ee pokud se to poda\u0159\u00ed, pat\u0159il by k&nbsp;jednomu z&nbsp;v\u00fdrazn\u00fdch kandid\u00e1t\u016f na nov\u00e9ho \u0161\u00e9fa horn\u00ed komory parlamentu. N\u00e1\u0161 tip: Stane se sen\u00e1torem.<\/p>\n<p class=\"selectionShareable\"><strong>Jaroslav Kubera<\/strong>&nbsp;(obvod Teplice, ODS, 71 let)<\/p>\n<p class=\"selectionShareable\">Tento prim\u00e1tor Teplic a sou\u010dasn\u00fd m\u00edstop\u0159edsedu Sen\u00e1tu je tak\u00e9 ve\u0159ejnosti dob\u0159e zn\u00e1m. Pat\u0159\u00ed dlouhodob\u011b mezi v\u016fbec nejpopul\u00e1rn\u011bj\u0161\u00ed politiky ODS, p\u0159edev\u0161\u00edm kv\u016fli sv\u00fdm neortodoxn\u00edm n\u00e1zor\u016fm a schopnosti p\u0159ibl\u00ed\u017eit probl\u00e9my s&nbsp;nadhledem a vtipem. Sen\u00e1t je pro n\u011bj ide\u00e1ln\u00edm m\u00edstem pro uplatn\u011bn\u00ed jeho politick\u00fdch postoj. N\u00e1\u0161 tip: Stane se op\u011bt sen\u00e1torem.<\/p>\n<p class=\"selectionShareable\"><strong>Stanislav Z\u00edma<\/strong>&nbsp;(obvod T\u0159eb\u00ed\u010d, nez\u00e1visl\u00fd kandid\u00e1t, 54 let)<\/p>\n<p class=\"selectionShareable\">Jedno z&nbsp;mo\u017en\u00fdch p\u0159ekvapen\u00ed sen\u00e1tn\u00edch voleb. V&nbsp;pov\u011bdom\u00ed ve\u0159ejnosti je u\u017e mnoho let, proto\u017ee je marketingov\u00fdm \u0159editelem a tiskov\u00fdm mluv\u010d\u00edm Exim Tours, kter\u00e1 je nejv\u011bt\u0161\u00ed cestovn\u00ed kancel\u00e1\u0159\u00ed zem\u011b. V\u00fdznamn\u011b se anga\u017euje se tak\u00e9 v&nbsp;Asociaci cestovn\u00edch kancel\u00e1\u0159\u00ed. Velmi \u010dasto proto vystupuje jako expert v&nbsp;m\u00e9di\u00edch. Soust\u0159ed\u00ed se ale nap\u0159\u00edklad i na ot\u00e1zku budouc\u00edho \u00falo\u017ei\u0161t\u011b jadern\u00e9ho odpadu v&nbsp;\u010cesku, co\u017e je t\u00e9matem pr\u00e1v\u011b v&nbsp;obvodu T\u0159eb\u00ed\u010d. N\u00e1\u0161 tip: Postoup\u00ed do druh\u00e9ho kola.<\/p>\n<p class=\"selectionShareable\"><strong>Ladislav Jakl<\/strong>&nbsp;(obvod Praha 2, SPD, nestran\u00edk, 58 let)<\/p>\n<p class=\"selectionShareable\">Kandidatura dlouholet\u00e9ho bl\u00edzk\u00e9ho spolupracovn\u00edka b\u00fdval\u00e9ho prezidenta V\u00e1clava Klause vyvolala velk\u00e9 pozdvi\u017een\u00ed. Zejm\u00e9na proto, \u017ee jde do souboje jako nestran\u00edk s&nbsp;podporou strany Tomia Okamury. Jakl by byl zcela jist\u011b o\u017eiven\u00edm Sen\u00e1tu, vnesl by do n\u011bj origin\u00e1ln\u00ed n\u00e1zory, ale jeho soupe\u0159i v&nbsp;obvodu (Marek Hil\u0161er, Libor Mich\u00e1lek \u010di Vladislava Hujov\u00e1) jsou pom\u011brn\u011b siln\u00ed. N\u00e1\u0161 tip: Nepostoup\u00ed do druh\u00e9ho kola.<\/p>\n<p class=\"selectionShareable\"><strong>Ji\u0159\u00ed \u010cunek<\/strong>&nbsp;(obvod Vset\u00edn, KDU-\u010cSL, 59 let)<\/p>\n<p class=\"selectionShareable\">Jeden z&nbsp;klasick\u00fdch, ale velmi \u00fasp\u011b\u0161n\u00fdch dlouholet\u00fdch solit\u00e9r\u016f \u010desk\u00e9 politiky. Sou\u010dasn\u00fd hejtman Zl\u00ednsk\u00e9ho kraje a sen\u00e1tor je proslul\u00fd n\u00e1zory, kter\u00e9 v\u017edy nesouzn\u00ed s&nbsp;jeho KDU-\u010cSL, ale to je jeho st\u00e1l\u00e1 politick\u00e1 taktika a strategie. Zat\u00edm v\u011bt\u0161inou vych\u00e1z\u00ed. N\u00e1\u0161 tip: Stane se op\u011bt sen\u00e1torem.<\/p>\n<p class=\"selectionShareable\"><strong>Mikul\u00e1\u0161 Bek<\/strong>&nbsp;(obvod Brno-m\u011bsto, Zelen\u00ed + ODS + STAN + TOP 09, nestran\u00edk, 54 let)<\/p>\n<p class=\"selectionShareable\">Rektor uzn\u00e1van\u00e9 brn\u011bnsk\u00e9 Masarykovy univerzity n\u00e1sleduje sv\u00e9 p\u0159edch\u016fdce ve funkci. Do politiky vstoupili p\u0159edt\u00edm i jin\u00ed rekto\u0159i t\u00e9to \u0161koly &#8211; Ji\u0159\u00ed Zlatu\u0161ka a dne\u0161n\u00ed p\u0159edseda ODS Petr Fiala. Bekovi se poda\u0159ilo z\u00edskat podporu mnoha stran a to by mohlo v&nbsp;moravsk\u00e9 metropoli fungovat. N\u00e1\u0161 tip: Stane se nov\u00fdm sen\u00e1torem.<\/p>\n<p class=\"selectionShareable\"><strong>Marek Hil\u0161er<\/strong>&nbsp;(obvod Praha 2, \u201eMarek Hil\u0161er do Sen\u00e1tu\u201c, 42 let)<\/p>\n<p class=\"selectionShareable\">Tento kandid\u00e1t byl p\u0159ekvapen\u00edm leto\u0161n\u00ed prezidentsk\u00e9 volby, kdy\u017e celkov\u011b z\u00edskal 8,83 procenta hlas\u016f a volilo ho 455&nbsp;000 lid\u00ed. Tuto podporu se rozhodl vyu\u017e\u00edt i pro volby do Sen\u00e1tu. Ot\u00e1zkou ov\u0161em je, co si tento l\u00e9ka\u0159 jako velk\u00fd politick\u00fd solit\u00e9r v&nbsp;horn\u00ed komo\u0159e pak po\u010dne. S\u00e1m neprosad\u00ed v\u016fbec nic (p\u0159\u00edkladem je b\u00fdval\u00fd majitel zn\u00e1m\u00e9 cestovky V\u00e1clav Fischer). Mo\u017en\u00e1 je to ale jen p\u0159edzv\u011bst jeho dal\u0161\u00edch politick\u00fdch v\u00fdboj\u016f. N\u00e1\u0161 tip: Postoup\u00ed do druh\u00e9ho kola.<\/p>\n<p class=\"selectionShareable\"><strong>Ji\u0159\u00ed Paroubek<\/strong>&nbsp;(obvod Ostrava-m\u011bsto, nez\u00e1visl\u00fd kandid\u00e1t, 66 let)<\/p>\n<p class=\"selectionShareable\">N\u011bkdej\u0161\u00ed buldozer \u010desk\u00e9 politiky a premi\u00e9r zem\u011b se ne\u00fanavn\u011b sna\u017e\u00ed vr\u00e1tit do vysok\u00e9 politiky. Bude to m\u00edt ale velmi t\u011b\u017ek\u00e9, proto\u017ee velk\u00e1 \u010d\u00e1st ve\u0159ejnosti ho takzvan\u011b nemus\u00ed. Neprosp\u00edvaj\u00ed mu ani sou\u010dasn\u00e9 ve\u0159ejn\u011b prop\u00edran\u00e9 rozvodov\u00e9 h\u00e1dky s&nbsp;jeho man\u017eelkou Petrou Paroubkovou. Do Sen\u00e1tu u\u017e kandidoval v&nbsp;roce 2000 na Praze 8, ale tehdy nepostoupil do rozhoduj\u00edc\u00edho druh\u00e9ho kola. To by se mohlo opakovat. N\u00e1\u0161 tip: Nepostoup\u00ed do druh\u00e9ho kola.<\/p>\n<p class=\"selectionShareable\"><strong>Ivan Piln\u00fd<\/strong>&nbsp;(obvod Praha 12, hnut\u00ed ANO, 74 let)<\/p>\n<p class=\"selectionShareable\">Pan Piln\u00fd je te\u010f hodn\u011b politicky \u201epiln\u00fd\u201c. Kandiduje na pra\u017esk\u00fd magistr\u00e1t i do Sen\u00e1tu sou\u010dasn\u011b. Pro horn\u00ed komoru by byl vzhledem ke sv\u00fdm zku\u0161enostem (krom\u011b jin\u00e9ho ministr financ\u00ed) z\u0159ejm\u011b cen\u011bn\u00fdm zbo\u017e\u00edm. Nav\u00edc pat\u0159\u00ed mezi nejv\u00fdrazn\u011bj\u0161\u00ed leto\u0161n\u00ed kandid\u00e1ty hnut\u00ed ANO. Porazit ale v&nbsp;obvodu Praha 12 prezidentsk\u00e9ho kandid\u00e1ta Pavla Fischera je velk\u00fd a slo\u017eit\u00fd \u00fakol. N\u00e1\u0161 tip: Postoup\u00ed do druh\u00e9ho kola.<\/p>\n<p class=\"selectionShareable\"><strong>Ale\u0161 Gerloch<\/strong>&nbsp;(obvod Praha 12, nez\u00e1visl\u00fd kandid\u00e1t, 63 let)<\/p>\n<p class=\"selectionShareable\">\u010cesk\u00fd Sen\u00e1t by jako s\u016fl pot\u0159eboval dobr\u00e9 pr\u00e1vn\u00edky, proto\u017ee zm\u011b\u0165 z\u00e1kon\u016f, kter\u00e1 se na n\u00e1s hrne, je hodn\u011b slo\u017eit\u00e1 a nep\u0159ehledn\u00e1. Proto by byl profesor Gerloch v&nbsp;horn\u00ed komo\u0159e posilou, ostatn\u011b byl l\u00e9ta d\u011bkanem pr\u00e1vnick\u00e9 fakulty Univerzity Karlovy. Ov\u0161em ve sv\u00e9m obvodu naraz\u00ed podle v\u0161eho na kandid\u00e1ty, kter\u00e9 zn\u00e1 ve\u0159ejnost l\u00e9pe (Pavel Fischer, Ivan Piln\u00fd). Mo\u017en\u00e1 \u0161koda pro n\u00e1\u0161 parlament. N\u00e1\u0161 tip: Nepostoup\u00ed do druh\u00e9ho kola.<\/p>\n<p class=\"selectionShareable\"><strong>Franti\u0161ek Dob\u0161\u00edk<\/strong>&nbsp;(obvod Praha 12, \u010cSSD, nestran\u00edk, 55 let)<\/p>\n<p class=\"selectionShareable\">V&nbsp;tomto p\u0159\u00edpad\u011b se soci\u00e1ln\u00ed demokracie podle v\u0161eho rozhodla \u0161patn\u011b. Ne t\u00edm, \u017ee vybrala za kandid\u00e1ta Franti\u0161ka Dob\u0161\u00edka, ale proto, \u017ee ho nasadila do obvodu, kde budou soupe\u0159i nad jeho s\u00edly. \u010cSSD je v&nbsp;Praze nepopul\u00e1rn\u00ed a Dob\u0161\u00edk, kter\u00fd je zn\u00e1m\u00fdm a dlouholet\u00fdm \u0161\u00e9fem \u0161kolsk\u00fdch odbor\u016f, by m\u011bl sp\u00ed\u0161e \u0161anci bodovat mimo metropoli. Ale je to klasick\u00fd kandid\u00e1t socialist\u016f, kter\u00fdch zas letos tolik nenajdeme. N\u00e1\u0161 tip: Nepostoup\u00ed do druh\u00e9ho kola.<\/p>\n<p class=\"selectionShareable\"><strong>Ji\u0159\u00ed Draho\u0161<\/strong>&nbsp;(obvod Praha 4, KDU-\u010cSL + Zelen\u00ed + STAN + TOP 09, nestran\u00edk, 69 let)<\/p>\n<p class=\"selectionShareable\">Zd\u00e1 se, \u017ee b\u00fdval\u00fd \u0161\u00e9f Akademie v\u011bd a hlavn\u00ed soupe\u0159 Milo\u0161e Zemana v&nbsp;prezidentsk\u00e9 volb\u011b, by mohl m\u00edt sen\u00e1torsk\u00e9 m\u00edsto v&nbsp;kapse. V&nbsp;Praze m\u011bl toti\u017e v&nbsp;lednu obrovskou podporu. Uvid\u00edme, zda j\u00ed dok\u00e1\u017ee vyu\u017e\u00edt. Pokud se tak stane, bude zaj\u00edmav\u00e9 sledovat, kam se Draho\u0161 v&nbsp;Sen\u00e1tu za\u0159ad\u00ed. Do klubu lidovc\u016f, nebo STAN? N\u00e1\u0161 tip: Stane se sen\u00e1torem.<\/p>\n<p class=\"selectionShareable\"><strong>Martin \u010cerv\u00ed\u010dek<\/strong>&nbsp;(obvod N\u00e1chod, ODS, 46 let)<\/p>\n<p class=\"selectionShareable\">B\u00fdval\u00fd policejn\u00ed prezident a n\u00e1m\u011bstek Kr\u00e1lov\u00e9hradeck\u00e9ho kraje by se do sen\u00e1tn\u00ed sestavy kv\u016fli sv\u00fdm znalostem bezpe\u010dnostn\u00ed problematiky vylo\u017een\u011b hodil. Jen\u017ee v&nbsp;obvod\u011b N\u00e1chod naraz\u00ed na m\u00edstn\u00ed politickou veli\u010dinu \u2013 \u0161\u00e9fa lidovc\u016f Pavla B\u011blobr\u00e1dka. Rozhodne se mezi nimi. N\u00e1\u0161 tip: Postoup\u00ed do druh\u00e9ho kola.<\/p>\n<p class=\"selectionShareable\"><strong>Ji\u0159\u00ed Hynek<\/strong>&nbsp;(obvod Chrudim, Realist\u00e9, 57 let)<\/p>\n<p class=\"selectionShareable\">Dal\u0161\u00ed z&nbsp;lid\u00ed, kter\u00fd kandidoval v&nbsp;lednov\u00e9 prezidentsk\u00e9 volb\u011b, ve kter\u00e9 z\u00edskal ale jen 1,23 procenta hlas\u016f. Prezident Asociace obrann\u00e9ho a bezpe\u010dnostn\u00edho pr\u016fmyslu m\u00e1 jasn\u00e9 a vyhran\u011bn\u00e9 n\u00e1zory na migraci, dr\u017een\u00ed zbran\u00ed, \u010di probl\u00e9my Evropsk\u00e9 unie. Byl by o\u017eiven\u00edm Sen\u00e1tu. Ale v&nbsp;obvodu s&nbsp;a\u017e 13 kandid\u00e1ty bude velmi t\u011b\u017ek\u00e9 se prosadit. N\u00e1\u0161 tip: Nepostoup\u00ed do druh\u00e9ho kola.<\/p>\n<p class=\"selectionShareable\"><strong>Petr Nov\u00e1k<\/strong>&nbsp;(obvod Chrudim, ANO, nestran\u00edk, 70 let)<\/p>\n<p class=\"selectionShareable\">Tren\u00e9r a stvo\u0159itel legend\u00e1rn\u00ed Martiny S\u00e1bl\u00edkov\u00e9, kter\u00e1 je v\u016fbec nej\u00fasp\u011b\u0161n\u011bj\u0161\u00ed \u010deskou sportovkyn\u00ed na zimn\u00edch olympijsk\u00fdch hr\u00e1ch. U\u017e kandidoval do Sen\u00e1tu v&nbsp;roce 2014, skon\u010dil tehdy v&nbsp;prvn\u00edm kole na \u010dtvrt\u00e9m m\u00edst\u011b a nepostoupil. Jak by cht\u011bl ale sladit \u010dasov\u011b n\u00e1ro\u010dnou pr\u00e1ci tren\u00e9ra a sen\u00e1tora, nen\u00ed v\u016fbec jasn\u00e9, proto\u017ee \u010dasto pob\u00fdv\u00e1 v&nbsp;zahrani\u010d\u00ed. N\u00e1\u0161 tip: Postup do druh\u00e9ho kola by byl z\u00e1zrakem.<\/p>\n<p class=\"selectionShareable\"><strong>Luk\u00e1\u0161 Wagenknecht<\/strong>&nbsp;(obvod Praha 8, Pir\u00e1ti, nestran\u00edk, 39 let)<\/p>\n<p class=\"selectionShareable\">Nejmlad\u0161\u00ed leto\u0161n\u00ed kandid\u00e1t na sen\u00e1tora. Povinn\u00fdch 40 let mu bude a\u017e koncem z\u00e1\u0159\u00ed. Ekonom, kter\u00fd byl i n\u00e1m\u011bstkem na ministerstvu financ\u00ed v&nbsp;dob\u011b, kdy tam byl Andrej Babi\u0161. M\u00e1 velkou zku\u0161enost s&nbsp;\u010dinnost\u00ed st\u00e1tn\u00ed spr\u00e1vy, co\u017e m\u016f\u017ee b\u00fdt pro sen\u00e1tora v\u00fdhodou. V&nbsp;jeho obvodu se o\u010dek\u00e1vaj\u00ed pom\u011brn\u011b vyrovnan\u00e9 v\u00fdsledky. N\u00e1\u0161 tip: Mo\u017en\u00fd postup do druh\u00e9ho kola.<\/p>\n<p class=\"selectionShareable\"><strong>P\u0159emysl Rabas<\/strong>&nbsp;(obvod Chomutov, Sen\u00e1tor 21, nestran\u00edk, 54 let)<\/p>\n<p class=\"selectionShareable\">\u0158editel zoologick\u00e9 zahrady v&nbsp;Dvo\u0159e Kr\u00e1lov\u00e9 a \u010dlen \u0159ady zoologick\u00fdch instituc\u00ed. V&nbsp;politice se pohybuje u\u017e dvacet let na nejr\u016fzn\u011bj\u0161\u00edch \u00farovn\u00edch a byl kdysi i poslancem za Stranu Zelen\u00fdch. Pro sestavu Sen\u00e1tu by byl zpest\u0159en\u00edm. N\u00e1\u0161 tip: Postoup\u00ed do druh\u00e9ho kola.<\/p>\n<p class=\"selectionShareable\"><strong>Benjamin Kuras<\/strong>&nbsp;(obvod Praha 4, Realist\u00e9, nestran\u00edk, 74 let)<\/p>\n<p class=\"selectionShareable\">Spisovatel, publicista, autor divadeln\u00edch her a spole\u010densk\u00fd bu\u0159i\u010d. Je velk\u00fdm kritikem Evropsk\u00e9 unie, isl\u00e1mu a dnes tolik prob\u00edran\u00e9 migrace. M\u00e1 s&nbsp;t\u00edm i vlastn\u00ed zku\u0161enost, proto\u017ee kdysi emigroval do Velk\u00e9 Brit\u00e1nie. Velmi v\u00fd\u0159e\u010dn\u00fd, ale n\u011bkdy si pohr\u00e1v\u00e1 s&nbsp;fakty dost le\u017e\u00e9rn\u011b. N\u00e1\u0161 tip: Nepostoup\u00ed do druh\u00e9ho kola.<\/p>\n<p><a href=\"https:\/\/www.reflex.cz\/clanek\/komentare\/89467\/jak-dopadne-20-nejzajimavejsich-kandidatu-a-kandidatek-ve-volbach-do-senatu.html\">Zdroj<\/a><\/p>\n","protected":false},"excerpt":{"rendered":"<p>Leto\u0161n\u00ed volby do t\u0159etiny Sen\u00e1tu nab\u00edzej\u00ed v&nbsp;n\u011bkter\u00fdch obvodech pozoruhodn\u00e9 souboje, proto\u017ee se zde objevuj\u00ed zaj\u00edmav\u00ed lid\u00e9. Celkem se o post v&nbsp;horn\u00ed komo\u0159e parlamentu letos uch\u00e1z\u00ed 236 kandid\u00e1t\u016f, z&nbsp;toho je 194 mu\u017e\u016f a pouze 42 \u017een. I zn\u00e1m\u00fd \u010dlov\u011bk s&nbsp;vyhran\u011bn\u00fdmi n\u00e1zory ale nemus\u00ed vyhr\u00e1t, tak volebn\u00ed matematika v\u016fbec nefunguje. Pod\u00edvejme se na n\u011bkter\u00e1 jm\u00e9na, kter\u00e1 mohou [&hellip;]<\/p>\n","protected":false},"author":1,"featured_media":0,"comment_status":"open","ping_status":"open","sticky":false,"template":"","format":"standard","meta":{"ngg_post_thumbnail":0,"footnotes":""},"categories":[11],"tags":[],"class_list":["post-9166","post","type-post","status-publish","format-standard","hentry","category-ozvena"],"_links":{"self":[{"href":"https:\/\/www.ladislavjakl.cz\/index.php?rest_route=\/wp\/v2\/posts\/9166","targetHints":{"allow":["GET"]}}],"collection":[{"href":"https:\/\/www.ladislavjakl.cz\/index.php?rest_route=\/wp\/v2\/posts"}],"about":[{"href":"https:\/\/www.ladislavjakl.cz\/index.php?rest_route=\/wp\/v2\/types\/post"}],"author":[{"embeddable":true,"href":"https:\/\/www.ladislavjakl.cz\/index.php?rest_route=\/wp\/v2\/users\/1"}],"replies":[{"embeddable":true,"href":"https:\/\/www.ladislavjakl.cz\/index.php?rest_route=%2Fwp%2Fv2%2Fcomments&post=9166"}],"version-history":[{"count":1,"href":"https:\/\/www.ladislavjakl.cz\/index.php?rest_route=\/wp\/v2\/posts\/9166\/revisions"}],"predecessor-version":[{"id":9167,"href":"https:\/\/www.ladislavjakl.cz\/index.php?rest_route=\/wp\/v2\/posts\/9166\/revisions\/9167"}],"wp:attachment":[{"href":"https:\/\/www.ladislavjakl.cz\/index.php?rest_route=%2Fwp%2Fv2%2Fmedia&parent=9166"}],"wp:term":[{"taxonomy":"category","embeddable":true,"href":"https:\/\/www.ladislavjakl.cz\/index.php?rest_route=%2Fwp%2Fv2%2Fcategories&post=9166"},{"taxonomy":"post_tag","embeddable":true,"href":"https:\/\/www.ladislavjakl.cz\/index.php?rest_route=%2Fwp%2Fv2%2Ftags&post=9166"}],"curies":[{"name":"wp","href":"https:\/\/api.w.org\/{rel}","templated":true}]}}