{"id":9168,"date":"2018-08-28T13:24:39","date_gmt":"2018-08-28T11:24:39","guid":{"rendered":"http:\/\/www.ladislavjakl.cz\/?p=9168"},"modified":"2018-08-28T13:24:39","modified_gmt":"2018-08-28T11:24:39","slug":"boj-o-senat-v-praze-2-hilser-vs-jakl-kandiduje-i-herec-kratina-ten-chce-krotit-mocizrouty","status":"publish","type":"post","link":"https:\/\/www.ladislavjakl.cz\/?p=9168","title":{"rendered":"Boj o Sen\u00e1t v Praze 2: Hil\u0161er vs. Jakl, kandiduje i herec Kratina. Ten chce \u201ekrotit moci\u017erouty\u201c"},"content":{"rendered":"<p>Herec Vladim\u00edr Kratina, spolupracovn\u00edk exprezidenta V\u00e1clava Klause Ladislav Jakl, nebo l\u00e9ka\u0159 a n\u011bkdej\u0161\u00ed z\u00e1jemce o Hrad Marek Hil\u0161er? Dal\u0161\u00ed sledovan\u00fd souboj o k\u0159eslo sen\u00e1tora se odehr\u00e1v\u00e1 v Praze 2. Jej\u00ed obyvatel\u00e9 budou p\u0159\u00ed\u0161t\u00edho z\u00e1konod\u00e1rce vyb\u00edrat z dev\u00edti kandid\u00e1t\u016f. Mand\u00e1t obhajuje sen\u00e1tor bez stranick\u00e9 p\u0159\u00edslu\u0161nosti Libor Mich\u00e1lek. V dobr\u00fd odrazov\u00fd m\u016fstek pro kandidaturu do Sen\u00e1tu se prom\u011bnila kampa\u0148 pro prezidentsk\u00e9 volby. L\u00e9ka\u0159 a ob\u010dansk\u00fd aktivista&nbsp;<strong>Marek Hil\u0161er<\/strong>&nbsp;(nez\u00e1visl\u00fd) se toti\u017e spolu s Ji\u0159\u00edm Draho\u0161em, Pavlem Fischerem a dal\u0161\u00edmi dv\u011bma uchaze\u010di o Hrad nyn\u00ed hl\u00e1s\u00ed o k\u0159eslo v horn\u00ed komo\u0159e \u010desk\u00e9ho parlamentu.<\/p>\n<p><!--more--><\/p>\n<p>Post sen\u00e1tora obhajuje v Praze 2&nbsp;<strong>Libor Mich\u00e1lek<\/strong>&nbsp;(nominovan\u00fd za Pir\u00e1ty). V Sen\u00e1tu chce dot\u00e1hnout do konce \u201eprosazov\u00e1n\u00ed protikorup\u010dn\u00ed legislativy\u201c. \u201eZ dev\u00edti prioritn\u00edch norem v oblasti boje proti korupci se poda\u0159ilo prosadit jen p\u011bt novel z\u00e1kon\u016f, a tak pova\u017euji za d\u016fle\u017eit\u00e9 zapo\u010datou pr\u00e1ci dot\u00e1hnout do konce,\u201c uvedl pro den\u00edk Echo24 Libor Mich\u00e1lek. \u201eChci se tak\u00e9 v\u011bnovat tomu, aby pr\u00e1vo bylo l\u00e9pe vymahateln\u00e9 a aby nap\u0159\u00edklad \u010desk\u00e9 vlajky u silnic a d\u00e1lnic nebyly symbolem neschopnosti st\u00e1tu zjednat po\u0159\u00e1dek,\u201c dodal Mich\u00e1lek.<\/p>\n<p>Ve volb\u00e1ch ho ale vyzve spolu s dal\u0161\u00edmi herec a kandid\u00e1t ODS&nbsp;<strong>Vladim\u00edr Kratina<\/strong>. Kratina se vymezuje v\u016f\u010di \u201echorobn\u011b ambici\u00f3zn\u00edm moci\u017erout\u016fm\u201c. Sen\u00e1t m\u00e1 dle n\u011bj v\u00fdznamn\u00e9 n\u00e1stroje ke krocen\u00ed jejich snahy o koncentraci moci. \u201eSvou tro\u0161kou chci p\u0159isp\u011bt k udr\u017een\u00ed na\u0161\u00ed nad\u011bje a pr\u00e1va na svobodu, spravedlnost, cestu ke \u0161t\u011bst\u00ed a kvalitn\u00edmu \u017eivotu,\u201c dodal Kratina. Mezi jeho t\u00e9mata, kter\u00e1 by v Sen\u00e1tu prosazoval, pat\u0159\u00ed pos\u00edlen\u00ed pod\u00edlu obc\u00ed a kraj\u016f na v\u00fdnosu dan\u00ed a schv\u00e1len\u00ed explicitn\u00edho z\u00e1kona o nez\u00e1vislosti m\u00e9di\u00ed a novin\u00e1\u0159\u016f po vzoru d\u00e9letrvaj\u00edc\u00edch demokraci\u00ed. Kratinovu kandidaturu zviditelnil spor mezi poslancem ODS V\u00e1clavem Klausem ml. a veden\u00edm ODS. Sv\u00e9 spolustran\u00edky toti\u017e Klaus ml. nadzvedl prohl\u00e1\u0161en\u00edm, \u017ee v Praze 2 bude podporovat n\u011bkdej\u0161\u00edho \u0159editele politick\u00e9ho odboru prezidentsk\u00e9 kancel\u00e1\u0159e sv\u00e9ho otce a publicistu&nbsp;<strong>Ladislava Jakla<\/strong>. Ten kandiduje s podporou SPD. V\u00edce p\u00ed\u0161eme&nbsp;<a href=\"https:\/\/www.echo24.cz\/a\/STP65\/klub-ods-resil-klause-ml-jeho-vyroky-jsou-na-hrane-toho-co-je-unosne\">zde<\/a>.<\/p>\n<p>Vl\u00e1dn\u00ed hnut\u00ed ANO vys\u00edl\u00e1 do boje o sen\u00e1torsk\u00e9 k\u0159eslo kardiologa<strong>&nbsp;Romana Kereke\u0161e<\/strong>. Kereke\u0161 slibuje v p\u0159\u00edpad\u011b vyhran\u00fdch voleb bojovat proti \u201elegislativn\u00ed d\u017eungli\u201c. \u201eSen\u00e1t mus\u00ed za\u010d\u00edt pracovat kone\u010dn\u011b na zjednodu\u0161en\u00ed legislativy,\u201c \u0159ekl Kereke\u0161 pro den\u00edk Echo24 s t\u00edm, \u017ee v platnost by nem\u011bly&nbsp;vstupovat ani legislativn\u00ed zmetky. Nap\u0159\u00edklad nepoveden\u00fd z\u00e1kon o elektronick\u00e9m receptu, dodal Kereke\u0161. \u201eTen se n\u011bkolikr\u00e1t odkl\u00e1dal pro technickou nep\u0159ipravenost. Po hektick\u00e9m vstoupen\u00ed v platnost se urychlen\u011b novelizoval a\u017e sm\u011b\u0161n\u00fdm zp\u016fsobem, a to tak, \u017ee byla zru\u0161ena sankce za jeho nerespektov\u00e1n\u00ed. Tohle m\u011bl Sen\u00e1t dopracovat do bezchybn\u00e9 podoby,\u201c dodal Roman Kereke\u0161.<\/p>\n<p>Z\u00e1jem o sen\u00e1torsk\u00e9 k\u0159eslo m\u00e1 i exstarostka Prahy 3&nbsp;<strong>Vladislava Hujov\u00e1<\/strong>, kter\u00e1 na sebe upozornila, kdy\u017e ozna\u010dila s\u00e1zen\u00ed vlastn\u00edch kv\u011btin na ulici za nep\u0159\u00edpustn\u00e9. Pozd\u011bji ale sv\u00e1 slova m\u00edrnila. Psali jsme o tom&nbsp;<a href=\"https:\/\/echo24.cz\/a\/SE694\/starostka-otocila-misto-zakazu-chce-soutezit-o-nejlepsi-zahradku-u-stromu\" target=\"_blank\" rel=\"noopener\" data-type=\"external\">zde<\/a>. Hujov\u00e1, kter\u00e1 v kv\u011btnu vystoupila z TOP 09, kandiduje za sdru\u017een\u00ed Pro Prahu. TOP 09 kandid\u00e1ta v tomto obvodu nem\u00e1, stejn\u011b jako vl\u00e1dn\u00ed \u010cSSD nebo opozi\u010dn\u00ed KDU-\u010cSL.<\/p>\n<p>Volby do t\u0159etiny Sen\u00e1tu se konaj\u00ed 5. a 6. \u0159\u00edjna, druh\u00e9 kolo 12. a 13. \u0159\u00edjna. Krom\u011b Prahy 2 se vol\u00ed nov\u00fd z\u00e1konod\u00e1rce i v Praze 4, Praze 8 a Praze 12 a dal\u0161\u00edch obvodech. O 27 sen\u00e1torsk\u00fdch k\u0159esel letos bojuje 236 kandid\u00e1t\u016f.<\/p>\n<p><a href=\"https:\/\/www.echo24.cz\/a\/SBY5M\/boj-o-senat-v-praze-2-hilser-vs-jakl-kandiduje-i-herec-kratina-ten-chce-krotit-mocizrouty\">Zdroj<\/a><\/p>\n","protected":false},"excerpt":{"rendered":"<p>Herec Vladim\u00edr Kratina, spolupracovn\u00edk exprezidenta V\u00e1clava Klause Ladislav Jakl, nebo l\u00e9ka\u0159 a n\u011bkdej\u0161\u00ed z\u00e1jemce o Hrad Marek Hil\u0161er? Dal\u0161\u00ed sledovan\u00fd souboj o k\u0159eslo sen\u00e1tora se odehr\u00e1v\u00e1 v Praze 2. Jej\u00ed obyvatel\u00e9 budou p\u0159\u00ed\u0161t\u00edho z\u00e1konod\u00e1rce vyb\u00edrat z dev\u00edti kandid\u00e1t\u016f. Mand\u00e1t obhajuje sen\u00e1tor bez stranick\u00e9 p\u0159\u00edslu\u0161nosti Libor Mich\u00e1lek. V dobr\u00fd odrazov\u00fd m\u016fstek pro kandidaturu do Sen\u00e1tu se [&hellip;]<\/p>\n","protected":false},"author":1,"featured_media":0,"comment_status":"open","ping_status":"open","sticky":false,"template":"","format":"standard","meta":{"ngg_post_thumbnail":0,"footnotes":""},"categories":[11],"tags":[],"class_list":["post-9168","post","type-post","status-publish","format-standard","hentry","category-ozvena"],"_links":{"self":[{"href":"https:\/\/www.ladislavjakl.cz\/index.php?rest_route=\/wp\/v2\/posts\/9168","targetHints":{"allow":["GET"]}}],"collection":[{"href":"https:\/\/www.ladislavjakl.cz\/index.php?rest_route=\/wp\/v2\/posts"}],"about":[{"href":"https:\/\/www.ladislavjakl.cz\/index.php?rest_route=\/wp\/v2\/types\/post"}],"author":[{"embeddable":true,"href":"https:\/\/www.ladislavjakl.cz\/index.php?rest_route=\/wp\/v2\/users\/1"}],"replies":[{"embeddable":true,"href":"https:\/\/www.ladislavjakl.cz\/index.php?rest_route=%2Fwp%2Fv2%2Fcomments&post=9168"}],"version-history":[{"count":1,"href":"https:\/\/www.ladislavjakl.cz\/index.php?rest_route=\/wp\/v2\/posts\/9168\/revisions"}],"predecessor-version":[{"id":9169,"href":"https:\/\/www.ladislavjakl.cz\/index.php?rest_route=\/wp\/v2\/posts\/9168\/revisions\/9169"}],"wp:attachment":[{"href":"https:\/\/www.ladislavjakl.cz\/index.php?rest_route=%2Fwp%2Fv2%2Fmedia&parent=9168"}],"wp:term":[{"taxonomy":"category","embeddable":true,"href":"https:\/\/www.ladislavjakl.cz\/index.php?rest_route=%2Fwp%2Fv2%2Fcategories&post=9168"},{"taxonomy":"post_tag","embeddable":true,"href":"https:\/\/www.ladislavjakl.cz\/index.php?rest_route=%2Fwp%2Fv2%2Ftags&post=9168"}],"curies":[{"name":"wp","href":"https:\/\/api.w.org\/{rel}","templated":true}]}}