{"id":917,"date":"2011-04-15T09:17:45","date_gmt":"2011-04-15T08:17:45","guid":{"rendered":"http:\/\/www.ladislavjakl.cz\/?p=917"},"modified":"2011-04-15T09:17:45","modified_gmt":"2011-04-15T08:17:45","slug":"ladislav-jakl-svet-by-byl-bez-verejnopravnich-medii-krasnejsi","status":"publish","type":"post","link":"https:\/\/www.ladislavjakl.cz\/?p=917","title":{"rendered":"Ladislav Jakl: Sv\u011bt by byl bez ve\u0159ejnopr\u00e1vn\u00edch m\u00e9di\u00ed kr\u00e1sn\u011bj\u0161\u00ed"},"content":{"rendered":"<p><span>Ostravsk\u00e1 univerzita v Ostrav\u011b, Univerzita  Palack\u00e9ho v Olomouci a Televizn\u00ed studio Ostrava po\u0159\u00e1d\u00e1 v t\u011bchto dnech  dvoudenn\u00ed konferenci s n\u00e1zvem Ve\u0159ejnopr\u00e1vn\u00ed m\u00e9dia v nov\u00e9m desetilet\u00ed \u2013  \u010das na privatizaci? (<a href=\"http:\/\/konference.osu.cz\/media\/\">http:\/\/konference.osu.cz\/media\/<\/a>),  na kter\u00e9 se medi\u00e1ln\u00ed odborn\u00edci, akademici, novin\u00e1\u0159i i jin\u00e9 osobnosti  sna\u017e\u00ed naj\u00edt odpov\u011b\u010f na tuto ot\u00e1zku. Jedn\u00edm z host\u016f konference byl v\u010dera  tejmn\u00edk prezidenta \u010cesk\u00e9 republiky Ladislav Jakl. Ten je zn\u00e1m sv\u00fdm  dvacetilet\u00fdm kritick\u00fdm postojem k ve\u0159ejnopr\u00e1vn\u00edm m\u00e9di\u00edm, kter\u00fd  prezentoval i v Ostrav\u011b.<br \/>\n<\/span><\/p>\n<p><!--more--><span><br \/>\nP\u0159i sv\u00e9m vystoupen\u00ed se dr\u017eel  t\u0159\u00ed\u0159\u00e1dkov\u00e9ho n\u00e1zvu konference, p\u0159i\u010dem\u017e se nejprve v\u011bnoval m\u00e9di\u00edm v nov\u00e9m  desetilet\u00ed. Podle n\u011bj p\u0159inesla nov\u00e1 desetilet\u00ed pouze kvantitativn\u00ed  zm\u011bny, mezi kter\u00e9 pat\u0159\u00ed digitalizace rozhlasov\u00e9ho a televizn\u00edho vys\u00edl\u00e1n\u00ed  nebo satelity. Tyto technick\u00e9 mo\u017enosti roz\u0161\u00ed\u0159ily kapacitu kmito\u010dt\u016f a  zv\u011bt\u0161ily rozsah vys\u00edl\u00e1n\u00ed.<\/p>\n<p>Pot\u00e9 p\u0159i\u0161la na p\u0159et\u0159es ve\u0159ejnopr\u00e1vn\u00ed  m\u00e9dia. Podle Jakla jsou ve\u0159ejnopr\u00e1vn\u00ed m\u00e9dia pouze maskou a je t\u0159eba toto  souslov\u00ed demaskovat jako prost\u011b st\u00e1tn\u00ed. \u201eB\u00e1sn\u00edk t\u00edm cht\u011bl zast\u0159\u00edt  odvozenost t\u011bchto m\u00e9di\u00ed od st\u00e1tu,\u201c \u0159ekl Jakl. A zopakoval ji\u017e tolikr\u00e1t  stejnou teorii o tom, \u017ee kdy\u017e n\u011bjakou instituci z\u00e1konem z\u0159\u00edd\u00ed st\u00e1t,  p\u0159id\u011bl\u00ed ji majetek a kmito\u010dty, za\u0159\u00edd\u00ed t\u00e9to instituci p\u0159\u00edsun ve\u0159ejn\u00fdch  pen\u011bz jako v\u00fdnos z dan\u00ed a zad\u00e1 j\u00ed n\u011bjak\u00e9 \u00fakoly, kter\u00e9 m\u00e1 plnit, tak to  asi bude instituce st\u00e1tn\u00ed. \u201eVe\u0159ejnopr\u00e1vn\u00ed m\u00e9dia je eufemismus, kter\u00fd  p\u016fvodn\u011b cht\u011bl \u0159\u00edct, \u017ee to nen\u00ed instituce \u0159\u00edzen\u00e1 st\u00e1tn\u00edmi exekutivy,\u201c  dodal.<\/p>\n<p>\u201eTyto st\u00e1tn\u00ed instituce zab\u00fdvaj\u00edc\u00ed se \u0161\u00ed\u0159en\u00ed rozhlasov\u00e9ho a  televizn\u00edho vys\u00edl\u00e1n\u00ed nikdy nem\u011bly existovat, nemaj\u00ed existovat a byl by  sv\u011bt kr\u00e1sn\u011bj\u0161\u00ed bez nich,\u201c zopakoval Jakl sv\u016fj dlouholet\u00fd n\u00e1zor na  ostravsk\u00e9 konferenci. Z\u00e1rove\u0148 zd\u016fraznil, \u017ee v tomto n\u00e1zoru se nezrcadl\u00ed  jeho n\u00e1zor na fungov\u00e1n\u00ed \u010cesk\u00e9 televize, pr\u00e1ci lid\u00ed nebo jej\u00edho veden\u00ed \u010di  rady. Podle Jakla stejn\u011b tak, jako by st\u00e1t nem\u011bl va\u0159it pivo, tak by se  nem\u011bl zab\u00fdvat ani rozhlasov\u00fdm a televizn\u00edm vys\u00edl\u00e1n\u00edm. A pro\u010d? \u201eProto\u017ee  se nikdy dostate\u010dn\u011b nezab\u00fdval definic\u00ed ve\u0159ejn\u00e9ho dobra, ve\u0159ejn\u00fdch statk\u016f  a ve\u0159ejn\u00fdch z\u00e1jm\u016f, kter\u00fd tyto instituce maj\u00ed plnit,\u201c zd\u016fvodnil Jakl.  St\u00e1t podle n\u011bj um\u00ed jen jedinou v\u011bc, a to vyv\u00edjet n\u00e1sil\u00ed. Um\u00ed vnutit  ve\u0159ejnosti pravidla, od ob\u010dan\u016f vybrat pen\u00edze a za to jim jistou formou  poskytnout kolektivn\u00ed dobro. Ov\u0161em, jak dodal Jakl, st\u00e1t mus\u00ed b\u00fdt v\u017edy  schopn\u00fd vysv\u011btlit pro\u010d.<br \/>\nI p\u0159es sv\u016fj negativn\u00ed postoj k ve\u0159ejnopr\u00e1vn\u00edm  m\u00e9di\u00edm by Jak nesouhlasil se slovem privatizace, kter\u00e9 je t\u0159et\u00ed \u010d\u00e1st\u00ed  n\u00e1zvu konference. \u201ePrivatizovat m\u016f\u017eete firmu, ale nen\u00ed mo\u017eno  privatizovat instituci,\u201c \u0159ekl. Podle Jakla je mo\u017en\u00e9 ve\u0159ejnopr\u00e1vn\u00ed m\u00e9dia  jedin\u011b zru\u0161it a nast\u00ednil i dal\u0161\u00ed postup. Majetek by se prodal, na  kmito\u010dty by se vypsalo licen\u010dn\u00ed \u0159\u00edzen\u00ed a koncesion\u00e1\u0159sk\u00e9 poplatky by se  zkr\u00e1tka p\u0159estaly vyb\u00edrat. B\u00fdval\u00fd zam\u011bstnanci \u010cesk\u00e9 televize nebo \u010cesk\u00e9ho  rozhlasu by pak zv\u00fd\u0161ili tlak na trhu pr\u00e1ce, kter\u00fd je podle Jakla v  novin\u00e1\u0159sk\u00e9m prost\u0159ed\u00ed velmi zapot\u0159eb\u00ed. Ot\u00e1zkou z\u016fst\u00e1v\u00e1, kdo by p\u0159evzal  \u00fakoly, kter\u00e9 m\u00e1j\u00ed ve\u0159ejnopr\u00e1vn\u00ed m\u00e9dia plnit. Zde Jak pou\u017eil cibuli jako  definici ve\u0159ejn\u00e9ho z\u00e1jmu.<\/p>\n<p>Postupujeme-li od povrchu cibule do  jej\u00edho st\u0159edu, tak prvn\u00edm pl\u00e1\u0161t\u011bm je n\u011bjak\u00fd jemn\u00fd okruh ve\u0159ejn\u00e9ho z\u00e1jmu,  kter\u00fd ur\u010duje, co by m\u011blo v m\u00e9di\u00edch b\u00fdt a co ne. Ten jde o\u0161et\u0159it r\u00e1mcem  pravidel, tak jako u jin\u00fdch instituc\u00ed. Dal\u0161\u00edm pl\u00e1\u0161t\u011bm je ur\u010den\u00ed  parametr\u016f, jak a za kolik, na kter\u00e9 se m\u016f\u017ee vypsat ve\u0159ejn\u00e1 zak\u00e1zka  stejn\u011b tak, jako na stavbu silnice, uvedl Jakl. V posledn\u00ed vrstv\u011b, v  j\u00e1dru cibule, m\u00e1me zbytkov\u00e9 funkce, pat\u0159\u00ed sem nap\u0159. nouzov\u00e9 informov\u00e1n\u00ed  ve\u0159ejnosti. Ty jedin\u00e9 by podle Jakla mohly b\u00fdt \u0159e\u0161iteln\u00e9 z\u0159\u00edzen\u00edm  instituce.<\/p>\n<p>\u201eSt\u00e1t z d\u016fvodu bezpe\u010dnostn\u00edch, finan\u010dn\u00edch a  infrastrukturn\u00edch za\u010dal provozovat rozhlasov\u00e9 a televizn\u00ed vys\u00edl\u00e1n\u00ed, pak  milostiv\u011b a velmi nerad vpustil na trh ostatn\u00ed,\u201c p\u0159ipomn\u011bl v Ostrav\u011b  Jakl. D\u016fvod pro\u010d instituce ve\u0159ejnopr\u00e1vn\u00edch m\u00e9di\u00ed st\u00e1le existuje, je ten,  \u017ee jsme ji zkr\u00e1tka zd\u011bdili. Jakl se nedomn\u00edv\u00e1, \u017ee by se n\u011bkdo zab\u00fdval  zp\u011btnou teori\u00ed, pro\u010d tu m\u00e1 takov\u00e1 instituce b\u00fdt, proto\u017ee to u zd\u011bd\u011bn\u00e9  v\u011bci nen\u00ed podstatn\u00e9: \u201eJ\u00e1 si ned\u011bl\u00e1m n\u011bjak\u00e9 zvl\u00e1\u0161tn\u00ed iluze, \u017ee se bude  n\u011bkdo zp\u011btn\u011b zab\u00fdvat definov\u00e1n\u00edm t\u00e9 ve\u0159ejn\u00e9 zak\u00e1zky, toho ve\u0159ejn\u00e9ho  spole\u010densk\u00e9ho zad\u00e1n\u00ed, kterou by m\u011bla m\u00edt ka\u017ed\u00e1 instituce tohoto  charakteru, proto\u017ee jenom toto zad\u00e1n\u00ed legitimizuje jej\u00ed existenci.\u201c<\/p>\n<p>Jakl  douf\u00e1, \u017ee podobn\u00e9 diskuse na t\u00e9ma ve\u0159ejnopr\u00e1vn\u00edch m\u00e9di\u00ed, p\u0159isp\u011bj\u00ed aspo\u0148  k tomu, aby ve\u0159ejnopr\u00e1vn\u00ed m\u00e9dia co nejm\u00e9n\u011b d\u011blala v\u011bci, kter\u00e9 nemaj\u00ed,  jako je byznys, reklama nebo sponzoring, nebyla komer\u010dn\u00ed a nechovala se  ke zbytku medi\u00e1ln\u00edho sv\u011bta jako ke sv\u00fdm konkurent\u016fm.<\/span><\/p>\n<p><a href=\"http:\/\/www.ceskamedia.cz\/article.html?id=377646\" target=\"_blank\">Zdroj<\/a><\/p>\n<p><span><br \/>\n<\/span><\/p>\n","protected":false},"excerpt":{"rendered":"<p>Ostravsk\u00e1 univerzita v Ostrav\u011b, Univerzita Palack\u00e9ho v Olomouci a Televizn\u00ed studio Ostrava po\u0159\u00e1d\u00e1 v t\u011bchto dnech dvoudenn\u00ed konferenci s n\u00e1zvem Ve\u0159ejnopr\u00e1vn\u00ed m\u00e9dia v nov\u00e9m desetilet\u00ed \u2013 \u010das na privatizaci? (http:\/\/konference.osu.cz\/media\/), na kter\u00e9 se medi\u00e1ln\u00ed odborn\u00edci, akademici, novin\u00e1\u0159i i jin\u00e9 osobnosti sna\u017e\u00ed naj\u00edt odpov\u011b\u010f na tuto ot\u00e1zku. Jedn\u00edm z host\u016f konference byl v\u010dera tejmn\u00edk prezidenta \u010cesk\u00e9 [&hellip;]<\/p>\n","protected":false},"author":1,"featured_media":0,"comment_status":"open","ping_status":"open","sticky":false,"template":"","format":"standard","meta":{"ngg_post_thumbnail":0,"footnotes":""},"categories":[11],"tags":[],"class_list":["post-917","post","type-post","status-publish","format-standard","hentry","category-ozvena"],"_links":{"self":[{"href":"https:\/\/www.ladislavjakl.cz\/index.php?rest_route=\/wp\/v2\/posts\/917","targetHints":{"allow":["GET"]}}],"collection":[{"href":"https:\/\/www.ladislavjakl.cz\/index.php?rest_route=\/wp\/v2\/posts"}],"about":[{"href":"https:\/\/www.ladislavjakl.cz\/index.php?rest_route=\/wp\/v2\/types\/post"}],"author":[{"embeddable":true,"href":"https:\/\/www.ladislavjakl.cz\/index.php?rest_route=\/wp\/v2\/users\/1"}],"replies":[{"embeddable":true,"href":"https:\/\/www.ladislavjakl.cz\/index.php?rest_route=%2Fwp%2Fv2%2Fcomments&post=917"}],"version-history":[{"count":1,"href":"https:\/\/www.ladislavjakl.cz\/index.php?rest_route=\/wp\/v2\/posts\/917\/revisions"}],"predecessor-version":[{"id":918,"href":"https:\/\/www.ladislavjakl.cz\/index.php?rest_route=\/wp\/v2\/posts\/917\/revisions\/918"}],"wp:attachment":[{"href":"https:\/\/www.ladislavjakl.cz\/index.php?rest_route=%2Fwp%2Fv2%2Fmedia&parent=917"}],"wp:term":[{"taxonomy":"category","embeddable":true,"href":"https:\/\/www.ladislavjakl.cz\/index.php?rest_route=%2Fwp%2Fv2%2Fcategories&post=917"},{"taxonomy":"post_tag","embeddable":true,"href":"https:\/\/www.ladislavjakl.cz\/index.php?rest_route=%2Fwp%2Fv2%2Ftags&post=917"}],"curies":[{"name":"wp","href":"https:\/\/api.w.org\/{rel}","templated":true}]}}