{"id":9176,"date":"2018-08-28T13:29:26","date_gmt":"2018-08-28T11:29:26","guid":{"rendered":"http:\/\/www.ladislavjakl.cz\/?p=9176"},"modified":"2018-08-28T13:29:26","modified_gmt":"2018-08-28T11:29:26","slug":"rozumim-vaclavu-juniorovi-a-dekuju-mu","status":"publish","type":"post","link":"https:\/\/www.ladislavjakl.cz\/?p=9176","title":{"rendered":"Rozum\u00edm V\u00e1clavu juniorovi a d\u011bkuju mu"},"content":{"rendered":"<p>Poslanec ODS V\u00e1clav Klaus mlad\u0161\u00ed mi ve\u0159ejn\u011b vyslovil podporu v nadch\u00e1zej\u00edc\u00edch volb\u00e1ch do Sen\u00e1tu. A schytal od stranick\u00fdch funkcion\u00e1\u0159\u016f ostrou v\u00fdtku. Pr\u00fd za to, \u017ee ODS v obvod\u011b, kde se uch\u00e1z\u00edm o voli\u010dsk\u00e9 hlasy i j\u00e1, postavila vlastn\u00edho kandid\u00e1ta a \u010dlen ODS tud\u00ed\u017e nem\u016f\u017ee pom\u00e1hat jeho konkurentovi. Jen\u017ee t\u00edm jejich kandid\u00e1tem je nestran\u00edk. Herec, jeho\u017e n\u00e1zory nikdo nezn\u00e1. Pro\u010d by k n\u011bmu m\u011bl ka\u017ed\u00fd \u010dlen ODS projevovat n\u011bjakou zav\u00e1zanou&nbsp;v\u011brnost?<\/p>\n<p><!--more--><\/p>\n<p>Poslanec Klaus se na v\u011bc d\u00edv\u00e1 jako velk\u00e1 \u010d\u00e1st \u010dlenstva i voli\u010d\u016f ODS na \u017di\u017ekov\u011b a Vinohradech. Pokud uva\u017euj\u00ed racion\u00e1ln\u011b, projdou si po jednom v\u0161echny kandid\u00e1ty a zv\u00e1\u017e\u00ed, kter\u00fd z nich je nejbl\u00ed\u017ee jejich politick\u00e9mu p\u0159esv\u011bd\u010den\u00ed. Vyjde jim z t\u00e9to \u00favahy nestran\u00edk, jeho\u017e n\u00e1zory neznaj\u00ed, nebo nestran\u00edk, jeho pravicov\u00e9 n\u00e1zory znaj\u00ed skoro 30 let? N\u00e1zory, kter\u00e9 maj\u00ed bl\u00edzko k jejich vid\u011bn\u00ed sv\u011bta? Ano, strani\u010dt\u00ed funkcion\u00e1\u0159i ODS to asi vid\u00ed jinak, kdy\u017e nasadili nepolitick\u00e9ho kandid\u00e1ta. O politick\u00e9 n\u00e1zory jim asi nejde. Nebo \u017ee by jen hledali z\u00e1minku, za co V\u00e1clava mlad\u0161\u00edho peskovat?<\/p>\n<p>L. J.<\/p>\n","protected":false},"excerpt":{"rendered":"<p>Poslanec ODS V\u00e1clav Klaus mlad\u0161\u00ed mi ve\u0159ejn\u011b vyslovil podporu v nadch\u00e1zej\u00edc\u00edch volb\u00e1ch do Sen\u00e1tu. A schytal od stranick\u00fdch funkcion\u00e1\u0159\u016f ostrou v\u00fdtku. Pr\u00fd za to, \u017ee ODS v obvod\u011b, kde se uch\u00e1z\u00edm o voli\u010dsk\u00e9 hlasy i j\u00e1, postavila vlastn\u00edho kandid\u00e1ta a \u010dlen ODS tud\u00ed\u017e nem\u016f\u017ee pom\u00e1hat jeho konkurentovi. Jen\u017ee t\u00edm jejich kandid\u00e1tem je nestran\u00edk. Herec, jeho\u017e [&hellip;]<\/p>\n","protected":false},"author":1,"featured_media":0,"comment_status":"open","ping_status":"open","sticky":false,"template":"","format":"standard","meta":{"ngg_post_thumbnail":0,"footnotes":""},"categories":[22],"tags":[],"class_list":["post-9176","post","type-post","status-publish","format-standard","hentry","category-jakl-senator"],"_links":{"self":[{"href":"https:\/\/www.ladislavjakl.cz\/index.php?rest_route=\/wp\/v2\/posts\/9176","targetHints":{"allow":["GET"]}}],"collection":[{"href":"https:\/\/www.ladislavjakl.cz\/index.php?rest_route=\/wp\/v2\/posts"}],"about":[{"href":"https:\/\/www.ladislavjakl.cz\/index.php?rest_route=\/wp\/v2\/types\/post"}],"author":[{"embeddable":true,"href":"https:\/\/www.ladislavjakl.cz\/index.php?rest_route=\/wp\/v2\/users\/1"}],"replies":[{"embeddable":true,"href":"https:\/\/www.ladislavjakl.cz\/index.php?rest_route=%2Fwp%2Fv2%2Fcomments&post=9176"}],"version-history":[{"count":1,"href":"https:\/\/www.ladislavjakl.cz\/index.php?rest_route=\/wp\/v2\/posts\/9176\/revisions"}],"predecessor-version":[{"id":9177,"href":"https:\/\/www.ladislavjakl.cz\/index.php?rest_route=\/wp\/v2\/posts\/9176\/revisions\/9177"}],"wp:attachment":[{"href":"https:\/\/www.ladislavjakl.cz\/index.php?rest_route=%2Fwp%2Fv2%2Fmedia&parent=9176"}],"wp:term":[{"taxonomy":"category","embeddable":true,"href":"https:\/\/www.ladislavjakl.cz\/index.php?rest_route=%2Fwp%2Fv2%2Fcategories&post=9176"},{"taxonomy":"post_tag","embeddable":true,"href":"https:\/\/www.ladislavjakl.cz\/index.php?rest_route=%2Fwp%2Fv2%2Ftags&post=9176"}],"curies":[{"name":"wp","href":"https:\/\/api.w.org\/{rel}","templated":true}]}}