{"id":9178,"date":"2018-08-28T13:31:12","date_gmt":"2018-08-28T11:31:12","guid":{"rendered":"http:\/\/www.ladislavjakl.cz\/?p=9178"},"modified":"2018-08-28T13:31:12","modified_gmt":"2018-08-28T11:31:12","slug":"klaus-mladsi-podrazil-ods-a-podporil-jakla-jeho-slova-maji-dalsi-dohru","status":"publish","type":"post","link":"https:\/\/www.ladislavjakl.cz\/?p=9178","title":{"rendered":"Klaus mlad\u0161\u00ed podrazil ODS a podpo\u0159il Jakla? Jeho slova maj\u00ed dal\u0161\u00ed dohru"},"content":{"rendered":"<p>Praha &#8211; V\u00e1clav Klaus mlad\u0161\u00ed se ned\u00e1vno postaral o po\u0159\u00e1dn\u00fd rozruch. Nejprve zve\u0159ejnil, hodn\u011b kontroverzn\u00ed koment\u00e1\u0159 o \u010desk\u00fdch voj\u00e1c\u00edch v Afgh\u00e1nist\u00e1nu a pak p\u0159idal dal\u0161\u00ed jobovku, kdy\u017e na kritiku zareagoval slovy o tom, \u017ee ve volb\u00e1ch do Sen\u00e1tu podporuje n\u011bkdej\u0161\u00edho poradce sv\u00e9ho otce Ladislava Jakla. Ten mu te\u010f za jeho podporu n\u00e1le\u017eit\u011b pod\u011bkoval.<\/p>\n<p><!--more--><\/p>\n<p>Klaus v polovin\u011b srpna ozn\u00e1mil, \u017ee bude do Sen\u00e1tu podporovat Jakla, kter\u00fd bude na kandid\u00e1tce hnut\u00ed Tomia Okamury usilovat o vstup do&nbsp;Sen\u00e1tu&nbsp;v Praze 2. \u201eRad\u0161i vyraz\u00edme kl\u00edn kl\u00ednem: Podporuji Ladislava Jakla do Sen\u00e1tu. Byl by jist\u011b ne\u00faplatn\u00fdm, svobodomysln\u00fdm a pravicov\u00fdm sen\u00e1torem. Ty, kter\u00e9 roz\u010diluje, \u017ee kandiduje s podporou SPD &#8211; v principu roz\u010diluje, \u017ee v\u016fbec kandiduje,\u201c uvedl Klaus mlad\u0161\u00ed. ODS p\u0159itom m\u00e1 v tomto obvodu sv\u00e9ho kandid\u00e1ta \u2013 herce Vladim\u00edra Kratinu.<\/p>\n<p>Jeho slova vyvolala v ODS po\u0159\u00e1dnou bou\u0159i, poslanci si v\u0161e dokonce museli vy\u0159\u00edkat na jedn\u00e1n\u00ed klubu. P\u0159edseda ob\u010dansk\u00fdch demokrat\u016f Petr Fiala n\u00e1sledn\u011b dodal, \u017ee o\u010dek\u00e1v\u00e1, \u017ee&nbsp;Klaus&nbsp;se bude n\u00e1zorem klubu \u0159\u00eddit. M\u00edstop\u0159edseda strany Milo\u0161 Vystr\u010dil u\u017e d\u0159\u00edve uvedl, \u017ee Klausovy postoje jsou na hran\u011b toho, co je \u00fanosn\u00e9.&nbsp;<\/p>\n<p>Jakl te\u010f uvedl, \u017ee \u201eV\u00e1clavu juniorovi rozum\u00ed a \u017ee mu d\u011bkuje\u201c. \u201ePoslanec ODS V\u00e1clav Klaus mlad\u0161\u00ed mi ve\u0159ejn\u011b vyslovil podporu v nadch\u00e1zej\u00edc\u00edch volb\u00e1ch do Sen\u00e1tu. A schytal si za to od stranick\u00fdch funkcion\u00e1\u0159\u016f ostrou v\u00fdtku. Pr\u00fd za to, \u017ee ODS v obvod\u011b, kde se uch\u00e1z\u00edm o voli\u010dsk\u00e9 hlasy i j\u00e1, postavila vlastn\u00edho kandid\u00e1ta a \u010dlen ODS tud\u00ed\u017e nem\u016f\u017ee pom\u00e1hat jeho konkurentovi,\u201c p\u0159ipomn\u011bl Jakl.<\/p>\n<p>Poukazuje ale na to, \u017ee kandid\u00e1tem ODS je nestran\u00edk. \u201eHerec, jeho\u017e n\u00e1zory nikdo nezn\u00e1. Pro\u010d by k n\u011bmu m\u011bl ka\u017ed\u00fd \u010dlen ODS projevovat n\u011bjakou zav\u00e1zanou&nbsp;v\u011brnost? Poslanec Klaus se na v\u011bc d\u00edv\u00e1 jako velk\u00e1 \u010d\u00e1st \u010dlenstva i voli\u010d\u016f ODS na \u017di\u017ekov\u011b a Vinohradech. Pokud uva\u017euj\u00ed racion\u00e1ln\u011b, projdou si po jednom v\u0161echny kandid\u00e1ty a zv\u00e1\u017e\u00ed, kter\u00fd z nich je nejbl\u00ed\u017ee jejich politick\u00e9mu p\u0159esv\u011bd\u010den\u00ed,\u201c tvrd\u00ed kandid\u00e1t do Sen\u00e1tu.<\/p>\n<p>\u201eVyjde jim z t\u00e9to \u00favahy nestran\u00edk, jeho\u017e n\u00e1zory neznaj\u00ed, nebo nestran\u00edk, jeho pravicov\u00e9 n\u00e1zory znaj\u00ed skoro 30 let? N\u00e1zory, kter\u00e9 maj\u00ed bl\u00edzko k jejich vid\u011bn\u00ed sv\u011bta? Ano, strani\u010dt\u00ed funkcion\u00e1\u0159i ODS to asi vid\u00ed jinak, kdy\u017e nasadili nepolitick\u00e9ho kandid\u00e1ta. O politick\u00e9 n\u00e1zory jim asi nejde.&nbsp;Nebo \u017ee by jen hledali z\u00e1minku, za co V\u00e1clava mlad\u0161\u00edho peskovat?\u201c zaj\u00edm\u00e1 Jakla.&nbsp;<\/p>\n<p><a href=\"https:\/\/domaci.eurozpravy.cz\/politika\/233243-klaus-podrazil-ods-a-podporil-jakla-jeho-slova-maji-dalsi-dohru\/\">Zdroj<\/a><\/p>\n","protected":false},"excerpt":{"rendered":"<p>Praha &#8211; V\u00e1clav Klaus mlad\u0161\u00ed se ned\u00e1vno postaral o po\u0159\u00e1dn\u00fd rozruch. Nejprve zve\u0159ejnil, hodn\u011b kontroverzn\u00ed koment\u00e1\u0159 o \u010desk\u00fdch voj\u00e1c\u00edch v Afgh\u00e1nist\u00e1nu a pak p\u0159idal dal\u0161\u00ed jobovku, kdy\u017e na kritiku zareagoval slovy o tom, \u017ee ve volb\u00e1ch do Sen\u00e1tu podporuje n\u011bkdej\u0161\u00edho poradce sv\u00e9ho otce Ladislava Jakla. Ten mu te\u010f za jeho podporu n\u00e1le\u017eit\u011b pod\u011bkoval.<\/p>\n","protected":false},"author":1,"featured_media":0,"comment_status":"open","ping_status":"open","sticky":false,"template":"","format":"standard","meta":{"ngg_post_thumbnail":0,"footnotes":""},"categories":[11],"tags":[],"class_list":["post-9178","post","type-post","status-publish","format-standard","hentry","category-ozvena"],"_links":{"self":[{"href":"https:\/\/www.ladislavjakl.cz\/index.php?rest_route=\/wp\/v2\/posts\/9178","targetHints":{"allow":["GET"]}}],"collection":[{"href":"https:\/\/www.ladislavjakl.cz\/index.php?rest_route=\/wp\/v2\/posts"}],"about":[{"href":"https:\/\/www.ladislavjakl.cz\/index.php?rest_route=\/wp\/v2\/types\/post"}],"author":[{"embeddable":true,"href":"https:\/\/www.ladislavjakl.cz\/index.php?rest_route=\/wp\/v2\/users\/1"}],"replies":[{"embeddable":true,"href":"https:\/\/www.ladislavjakl.cz\/index.php?rest_route=%2Fwp%2Fv2%2Fcomments&post=9178"}],"version-history":[{"count":1,"href":"https:\/\/www.ladislavjakl.cz\/index.php?rest_route=\/wp\/v2\/posts\/9178\/revisions"}],"predecessor-version":[{"id":9179,"href":"https:\/\/www.ladislavjakl.cz\/index.php?rest_route=\/wp\/v2\/posts\/9178\/revisions\/9179"}],"wp:attachment":[{"href":"https:\/\/www.ladislavjakl.cz\/index.php?rest_route=%2Fwp%2Fv2%2Fmedia&parent=9178"}],"wp:term":[{"taxonomy":"category","embeddable":true,"href":"https:\/\/www.ladislavjakl.cz\/index.php?rest_route=%2Fwp%2Fv2%2Fcategories&post=9178"},{"taxonomy":"post_tag","embeddable":true,"href":"https:\/\/www.ladislavjakl.cz\/index.php?rest_route=%2Fwp%2Fv2%2Ftags&post=9178"}],"curies":[{"name":"wp","href":"https:\/\/api.w.org\/{rel}","templated":true}]}}