{"id":9185,"date":"2018-08-30T14:41:11","date_gmt":"2018-08-30T12:41:11","guid":{"rendered":"http:\/\/www.ladislavjakl.cz\/?p=9185"},"modified":"2018-08-31T12:09:54","modified_gmt":"2018-08-31T10:09:54","slug":"proc-bude-podle-ladislava-jakla-kolem-80-vyroci-mnichovske-dohody-ticho","status":"publish","type":"post","link":"https:\/\/www.ladislavjakl.cz\/?p=9185","title":{"rendered":"Pro\u010d bude podle Ladislava Jakla kolem 80. v\u00fdro\u010d\u00ed Mnichovsk\u00e9 dohody ticho?"},"content":{"rendered":"<p>Sou\u010dasn\u00fd kandid\u00e1t do Sen\u00e1tu,&nbsp;Ladislav Jakl&nbsp;bude na podzim bojovat na Praze 2 o k\u0159eslo sen\u00e1tora za&nbsp;hnut\u00ed SPD Tomia Okamury. B\u00fdval\u00fd tajemn\u00edk V\u00e1clava Klause r\u00e1d provokuje a&nbsp;sv\u00fdmi vyhran\u011bn\u00fdmi n\u00e1zory se netaj\u00ed. Nejen, \u017ee si t\u00edm p\u0159itahuje pozornost, ale tak\u00e9 nab\u00edz\u00ed jin\u00fd, neot\u0159el\u00fd \u00fahel pohledu. Jak\u00fd dopad na n\u00e1s bude m\u00edt Brexit, \u0159ekl v rozhovoru pro VIPosobnosti.cz.<\/p>\n<p><!--more--><\/p>\n<p><strong><img decoding=\"async\" src=\"https:\/\/www.viposobnosti.cz\/obrazek\/2\/ladislav-jakl-539\/\" alt=\"\"><\/strong><\/p>\n<p><strong>Velmi sledovan\u00e9 bylo ned\u00e1vn\u00e9 setk\u00e1n\u00ed st\u00e1tn\u00edk\u016f Putina a Merkelov\u00e9. Na programu bylo jedn\u00e1n\u00ed o konfliktech v S\u00fdrii a na Ukrajin\u011b.&nbsp;<\/strong><strong>Opravdu by tyto dv\u011b zem\u011b mohly rozv\u00edjet spolupr\u00e1ci, resp. na jak\u00e9m z\u00e1klad\u011b?<\/strong><\/p>\n<p>Nemysl\u00edm, \u017ee ka\u017ed\u00fd mus\u00ed s&nbsp;ka\u017ed\u00fdm hned spolupracovat. Ale je moc d\u016fle\u017eit\u00e9 spolu mluvit, ne\u0161kodit si a obchodovat. A to bylo p\u0159esn\u011b t\u00e9matem i jejich setk\u00e1n\u00ed. Je pozoruhodn\u00e9, \u017ee n\u011bmeckou kancl\u00e9\u0159ku za to nikdo nepeskoval, jako to ned\u00e1vno \u010dinili Donaldu Trumpovi. Holt n\u011bkdo s&nbsp;Ruskem jednat sm\u00ed, Trump ale podle sv\u00fdch fanatick\u00fdch odp\u016frc\u016f nesm\u00ed nic.<\/p>\n<p><strong>Zm\u00ednil jste Donalda Trumpa. Preziden USA op\u011bt&nbsp; pohrozil Evrop\u011b. Tentokr\u00e1t jasn\u011b sd\u011blil, \u017ee je p\u0159ipraven uvalit na ka\u017ed\u00e9 auto poch\u00e1zej\u00edc\u00ed z EU clo, a to ve v\u00fd\u0161i 25 procent. Co nejen t\u00edmto krokem podle v\u00e1s sleduje?<\/strong><\/p>\n<p>Je to paradoxn\u00ed, ale sleduje t\u00edm odstran\u011bn\u00ed obchodn\u00edch bari\u00e9r. Ukazuje \u010c\u00edn\u011b a Evropsk\u00e9 unii, \u017ee jejich metody jsou neudr\u017eiteln\u011b protekcionistick\u00e9 a voln\u00fd obchod ni\u010d\u00edc\u00ed. Tak d\u00e1 Trump sv\u00fdm partner\u016fm ochutnat jejich kyselou pol\u00e9vku, aby si uv\u011bdomili, \u017ee tudy cesta nevede a \u017ee na voln\u00e9m obchod\u011b by vyd\u011blali v\u0161ichni.<\/p>\n<p><strong>Tak\u00e9 vztahy mezi&nbsp; Tureckem a USA se vyost\u0159uj\u00ed. D\u00e1 se mluvit o &#8222;v\u00e1lce&#8220; a jak, podle v\u00e1s, m\u016f\u017ee tento konflikt dopadnout?<\/strong><\/p>\n<p>No, obrat \u201eotev\u0159en\u00e1 v\u00e1lka\u201c je hodn\u011b siln\u00fd. Sp\u00ed\u0161 je to takov\u00fd rozpad dlouhodob\u00e9ho strategick\u00e9ho partnerstv\u00ed. Rozpad logick\u00fd. Dokud bylo Turecko slab\u00e9, za n\u011bjakou tu v\u00fdhodu r\u00e1do poslou\u017eilo americk\u00fdm z\u00e1jm\u016fm. Proto byla tahle tenkr\u00e1t civiliza\u010dn\u011b je\u0161t\u011b hodn\u011b vzd\u00e1len\u00e1 zem\u011b p\u0159ijata do NATO u\u017e v&nbsp;pades\u00e1t\u00fdch letech: m\u011bla slou\u017eit jako loket dloubaj\u00edc\u00ed Sov\u011btsk\u00fd svaz do \u017eeber z&nbsp;jihu. V\u0161ak to tak\u00e9 v&nbsp;60. letech m\u00e1lem vedlo ke t\u0159et\u00ed sv\u011btov\u00e9 v\u00e1lce, kdy\u017e v&nbsp;reakci na um\u00edst\u011bn\u00ed americk\u00fdch raket v&nbsp;Turecku instaloval Chru\u0161\u010dov podobn\u00e9 zbran\u011b na Kub\u011b a spustil t\u00edm karibskou krizi. Jen\u017ee dne\u0161n\u00ed Turecko je siln\u00e9 a nechce hr\u00e1t ciz\u00ed hru. M\u00e1 sv\u00e9 ambice a chce hr\u00e1t svou hru. Co\u017e poc\u00edtilo i Rusko, kdy\u017e mu Turci sest\u0159elili v&nbsp;S\u00fdrii letadlo. Turci maj\u00ed sv\u00e9 z\u00e1jmy v&nbsp;S\u00fdrii a Ir\u00e1ku, sv\u00e9 \u00fa\u010dty s&nbsp;\u0158eckem, sv\u00e9 ambice kolem Kypru. A pod\u0159\u00edzenost v\u016f\u010di USA jim svazuje ruce. Tak si je sebev\u011bdom\u00e9 Turecko rozvazuje a v\u0161ichni to budou muset br\u00e1t na v\u011bdom\u00ed. Z&nbsp;cel\u00e9ho velk\u00e9ho spojenectv\u00ed nyn\u00ed z\u016fst\u00e1v\u00e1 jedna v\u00fdznamn\u00e1 vojensk\u00e1 z\u00e1kladna USA v&nbsp;ji\u017en\u00edm Turecku. Pokud budou cht\u00edt Ameri\u010dan\u00e9 \u0159e\u0161it tureckou \u201eneposlu\u0161nost\u201c silou, vznikne konflikt desetkr\u00e1t nebezpe\u010dn\u011bj\u0161\u00ed, ne\u017e ten kolem S\u00fdrie. Lep\u0161\u00ed bude s&nbsp;Tureckem mluvit a dosp\u011bt k&nbsp;n\u011bjak\u00e9 stabilizaci vztah\u016f. Jako se to povedlo Rusku navzdory ned\u00e1vn\u00e9 eskalaci konfrontace s Tureckem. P\u0159ed Tureckem je t\u0159eba se m\u00edt na pozoru, v&nbsp;n\u011bkter\u00fdch sporn\u00fdch momentech je t\u0159eba d\u00e1t mu najevo jist\u00e9 meze, ale zkou\u0161et ho mistrovat, to u\u017e nem\u016f\u017ee m\u00edt \u00fasp\u011bch.<\/p>\n<p><img decoding=\"async\" src=\"https:\/\/www.viposobnosti.cz\/obrazek\/2\/brexit\/\" alt=\"\" width=\"300\"><\/p>\n<p><strong>Kritiku skl\u00edz\u00ed nejen \u010desk\u00e1, ale i zahrani\u010dn\u00ed, p\u0159edev\u0161\u00edm mainstreamov\u00e1 a ve\u0159ejnopr\u00e1vn\u00ed m\u00e9dia za to, \u017ee neinformuj\u00ed objektivn\u011b. U n\u00e1s je nap\u0159\u00edklad v\u016f\u010di n\u011bkter\u00fdm st\u00e1t\u016fm velmi benevolentn\u00ed \u010cT, v\u016f\u010di jin\u00fdm naopak. Je, podle v\u00e1s, mo\u017en\u00e9, \u017ee tato ve\u0159ejnopr\u00e1vn\u00ed televize bude v&nbsp;z\u00e1\u0159\u00ed z\u0159izovat Studio 38 adekv\u00e1tn\u011b ke Studiu 68 v&nbsp;minul\u00fdch dnech?<\/strong><\/p>\n<p>Nejen \u010cT, cel\u00e1 na\u0161e medi\u00e1ln\u00ed fronta se chov\u00e1 aktivisticky a neobjektivn\u011b. Vytv\u00e1\u0159en\u00ed atmosf\u00e9ry msty a nen\u00e1visti b\u00fdvalo obvykle p\u0159edehrou k&nbsp;v\u00e1lce, zde si ale mysl\u00edm, \u017ee na\u0161e m\u00e9dia a probrusel\u0161t\u00ed politici sp\u00ed\u0161 vedou dom\u00e1c\u00ed boj. D\u011blaly to tak v\u0161echny diktatury, i ty fiktivn\u00ed z&nbsp;knih: naj\u00edt si vn\u011bj\u0161\u00edho nep\u0159\u00edtele, toho d\u00e9monizovat, a pak odpravovat sv\u00e9 dom\u00e1c\u00ed konkurenty obvin\u011bn\u00edm, \u017ee pracuj\u00ed pro toho ciz\u00edho d\u00e9mona. Proto si mysl\u00edm, \u017ee kolem 80. v\u00fdro\u010d\u00ed Mnichovsk\u00e9 dohody bude ticho po p\u011b\u0161in\u011b a nikdo v&nbsp;m\u00e9di\u00edch \u017e\u00e1dn\u00e9 demonstrace p\u0159ed n\u011bmeckou, italskou, francouzskou a britskou ambas\u00e1dou podn\u011bcovat nebude. To jsou p\u0159ece ti hodn\u00ed, kter\u00fdm je neslu\u0161nost n\u011bco p\u0159ipom\u00ednat.<\/p>\n<p><strong>Aktu\u00e1ln\u00ed je nyn\u00ed&nbsp;proces ukon\u010den\u00ed \u010dlenstv\u00ed Spojen\u00e9ho kr\u00e1lovstv\u00ed Velk\u00e9 Brit\u00e1nie a Severn\u00edho Irska v Evropsk\u00e9 unii, tzv. Brexit. K n\u011bmu m\u00e1 doj\u00edt&nbsp;19.3.19. Pokud prob\u011bhne, jak\u00e9 je mo\u017en\u00e9 o\u010dek\u00e1vat dopady?<\/strong><\/p>\n<p>Jsme krmeni propagandou, \u017ee EU nen\u00ed v\u016f\u010di vn\u011bj\u0161\u00edmu sv\u011btu nep\u0159\u00e1telsk\u00e1, \u017ee obchoduje f\u00e9rov\u011b a \u017ee obchodn\u00ed v\u00e1lka v\u016f\u010di EU je nespravedlnost\u00ed. Pak by ov\u0161em brexit nemohl znamenat \u017e\u00e1dnou zm\u011bnu. On ale zm\u011bnu p\u0159inese, p\u0159inejmen\u0161\u00edm na prvn\u00edch 10 let, a to v&nbsp;podob\u011b mnohem hor\u0161\u00edho p\u0159\u00edstupu britsk\u00e9ho zbo\u017e\u00ed na unijn\u00ed trh. Tak\u017ee \u0159e\u010di o f\u00e9rov\u00e9m obchod\u011b EU s&nbsp;ne\u010dlensk\u00fdmi zem\u011bmi jsou jen l\u017e\u00ed. Brit\u00e1nie to ale hladce p\u0159e\u017eije a rozpomene se na sv\u00e9 d\u00e1vn\u00e9 z\u00e1mo\u0159sk\u00e9 trhy. V&nbsp;dlouhodob\u00e9m horizontu to oslab\u00ed v\u00edc EU. Ale bruselsk\u00e9mu veden\u00ed poslou\u017e\u00ed brexit jako vhodn\u00fd stra\u0161\u00e1k a jako z\u00e1minka k&nbsp;utahov\u00e1n\u00ed \u0161roub\u016f.<\/p>\n<p><strong><em>&nbsp;Ladislav Jakl exkluzivn\u011b pro VIPosobnosti.cz<\/em><\/strong><\/p>\n<p><strong><em>Foto: ladislavjakl.cz, archiv VIPosobnosti.cz<\/em><\/strong><\/p>\n<p><a href=\"https:\/\/www.viposobnosti.cz\/inpage\/proc-bude-podle-jakla-kolem-80-vyroci-mnichovske-dohody-ticho\/\">Zdroj<\/a><\/p>\n","protected":false},"excerpt":{"rendered":"<p>Sou\u010dasn\u00fd kandid\u00e1t do Sen\u00e1tu,&nbsp;Ladislav Jakl&nbsp;bude na podzim bojovat na Praze 2 o k\u0159eslo sen\u00e1tora za&nbsp;hnut\u00ed SPD Tomia Okamury. B\u00fdval\u00fd tajemn\u00edk V\u00e1clava Klause r\u00e1d provokuje a&nbsp;sv\u00fdmi vyhran\u011bn\u00fdmi n\u00e1zory se netaj\u00ed. Nejen, \u017ee si t\u00edm p\u0159itahuje pozornost, ale tak\u00e9 nab\u00edz\u00ed jin\u00fd, neot\u0159el\u00fd \u00fahel pohledu. Jak\u00fd dopad na n\u00e1s bude m\u00edt Brexit, \u0159ekl v rozhovoru pro VIPosobnosti.cz.<\/p>\n","protected":false},"author":1,"featured_media":0,"comment_status":"open","ping_status":"open","sticky":false,"template":"","format":"standard","meta":{"ngg_post_thumbnail":0,"footnotes":""},"categories":[22,13],"tags":[],"class_list":["post-9185","post","type-post","status-publish","format-standard","hentry","category-jakl-senator","category-rozhovory"],"_links":{"self":[{"href":"https:\/\/www.ladislavjakl.cz\/index.php?rest_route=\/wp\/v2\/posts\/9185","targetHints":{"allow":["GET"]}}],"collection":[{"href":"https:\/\/www.ladislavjakl.cz\/index.php?rest_route=\/wp\/v2\/posts"}],"about":[{"href":"https:\/\/www.ladislavjakl.cz\/index.php?rest_route=\/wp\/v2\/types\/post"}],"author":[{"embeddable":true,"href":"https:\/\/www.ladislavjakl.cz\/index.php?rest_route=\/wp\/v2\/users\/1"}],"replies":[{"embeddable":true,"href":"https:\/\/www.ladislavjakl.cz\/index.php?rest_route=%2Fwp%2Fv2%2Fcomments&post=9185"}],"version-history":[{"count":1,"href":"https:\/\/www.ladislavjakl.cz\/index.php?rest_route=\/wp\/v2\/posts\/9185\/revisions"}],"predecessor-version":[{"id":9186,"href":"https:\/\/www.ladislavjakl.cz\/index.php?rest_route=\/wp\/v2\/posts\/9185\/revisions\/9186"}],"wp:attachment":[{"href":"https:\/\/www.ladislavjakl.cz\/index.php?rest_route=%2Fwp%2Fv2%2Fmedia&parent=9185"}],"wp:term":[{"taxonomy":"category","embeddable":true,"href":"https:\/\/www.ladislavjakl.cz\/index.php?rest_route=%2Fwp%2Fv2%2Fcategories&post=9185"},{"taxonomy":"post_tag","embeddable":true,"href":"https:\/\/www.ladislavjakl.cz\/index.php?rest_route=%2Fwp%2Fv2%2Ftags&post=9185"}],"curies":[{"name":"wp","href":"https:\/\/api.w.org\/{rel}","templated":true}]}}