{"id":9187,"date":"2018-08-30T14:42:50","date_gmt":"2018-08-30T12:42:50","guid":{"rendered":"http:\/\/www.ladislavjakl.cz\/?p=9187"},"modified":"2018-08-31T08:53:26","modified_gmt":"2018-08-31T06:53:26","slug":"ladislav-jakl-zahajil-kampan-setkanim-se-svymi-podporovateli-z-akce-d-o-s-t","status":"publish","type":"post","link":"https:\/\/www.ladislavjakl.cz\/?p=9187","title":{"rendered":"Ladislav Jakl zah\u00e1jil kampa\u0148 setk\u00e1n\u00edm se sv\u00fdmi podporovateli z Akce D.O.S.T."},"content":{"rendered":"<p>Ladislav Jakl zah\u00e1jil v pond\u011bl\u00ed 27. srpna svoji kampa\u0148 do leto\u0161n\u00edch sen\u00e1tn\u00edch voleb v obvodu Praha 2 setk\u00e1n\u00edm se sv\u00fdmi podporovateli z \u0159ad Akce D.O.S.T. V Praze na Novotn\u00e9ho l\u00e1vce zd\u016fraznil, \u017ee se chce soust\u0159edit p\u0159edev\u0161\u00edm na kontaktn\u00ed kampa\u0148 a oslovit ob\u010dany se sv\u00fdmi \u010dty\u0159mi prioritami, kter\u00e9 chce v Sen\u00e1tu prosadit.<\/p>\n<p><!--more--><\/p>\n<p><a href=\"http:\/\/www.vlasteneckenoviny.cz\/wp-content\/uploads\/2018\/08\/Ladislav-Jakl-do-Sen%C3%A1tu.jpg\"><img loading=\"lazy\" decoding=\"async\" class=\"alignnone wp-image-206007\" src=\"http:\/\/www.vlasteneckenoviny.cz\/wp-content\/uploads\/2018\/08\/Ladislav-Jakl-do-Sen%C3%A1tu.jpg\" alt=\"\" width=\"517\" height=\"355\"><\/a><\/p>\n<p>P\u0159edev\u0161\u00edm se jedn\u00e1 o jasn\u00e9 NE dal\u0161\u00ed bruselsk\u00e9 centralizaci, NE masov\u00e9 imigraci, NE dal\u0161\u00edm z\u00e1kaz\u016fm a ANO svobod\u011b \u010dlov\u011bka.<\/p>\n<p>Hudebn\u00edka, publicistu a b\u00fdval\u00e9ho \u0159editele politick\u00e9ho odboru Kancel\u00e1\u0159e prezidenta republiky V\u00e1clava Klause nominovala do sen\u00e1tn\u00edho kl\u00e1n\u00ed SPD a krom\u011b Akce D.O.S.T. jej podporuje i pra\u017esk\u00e1 organizace Svobodn\u00fdch a \u0159ada dal\u0161\u00edch osobnost\u00ed, jako je exprezident V\u00e1clav Klaus a poslanec za ODS V\u00e1clav Klaus ml.<\/p>\n<p>Pokud by se cht\u011bl n\u011bkdo zapojit mezi dobrovoln\u00edky a pomoci Ladislavu Jaklovi v kampani p\u0159ed sen\u00e1tn\u00edmi volbami, m\u016f\u017ee tak u\u010dinit na mailu&nbsp;akce-dost@seznam.cz&nbsp;nebo na telefonu 737 461 817.<\/p>\n<p><a href=\"http:\/\/www.vlasteneckenoviny.cz\/?p=206006\">Zdroj<\/a><\/p>\n","protected":false},"excerpt":{"rendered":"<p>Ladislav Jakl zah\u00e1jil v pond\u011bl\u00ed 27. srpna svoji kampa\u0148 do leto\u0161n\u00edch sen\u00e1tn\u00edch voleb v obvodu Praha 2 setk\u00e1n\u00edm se sv\u00fdmi podporovateli z \u0159ad Akce D.O.S.T. V Praze na Novotn\u00e9ho l\u00e1vce zd\u016fraznil, \u017ee se chce soust\u0159edit p\u0159edev\u0161\u00edm na kontaktn\u00ed kampa\u0148 a oslovit ob\u010dany se sv\u00fdmi \u010dty\u0159mi prioritami, kter\u00e9 chce v Sen\u00e1tu prosadit.<\/p>\n","protected":false},"author":1,"featured_media":0,"comment_status":"open","ping_status":"open","sticky":false,"template":"","format":"standard","meta":{"ngg_post_thumbnail":0,"footnotes":""},"categories":[22,11],"tags":[],"class_list":["post-9187","post","type-post","status-publish","format-standard","hentry","category-jakl-senator","category-ozvena"],"_links":{"self":[{"href":"https:\/\/www.ladislavjakl.cz\/index.php?rest_route=\/wp\/v2\/posts\/9187","targetHints":{"allow":["GET"]}}],"collection":[{"href":"https:\/\/www.ladislavjakl.cz\/index.php?rest_route=\/wp\/v2\/posts"}],"about":[{"href":"https:\/\/www.ladislavjakl.cz\/index.php?rest_route=\/wp\/v2\/types\/post"}],"author":[{"embeddable":true,"href":"https:\/\/www.ladislavjakl.cz\/index.php?rest_route=\/wp\/v2\/users\/1"}],"replies":[{"embeddable":true,"href":"https:\/\/www.ladislavjakl.cz\/index.php?rest_route=%2Fwp%2Fv2%2Fcomments&post=9187"}],"version-history":[{"count":2,"href":"https:\/\/www.ladislavjakl.cz\/index.php?rest_route=\/wp\/v2\/posts\/9187\/revisions"}],"predecessor-version":[{"id":9189,"href":"https:\/\/www.ladislavjakl.cz\/index.php?rest_route=\/wp\/v2\/posts\/9187\/revisions\/9189"}],"wp:attachment":[{"href":"https:\/\/www.ladislavjakl.cz\/index.php?rest_route=%2Fwp%2Fv2%2Fmedia&parent=9187"}],"wp:term":[{"taxonomy":"category","embeddable":true,"href":"https:\/\/www.ladislavjakl.cz\/index.php?rest_route=%2Fwp%2Fv2%2Fcategories&post=9187"},{"taxonomy":"post_tag","embeddable":true,"href":"https:\/\/www.ladislavjakl.cz\/index.php?rest_route=%2Fwp%2Fv2%2Ftags&post=9187"}],"curies":[{"name":"wp","href":"https:\/\/api.w.org\/{rel}","templated":true}]}}