{"id":919,"date":"2011-04-15T09:18:45","date_gmt":"2011-04-15T08:18:45","guid":{"rendered":"http:\/\/www.ladislavjakl.cz\/?p=919"},"modified":"2011-04-15T09:18:45","modified_gmt":"2011-04-15T08:18:45","slug":"martin-jan-stransky-je-hulvat-a-lhar","status":"publish","type":"post","link":"https:\/\/www.ladislavjakl.cz\/?p=919","title":{"rendered":"Martin Jan Str\u00e1nsk\u00fd je hulv\u00e1t a lh\u00e1\u0159"},"content":{"rendered":"<p>L\u00e9ka\u0159 Martin Jan Str\u00e1nsk\u00fd je \u010dlov\u011bk, kter\u00fd se po\u0159\u00e1d  n\u011bkam cpe a po\u0159\u00e1d se mu to neda\u0159\u00ed. A \u010d\u00edm v\u00edce nezdar\u016f za\u017e\u00edv\u00e1, t\u00edm v\u00edce  agresivity vkl\u00e1d\u00e1 do ka\u017ed\u00e9ho sv\u00e9ho pokusu prosadit se. Posu\u010fte sami.<\/p>\n<p><!--more--><\/p>\n<div>\n<p>Pokou\u0161el se prosadit mezi  \u00fasp\u011b\u0161n\u00e9 vydavatele s\u00a0\u010dasopisem P\u0159\u00edtomnost a dnes po tom periodiku pes  ne\u0161t\u011bkne. Pokou\u0161el se prosadit jako prezident \u010cesk\u00e9 l\u00e9ka\u0159sk\u00e9 komory a  tak\u00e9 mu to n\u011bjak nevy\u0161lo. Pokou\u0161el se dostat do Sen\u00e1tu horem dolem a  po\u0159\u00e1d nic, voli\u010di si ho ani nev\u0161imli. I do vl\u00e1dy se pokou\u0161el vet\u0159\u00edt a  myslel si, \u017ee mu k\u00a0tomu pom\u016f\u017ee funkce st\u00ednov\u00e9ho ministra zdravotnictv\u00ed  za vskutku perspektivn\u00ed podnik V\u011bci ve\u0159ejn\u00e9. A zas nic.<\/p>\n<p>O to je ve sv\u00fdch ve\u0159ejn\u00fdch v\u00fdroc\u00edch hultv\u00e1t\u0161t\u011bj\u0161\u00ed, o to v\u00edce a  bezosty\u0161n\u011bji l\u017ee. Ve sv\u00e9m \u010dl\u00e1nku, kter\u00e9 mu otisky jedny noviny a vydal  jeden internetov\u00fd server (odkaz d\u00e1vat nebudu, otrlej\u0161\u00ed si to najdou  sami), l\u017ee natolik, \u017ee se mu a\u017e z\u00a0\u00fast pr\u00e1\u0161\u00ed. P\u00ed\u0161e: \u201eosobn\u011b jsem p\u0159ed  rokem s panem Ladislavem Jaklem z Hradu komunikoval prost\u0159ednictv\u00edm  elektronick\u00e9 po\u0161ty a adresa byla automaticky ulo\u017eena v m\u00e9m po\u010d\u00edta\u010di. A  ejhle &#8211; je to <strong><a href=\"mailto:jakl@volny.cz\">jakl@volny.cz<\/a><\/strong>.\u201c<\/p>\n<p>Jen\u017ee on se mnou osobn\u011b prost\u0159ednictv\u00edm takov\u00e9 adresy nikdy  nekomunikoval. Tu adresu nezn\u00e1m, nikdy jsem ji nepou\u017e\u00edval a ve\u0159ejn\u011b jsem  to i sd\u011blil. Nev\u00edm, jak\u00fd d\u016fvod bych m\u011bl k\u00a0tomu, abych se nehl\u00e1sit  k\u00a0n\u011bjak\u00e9 sv\u00e9 korespondenci. Nav\u00edc to jde asi lehce technicky ov\u011b\u0159it a  dop\u00e1trat. Pan Str\u00e1nsk\u00fd toto m\u00e9 sd\u011blen\u00ed znal, ale rozhodl se, \u017ee bude  svou le\u017e \u0161\u00ed\u0159it stejn\u011b. Jen proto, aby o mne mohl napsal, \u017ee jsem lh\u00e1\u0159.  Bez jak\u00e9hokoli d\u016fkazu. A s\u00e1m se tak lh\u00e1\u0159em stal.<\/p>\n<p>Dokonce o mn\u011b napsal, \u017ee jsem \u201evyrazil jako pes naka\u017een\u00fd vzteklinou\u2026  po\u0159\u00e1dn\u011b pokousat\u201c jednoho jeho kolegu. Aby vylou\u010dil pochybnosti, zda  sv\u016fj v\u00fdrok mysl\u00ed v\u00a0nads\u00e1zce, dod\u00e1v\u00e1: \u201ene\u0159\u00edk\u00e1m to metaforicky\u201c. No, jsem  \u010dlov\u011bk ob\u010das i v\u00fdst\u0159edn\u00ed, ale rozhodn\u011b jsem nikdy nevyrazil nikoho  pokousat. U\u017e proto, \u017ee lid\u00e9, kte\u0159\u00ed by si to eventu\u00e1ln\u011b i zaslou\u017eili, by  mi rozhodn\u011b nechutnali. Fuj, dejte pokoj.<\/p>\n<p>P\u0159\u00e1l bych panu Str\u00e1nsk\u00e9mu kone\u010dn\u011b aspo\u0148 trochu \u00fasp\u011bchu, aby se  kone\u010dn\u011b u\u017e n\u011bkam vecpal. Jinak bude otravovat ve\u0159ejnou diskusi st\u00e1le  neomalen\u011bji. N\u011bjak si neum\u00edm p\u0159edstavit, \u017ee by se n\u011bkdo dal vy\u0161et\u0159it \u010di  l\u00e9\u010dit doktorem, kter\u00fd ve\u0159ejn\u011b l\u017ee a je sprost\u00fd. Tak u\u017e mu dejte n\u011bjakou  funkci, a\u0165 se p\u0159estane tr\u00e1pit.<\/p>\n<p><a href=\"http:\/\/jakl.blog.idnes.cz\/c\/185952\/Martin-Jan-Stransky-je-hulvat-a-lhar.html\" target=\"_blank\">Zdroj<\/a><\/div>\n","protected":false},"excerpt":{"rendered":"<p>L\u00e9ka\u0159 Martin Jan Str\u00e1nsk\u00fd je \u010dlov\u011bk, kter\u00fd se po\u0159\u00e1d n\u011bkam cpe a po\u0159\u00e1d se mu to neda\u0159\u00ed. A \u010d\u00edm v\u00edce nezdar\u016f za\u017e\u00edv\u00e1, t\u00edm v\u00edce agresivity vkl\u00e1d\u00e1 do ka\u017ed\u00e9ho sv\u00e9ho pokusu prosadit se. Posu\u010fte sami.<\/p>\n","protected":false},"author":1,"featured_media":0,"comment_status":"open","ping_status":"open","sticky":false,"template":"","format":"standard","meta":{"ngg_post_thumbnail":0,"footnotes":""},"categories":[6],"tags":[],"class_list":["post-919","post","type-post","status-publish","format-standard","hentry","category-co-jsem-nerekl"],"_links":{"self":[{"href":"https:\/\/www.ladislavjakl.cz\/index.php?rest_route=\/wp\/v2\/posts\/919","targetHints":{"allow":["GET"]}}],"collection":[{"href":"https:\/\/www.ladislavjakl.cz\/index.php?rest_route=\/wp\/v2\/posts"}],"about":[{"href":"https:\/\/www.ladislavjakl.cz\/index.php?rest_route=\/wp\/v2\/types\/post"}],"author":[{"embeddable":true,"href":"https:\/\/www.ladislavjakl.cz\/index.php?rest_route=\/wp\/v2\/users\/1"}],"replies":[{"embeddable":true,"href":"https:\/\/www.ladislavjakl.cz\/index.php?rest_route=%2Fwp%2Fv2%2Fcomments&post=919"}],"version-history":[{"count":1,"href":"https:\/\/www.ladislavjakl.cz\/index.php?rest_route=\/wp\/v2\/posts\/919\/revisions"}],"predecessor-version":[{"id":920,"href":"https:\/\/www.ladislavjakl.cz\/index.php?rest_route=\/wp\/v2\/posts\/919\/revisions\/920"}],"wp:attachment":[{"href":"https:\/\/www.ladislavjakl.cz\/index.php?rest_route=%2Fwp%2Fv2%2Fmedia&parent=919"}],"wp:term":[{"taxonomy":"category","embeddable":true,"href":"https:\/\/www.ladislavjakl.cz\/index.php?rest_route=%2Fwp%2Fv2%2Fcategories&post=919"},{"taxonomy":"post_tag","embeddable":true,"href":"https:\/\/www.ladislavjakl.cz\/index.php?rest_route=%2Fwp%2Fv2%2Ftags&post=919"}],"curies":[{"name":"wp","href":"https:\/\/api.w.org\/{rel}","templated":true}]}}