{"id":9190,"date":"2018-08-30T14:45:16","date_gmt":"2018-08-30T12:45:16","guid":{"rendered":"http:\/\/www.ladislavjakl.cz\/?p=9190"},"modified":"2018-08-30T14:45:16","modified_gmt":"2018-08-30T12:45:16","slug":"doporuceni-akce-d-o-s-t-k-senatnim-volbam-2018","status":"publish","type":"post","link":"https:\/\/www.ladislavjakl.cz\/?p=9190","title":{"rendered":"Doporu\u010den\u00ed Akce D.O.S.T. k sen\u00e1tn\u00edm volb\u00e1m 2018"},"content":{"rendered":"<p>Stalo se ji\u017e tradic\u00ed, \u017ee v \u010dase p\u0159ed volbami do Sen\u00e1tu \u010cR doporu\u010duje Akce D.O.S.T. kandid\u00e1ty, kte\u0159\u00ed ve sv\u00e9 politick\u00e9 \u010dinnosti h\u00e1j\u00ed n\u011bkter\u00e9 z hodnot, k nim\u017e se hl\u00e1s\u00edme.&nbsp;V sen\u00e1tn\u00edch volb\u00e1ch jde sp\u00ed\u0161e o konkr\u00e9tn\u00ed osobnosti kandid\u00e1t\u016f, ne\u017e o jejich stranickou p\u0159\u00edslu\u0161nost.&nbsp;<\/p>\n<p><!--more--><\/p>\n<p>Vzhledem k tomu, \u017ee jsme p\u0159ed posledn\u00edmi volbami do Poslaneck\u00e9 sn\u011bmovny \u010cR nav\u00e1zali bli\u017e\u0161\u00ed spolupr\u00e1ci s SPD, kandiduje v\u011bt\u0161ina n\u00e1mi doporu\u010den\u00fdch osobnost\u00ed s podporou pr\u00e1v\u011b t\u00e9to strany.<\/p>\n<p>V&nbsp;leto\u0161n\u00edch sen\u00e1tn\u00edch volb\u00e1ch kandiduj\u00ed i t\u0159i signat\u00e1\u0159i Manifestu D.O.S.T. V\u0161ichni t\u0159i jsou nestran\u00edci, nominovan\u00ed SPD. Je proto logick\u00e9, \u017ee chceme aktivn\u011b podpo\u0159it pr\u00e1v\u011b tyto t\u0159i \u201edos\u0165\u00e1ky\u201c, kte\u0159\u00ed jdou za na\u0161i v\u011bc s&nbsp;k\u016f\u017e\u00ed na trh.&nbsp;&nbsp;<\/p>\n<p>V obvodu&nbsp;<strong>Praha 2<\/strong>&nbsp;je to hudebn\u00edk, publicista a b\u00fdval\u00fd \u0159editel politick\u00e9ho odboru Kancel\u00e1\u0159e prezidenta republiky V\u00e1clava Klause&nbsp;<strong>Ladislav Jakl<\/strong>, v&nbsp;obvodu Mlad\u00e1 Boleslav je to p\u00edsni\u010dk\u00e1\u0159&nbsp;<strong>Pepa Nos<\/strong>&nbsp;a na Ji\u017en\u00ed Morav\u011b v&nbsp;obvodu B\u0159eclav bude barvy D.O.S.T. h\u00e1jit pr\u00e1vn\u00edk JUDr.&nbsp;<strong>Richard Nov\u00e1k<\/strong>.<\/p>\n<p>Po \u010d\u00e1ste\u010dn\u00e9m ne\u00fasp\u011bchu \u201ePra\u017esk\u00e9 kav\u00e1rny\u201c v&nbsp;podzimn\u00edch volb\u00e1ch do Sn\u011bmovny se stal hlavn\u00ed ba\u0161tou proimigra\u010dn\u00edch a probruselsk\u00fdch sil pr\u00e1v\u011b Sen\u00e1t. T\u00edm roste v\u00fdznam leto\u0161n\u00edch sen\u00e1tn\u00edch voleb i v\u00fdb\u011bru rozumn\u00fdch kandid\u00e1t\u016f nap\u0159\u00ed\u010d politick\u00fdm spektrem.<\/p>\n<p>Na\u0161e podpora pochopiteln\u011b neznamen\u00e1, \u017ee se s vybran\u00fdmi kandid\u00e1ty shodneme ve v\u0161em. Jde o to podpo\u0159it takov\u00e9 osobnosti, o kter\u00fdch se lze d\u016fvodn\u011b domn\u00edvat, \u017ee neustoup\u00ed n\u00e1tlaku sil, podporuj\u00edc\u00edch \u0159\u00edzenou migraci do Evropy a dal\u0161\u00ed demont\u00e1\u017e na\u0161\u00ed st\u00e1tn\u00ed svrchovanosti a n\u00e1rodn\u00ed identity.<\/p>\n<p>&nbsp;<\/p>\n<p>Poj\u010fme jim d\u00e1t sv\u016fj hlas!<\/p>\n<p>&nbsp;<\/p>\n<p>V Praze 28. srpna 2018<\/p>\n<p><strong>&nbsp;<\/strong><\/p>\n<p><strong>Seznam kandid\u00e1t\u016f do sen\u00e1tn\u00edch voleb v&nbsp;roce 2018 podporovan\u00fdch Akc\u00ed D.O.S.T.<\/strong><\/p>\n<p><strong>&nbsp;<\/strong><\/p>\n<p><strong>&nbsp;<\/strong><\/p>\n<p><strong>Volebn\u00ed obvod \u010d. 2 \u2013 Sokolov<\/strong><\/p>\n<p>&nbsp;<\/p>\n<p>Petr Nimrichter (SPD)<\/p>\n<p><strong>&nbsp;<\/strong><\/p>\n<p><strong>Volebn\u00ed obvod \u010d. 5 \u2013 Chomutov<\/strong><\/p>\n<p>&nbsp;<\/p>\n<p>Elv\u00edra Hahnov\u00e1 (SPD)<\/p>\n<p><strong>&nbsp;<\/strong><\/p>\n<p><strong>Volebn\u00ed obvod \u010d. 8 \u2013 Rokycany<\/strong><\/p>\n<p>&nbsp;<\/p>\n<p>David Redl (SPD)<\/p>\n<p><strong>&nbsp;<\/strong><\/p>\n<p><strong>Volebn\u00ed obvod \u010d. 11 \u2013 Doma\u017elice<\/strong><\/p>\n<p>&nbsp;<\/p>\n<p>Milan Obdr\u017e\u00e1lek (SPD)<\/p>\n<p><strong>&nbsp;<\/strong><\/p>\n<p><strong>Volebn\u00ed obvod \u010d. 14 \u2013 \u010cesk\u00e9 Bud\u011bjovice<\/strong><\/p>\n<p>&nbsp;<\/p>\n<p>Lubom\u00edr P\u00e1na (SPD)<\/p>\n<p><strong>&nbsp;<\/strong><\/p>\n<p><strong>Volebn\u00ed obvod \u010d. 17 \u2013 Praha 12<\/strong><\/p>\n<p>&nbsp;<\/p>\n<p>Ivan David (SPD)<\/p>\n<p><strong>&nbsp;<\/strong><\/p>\n<p><strong>Volebn\u00ed obvod \u010d. 20 \u2013 Praha 4<\/strong><\/p>\n<p>&nbsp;<\/p>\n<p>Benjamin Kuras (Realist\u00e9)<\/p>\n<p><strong>&nbsp;<\/strong><\/p>\n<p><strong>Volebn\u00ed obvod \u010d. 23 \u2013 Praha 8<\/strong><\/p>\n<p>&nbsp;<\/p>\n<p>Lud\u011bk Kula (SPD)<\/p>\n<p><strong>&nbsp;<\/strong><\/p>\n<p><strong>Volebn\u00ed obvod \u010d. 26 \u2013 Praha 2<\/strong><\/p>\n<p>&nbsp;<\/p>\n<p>Ladislav Jakl (SPD)<\/p>\n<p><strong>&nbsp;<\/strong><\/p>\n<p><strong>Volebn\u00ed obvod \u010d. 29 \u2013 Litom\u011b\u0159ice<\/strong><\/p>\n<p>&nbsp;<\/p>\n<p>Josef Dobe\u0161 (Nez\u00e1visl\u00fd)<\/p>\n<p><strong>&nbsp;<\/strong><\/p>\n<p><strong>Volebn\u00ed obvod \u010d. 32 \u2013 Teplice<\/strong><\/p>\n<p>&nbsp;<\/p>\n<p>Jan Zahradn\u00ed\u010dek (SPD)<\/p>\n<p><strong>&nbsp;<\/strong><\/p>\n<p><strong>Volebn\u00ed obvod \u010d. 35 \u2013 Jablonec nad Nisou<\/strong><\/p>\n<p>&nbsp;<\/p>\n<p>Michal \u0160varc (SPD)<\/p>\n<p><strong>&nbsp;<\/strong><\/p>\n<p><strong>Volebn\u00ed obvod \u010d. 38 \u2013 Mlad\u00e1 Boleslav<\/strong><\/p>\n<p>&nbsp;<\/p>\n<p>Josef Nos (SPD)<\/p>\n<p><strong>&nbsp;<\/strong><\/p>\n<p><strong>Volebn\u00ed obvod \u010d. 41 \u2013 Bene\u0161ov<\/strong><\/p>\n<p>&nbsp;<\/p>\n<p>Miroslav K\u0159e\u010dek (SPD)<\/p>\n<p><strong>&nbsp;<\/strong><\/p>\n<p><strong>Volebn\u00ed obvod \u010d. 44 \u2013 Chrudim<\/strong><\/p>\n<p>&nbsp;<\/p>\n<p>Hynek Bla\u0161ko (SPD)<\/p>\n<p><strong>&nbsp;<\/strong><\/p>\n<p><strong>Volebn\u00ed obvod \u010d. 47 \u2013 N\u00e1chod<\/strong><\/p>\n<p>&nbsp;<\/p>\n<p>Andrea Pajgerov\u00e1 (SPD)<\/p>\n<p><strong>&nbsp;<\/strong><\/p>\n<p><strong>Volebn\u00ed obvod \u010d. 50 \u2013 Svitavy<\/strong><\/p>\n<p>&nbsp;<\/p>\n<p>Josef Krp\u00e1lek (SPD)<\/p>\n<p><strong>&nbsp;<\/strong><\/p>\n<p><strong>Volebn\u00ed obvod \u010d. 53 \u2013 T\u0159eb\u00ed\u010d<\/strong><\/p>\n<p>&nbsp;<\/p>\n<p>Petr Paul (SPD)<\/p>\n<p><strong>&nbsp;<\/strong><\/p>\n<p><strong>Volebn\u00ed obvod \u010d. 56 \u2013 B\u0159eclav<\/strong><\/p>\n<p>&nbsp;<\/p>\n<p>Richard Nov\u00e1k (SPD)<\/p>\n<p><strong>&nbsp;<\/strong><\/p>\n<p><strong>Volebn\u00ed obvod \u010d. 59 \u2013 Brno \u2013 m\u011bsto<\/strong><\/p>\n<p>&nbsp;<\/p>\n<p>Karel Schmeidler (SPD)<\/p>\n<p><strong>&nbsp;<\/strong><\/p>\n<p><strong>Volebn\u00ed obvod \u010d. 62 \u2013 Prost\u011bjov<\/strong><\/p>\n<p>&nbsp;<\/p>\n<p>Jitka Chal\u00e1nkov\u00e1 (Nez\u00e1visl\u00e1)<\/p>\n<p><strong>&nbsp;<\/strong><\/p>\n<p><strong>Volebn\u00ed obvod \u010d. 65 \u2013 \u0160umperk<\/strong><\/p>\n<p>&nbsp;<\/p>\n<p>Tom\u00e1\u0161 Hauzner (SPD)<\/p>\n<p><strong>&nbsp;<\/strong><\/p>\n<p><strong>Volebn\u00ed obvod \u010d. 68 \u2013 Opava<\/strong><\/p>\n<p>&nbsp;<\/p>\n<p>Kamil B\u011brsk\u00fd (SPD)<\/p>\n<p><strong>&nbsp;<\/strong><\/p>\n<p><strong>Volebn\u00ed obvod \u010d. 71 \u2013 Ostrava \u2013 m\u011bsto<\/strong><\/p>\n<p>&nbsp;<\/p>\n<p>Martin Konvi\u010dka (Nez\u00e1visl\u00ed)<\/p>\n<p><strong>&nbsp;<\/strong><\/p>\n<p><strong>Volebn\u00ed obvod \u010d. 74 \u2013 Karvin\u00e1<\/strong><\/p>\n<p>&nbsp;<\/p>\n<p>Bohdan Kufa (SPD)<\/p>\n<p><strong>&nbsp;<\/strong><\/p>\n<p><strong>Volebn\u00ed obvod \u010d. 77 \u2013 Vset\u00edn<\/strong><\/p>\n<p>&nbsp;<\/p>\n<p>Radek Vraj (SPD)<\/p>\n<p><strong>&nbsp;<\/strong><\/p>\n<p><strong>Volebn\u00ed obvod \u010d. 80 \u2013 Zl\u00edn<\/strong><\/p>\n<p>&nbsp;<\/p>\n<p>Radek Henner (SPD)<\/p>\n<p><a href=\"http:\/\/www.czechfreepress.cz\/vase-free-zona\/doporuceni-akce-d-o-s-t-k-senatnim-volbam-2018.html\">Zdroj<\/a><\/p>\n","protected":false},"excerpt":{"rendered":"<p>Stalo se ji\u017e tradic\u00ed, \u017ee v \u010dase p\u0159ed volbami do Sen\u00e1tu \u010cR doporu\u010duje Akce D.O.S.T. kandid\u00e1ty, kte\u0159\u00ed ve sv\u00e9 politick\u00e9 \u010dinnosti h\u00e1j\u00ed n\u011bkter\u00e9 z hodnot, k nim\u017e se hl\u00e1s\u00edme.&nbsp;V sen\u00e1tn\u00edch volb\u00e1ch jde sp\u00ed\u0161e o konkr\u00e9tn\u00ed osobnosti kandid\u00e1t\u016f, ne\u017e o jejich stranickou p\u0159\u00edslu\u0161nost.&nbsp;<\/p>\n","protected":false},"author":1,"featured_media":0,"comment_status":"open","ping_status":"open","sticky":false,"template":"","format":"standard","meta":{"ngg_post_thumbnail":0,"footnotes":""},"categories":[11],"tags":[],"class_list":["post-9190","post","type-post","status-publish","format-standard","hentry","category-ozvena"],"_links":{"self":[{"href":"https:\/\/www.ladislavjakl.cz\/index.php?rest_route=\/wp\/v2\/posts\/9190","targetHints":{"allow":["GET"]}}],"collection":[{"href":"https:\/\/www.ladislavjakl.cz\/index.php?rest_route=\/wp\/v2\/posts"}],"about":[{"href":"https:\/\/www.ladislavjakl.cz\/index.php?rest_route=\/wp\/v2\/types\/post"}],"author":[{"embeddable":true,"href":"https:\/\/www.ladislavjakl.cz\/index.php?rest_route=\/wp\/v2\/users\/1"}],"replies":[{"embeddable":true,"href":"https:\/\/www.ladislavjakl.cz\/index.php?rest_route=%2Fwp%2Fv2%2Fcomments&post=9190"}],"version-history":[{"count":1,"href":"https:\/\/www.ladislavjakl.cz\/index.php?rest_route=\/wp\/v2\/posts\/9190\/revisions"}],"predecessor-version":[{"id":9191,"href":"https:\/\/www.ladislavjakl.cz\/index.php?rest_route=\/wp\/v2\/posts\/9190\/revisions\/9191"}],"wp:attachment":[{"href":"https:\/\/www.ladislavjakl.cz\/index.php?rest_route=%2Fwp%2Fv2%2Fmedia&parent=9190"}],"wp:term":[{"taxonomy":"category","embeddable":true,"href":"https:\/\/www.ladislavjakl.cz\/index.php?rest_route=%2Fwp%2Fv2%2Fcategories&post=9190"},{"taxonomy":"post_tag","embeddable":true,"href":"https:\/\/www.ladislavjakl.cz\/index.php?rest_route=%2Fwp%2Fv2%2Ftags&post=9190"}],"curies":[{"name":"wp","href":"https:\/\/api.w.org\/{rel}","templated":true}]}}